{"id":3459,"date":"2025-08-20T10:25:17","date_gmt":"2025-08-20T10:25:17","guid":{"rendered":"https:\/\/www.mallandmotto.com\/?p=3459"},"modified":"2025-08-20T10:25:19","modified_gmt":"2025-08-20T10:25:19","slug":"is-sanat-anadolu-sergileri-kocatepede","status":"publish","type":"post","link":"https:\/\/www.mallandmotto.com\/index.php\/2025\/08\/20\/is-sanat-anadolu-sergileri-kocatepede\/","title":{"rendered":"\u0130\u015f Sanat Anadolu Sergileri Kocatepe\u2019de"},"content":{"rendered":"\n<h3 class=\"wp-block-heading\"><strong>B\u00fcy\u00fck Taarruz\u2019un 103. y\u0131ld\u00f6n\u00fcm\u00fcnde T\u00fcrkiye \u0130\u015f Bankas\u0131\u2019n\u0131n Sanat Eserleri Koleksiyonu\u2019ndaki Atat\u00fcrk portreleri ve B\u00fcy\u00fck Zaferimizi betimleyen eserler sergilenecek.<\/strong><\/h3>\n\n\n\n<p>\u0130\u015f Sanat, T\u00fcrkiye \u0130\u015f Bankas\u0131 Sanat Eserleri Koleksiyonu\u2019ndan yapt\u0131\u011f\u0131 \u00f6zel se\u00e7kileri Anadolu\u2019daki sanatseverlerle payla\u015fmay\u0131 s\u00fcrd\u00fcr\u00fcyor. Anadolu Sergileri\u2019nin yeni se\u00e7kisi&nbsp;<strong>\u201cB\u00fcy\u00fck Zafer\u201d<\/strong>, 23-24 A\u011fustos tarihlerinde \u0130\u015f Bankas\u0131&nbsp;<strong>Kocatepe \u015eubesi<\/strong>\u2019nde sergilenecek.<\/p>\n\n\n\n<p>26 A\u011fustos 1922 sabah\u0131 Kocatepe\u2019den ba\u015flayan ve Mustafa Kemal Pa\u015fa\u2019n\u0131n ba\u015fkumandanl\u0131\u011f\u0131nda kazan\u0131lan B\u00fcy\u00fck Taarruz\u2019un 103. y\u0131ld\u00f6n\u00fcm\u00fc nedeniyle Kocatepe \u015eubesi\u2019nde sanatseverlerin be\u011fenisine sunulacak \u201cB\u00fcy\u00fck Zafer\u201d se\u00e7kisinde, T\u00fcrkiye \u0130\u015f Bankas\u0131&#8217;n\u0131n Sanat Eserleri Koleksiyonu\u2019nda yer alan Atat\u00fcrk portrelerine, B\u00fcy\u00fck Zafer\u2019i betimleyen eserler e\u015flik edecek.<\/p>\n\n\n\n<p>Sanat tarihimizin ve 1914 Ku\u015fa\u011f\u0131\u2019n\u0131n g\u00fc\u00e7l\u00fc portre ustalar\u0131ndan&nbsp;<strong>Feyhaman Duran<\/strong>\u2019\u0131n yan\u0131 s\u0131ra, puslu ve mistik etkili peyzajlar\u0131yla tan\u0131nan&nbsp;<strong>Ayetullah S\u00fcmer<\/strong>; \u00f6zellikle Atat\u00fcrk portreleriyle \u00f6ne \u00e7\u0131kan&nbsp;<strong>Nusret Karaca<\/strong>&nbsp;ve&nbsp;<strong>Rahmi Pehlivanl\u0131<\/strong>, Kurtulu\u015f Sava\u015f\u0131\u2019nda Ah\u0131r Da\u011f\u0131 Taarruzu\u2019nu betimleyen&nbsp;<strong>Ziya Duru<\/strong>&nbsp;ile g\u00fcn\u00fcm\u00fcz\u00fcn etkili heykelt\u0131ra\u015flar\u0131ndan&nbsp;<strong>Mehmet Aksoy<\/strong>\u2019un eserleri sergide yer alacak.<\/p>\n\n\n\n<p><strong>Ortak K\u00fclt\u00fcrel Miras\u0131m\u0131z Anadolu\u2019da<\/strong><\/p>\n\n\n\n<p>Anadolu Sergileri, estetik nitelikleriyle oldu\u011fu kadar, tarihsel ve k\u00fclt\u00fcrel tan\u0131kl\u0131klar\u0131yla da b\u00fcy\u00fck bir \u00f6nem ta\u015f\u0131yan sanat eserlerinin \u00fclkemizin her k\u00f6\u015fesinde eri\u015filebilir olmas\u0131n\u0131 ama\u00e7l\u0131yor. \u0130\u015f Bankas\u0131 \u015fubelerini ge\u00e7ici sanat mek\u00e2nlar\u0131na d\u00f6n\u00fc\u015ft\u00fcren Anadolu Sergileri\u2019nin \u00f6zenle haz\u0131rlanan se\u00e7kileri, \u00e7ocuk at\u00f6lyeleri ve uzman sanat tarih\u00e7ilerinin anlat\u0131m\u0131yla desteklenerek kapsay\u0131c\u0131 bir sanat deneyimi yarat\u0131yor.<\/p>\n\n\n\n<p>Anadolu Sergileri\u2019nin ilk dura\u011f\u0131,&nbsp;<strong>\u0130brahim \u00c7all\u0131<\/strong>\u2019n\u0131n eserlerinin sergilendi\u011fi Denizli\u2019nin \u00c7al il\u00e7esi oldu. Bedri Rahmi Ey\u00fcbo\u011flu, Turan Erol ve Yal\u00e7\u0131n G\u00f6k\u00e7eba\u011f\u2019\u0131n resimlerinden olu\u015fan&nbsp;<strong>Hocalar ve \u00d6\u011frenciler&nbsp;<\/strong>se\u00e7kisi Mu\u011fla\u2019n\u0131n Milas il\u00e7esinde sergilendi. T\u00fcrkiye \u0130\u015f Bankas\u0131 Sanat Eserleri Koleksiyonu\u2019ndaki deniz peyzajlar\u0131ndan derlenen&nbsp;<strong>Mavinin \u0130zinde&nbsp;<\/strong>ba\u015fl\u0131kl\u0131 se\u00e7ki ise Gelibolu\u2019da sanatseverlerle bulu\u015ftu.<\/p>\n\n\n\n<p><strong>T\u00fcrkiye \u0130\u015f Bankas\u0131 Resim Heykel M\u00fczesi<\/strong>\u2019nin \u00f6\u011frenme programlar\u0131n\u0131n d\u00fczenli faaliyetlerinden biri olan ve sanatseverlerin yo\u011fun ilgisiyle kar\u015f\u0131lanan Anadolu Sergileri, ortak k\u00fclt\u00fcrel miras\u0131m\u0131z\u0131 do\u011fdu\u011fu topraklarda bug\u00fcn\u00fcn ku\u015faklar\u0131yla bulu\u015fturmay\u0131 s\u00fcrd\u00fcrecek.<\/p>\n","protected":false},"excerpt":{"rendered":"<p>B\u00fcy\u00fck Taarruz\u2019un 103. y\u0131ld\u00f6n\u00fcm\u00fcnde T\u00fcrkiye \u0130\u015f Bankas\u0131\u2019n\u0131n Sanat Eserleri Koleksiyonu\u2019ndaki Atat\u00fcrk portreleri ve B\u00fcy\u00fck Zaferimizi betimleyen eserler sergilenecek. \u0130\u015f Sanat, T\u00fcrkiye \u0130\u015f Bankas\u0131 Sanat Eserleri&hellip;<\/p>\n","protected":false},"author":6,"featured_media":3460,"comment_status":"open","ping_status":"open","sticky":false,"template":"","format":"standard","meta":{"footnotes":""},"categories":[22],"tags":[],"class_list":["post-3459","post","type-post","status-publish","format-standard","has-post-thumbnail","hentry","category-kultursanat"],"_links":{"self":[{"href":"https:\/\/www.mallandmotto.com\/index.php\/wp-json\/wp\/v2\/posts\/3459","targetHints":{"allow":["GET"]}}],"collection":[{"href":"https:\/\/www.mallandmotto.com\/index.php\/wp-json\/wp\/v2\/posts"}],"about":[{"href":"https:\/\/www.mallandmotto.com\/index.php\/wp-json\/wp\/v2\/types\/post"}],"author":[{"embeddable":true,"href":"https:\/\/www.mallandmotto.com\/index.php\/wp-json\/wp\/v2\/users\/6"}],"replies":[{"embeddable":true,"href":"https:\/\/www.mallandmotto.com\/index.php\/wp-json\/wp\/v2\/comments?post=3459"}],"version-history":[{"count":1,"href":"https:\/\/www.mallandmotto.com\/index.php\/wp-json\/wp\/v2\/posts\/3459\/revisions"}],"predecessor-version":[{"id":3461,"href":"https:\/\/www.mallandmotto.com\/index.php\/wp-json\/wp\/v2\/posts\/3459\/revisions\/3461"}],"wp:featuredmedia":[{"embeddable":true,"href":"https:\/\/www.mallandmotto.com\/index.php\/wp-json\/wp\/v2\/media\/3460"}],"wp:attachment":[{"href":"https:\/\/www.mallandmotto.com\/index.php\/wp-json\/wp\/v2\/media?parent=3459"}],"wp:term":[{"taxonomy":"category","embeddable":true,"href":"https:\/\/www.mallandmotto.com\/index.php\/wp-json\/wp\/v2\/categories?post=3459"},{"taxonomy":"post_tag","embeddable":true,"href":"https:\/\/www.mallandmotto.com\/index.php\/wp-json\/wp\/v2\/tags?post=3459"}],"curies":[{"name":"wp","href":"https:\/\/api.w.org\/{rel}","templated":true}]}}