{"id":3463,"date":"2025-08-20T10:29:31","date_gmt":"2025-08-20T10:29:31","guid":{"rendered":"https:\/\/www.mallandmotto.com\/?p=3463"},"modified":"2025-08-20T10:29:31","modified_gmt":"2025-08-20T10:29:31","slug":"iga-istanbul-havalimani-2024-surdurulebilirlik-hedefini-yukseltti","status":"publish","type":"post","link":"https:\/\/www.mallandmotto.com\/index.php\/2025\/08\/20\/iga-istanbul-havalimani-2024-surdurulebilirlik-hedefini-yukseltti\/","title":{"rendered":"\u0130GA \u0130stanbul Havaliman\u0131 2024 S\u00fcrd\u00fcr\u00fclebilirlik Hedefini Y\u00fckseltti"},"content":{"rendered":"\n<h3 class=\"wp-block-heading\"><strong>2050 y\u0131l\u0131na kadar \u2018Net S\u0131f\u0131r Emisyon\u2019 hedefine ula\u015fmak i\u00e7in kararl\u0131l\u0131kla ilerleyen \u0130GA \u0130stanbul Havaliman\u0131, 2024 y\u0131l\u0131nda emisyonlar\u0131n\u0131 y\u0131l sonu projeksiyonunun y\u00fczde 10,5 alt\u0131nda tamamlad\u0131. \u0130GA, yenilenebilir enerji kullan\u0131m\u0131na y\u00f6nelik 2030 hedefini ise y\u00fczde 50\u2019den y\u00fczde 90\u2019a y\u00fckseltti.<\/strong><\/h3>\n\n\n\n<p>Teknolojiyi insan ve \u00e7evre faydas\u0131na sunma ilkesiyle hareket eden&nbsp;<strong>\u0130GA \u0130stanbul Havaliman\u0131<\/strong>2024 y\u0131l\u0131&nbsp;<em>\u201cS\u00fcrd\u00fcr\u00fclebilirlik Raporu\u201d<\/em>nu yay\u0131mlad\u0131. \u00c7ifte \u00f6nemlilik (double materiality) analizi<sup>*<\/sup>&nbsp;ile payda\u015f g\u00f6r\u00fc\u015fleri ve finansal etkiler dikkate al\u0131narak haz\u0131rlanan rapor, \u0130GA\u2019n\u0131n \u00e7evresel, sosyal ve ekonomik katk\u0131lar\u0131n\u0131 ortaya koyarken, k\u00fclt\u00fcrel ve yap\u0131sal kazan\u0131mlar\u0131 da yans\u0131t\u0131yor.<\/p>\n\n\n\n<p>S\u00fcrd\u00fcr\u00fclebilirli\u011fi stratejik plan ve uygulamalar\u0131n\u0131n merkezine alan&nbsp;<strong>\u0130GA \u0130stanbul Havaliman\u0131<\/strong>,&nbsp;<strong><em>\u201c<\/em><\/strong><strong><em>Oda\u011f\u0131m\u0131z D\u00fcnya, Hedefimiz Gelecek\u201d<\/em><\/strong>&nbsp;yakla\u015f\u0131m\u0131yla y\u00fcr\u00fctt\u00fc\u011f\u00fc \u00e7al\u0131\u015fmalar sonucunda; 2024 y\u0131l\u0131 sera gaz\u0131 emisyonlar\u0131n\u0131 bir \u00f6nceki y\u0131la g\u00f6re %1,4, y\u0131l sonu \u00f6ng\u00f6r\u00fcs\u00fcne g\u00f6re %10,5 alt\u0131nda tamamlad\u0131. 2050 y\u0131l\u0131na kadar&nbsp;<strong>\u2018Net S\u0131f\u0131r Emisyon\u2019&nbsp;<\/strong>hedefine ula\u015fmay\u0131 taahh\u00fct eden&nbsp;<strong>\u0130GA<\/strong>, yenilenebilir enerji kullan\u0131m\u0131na y\u00f6nelik 2030 hedefini de y\u00fczde 50\u2019den&nbsp;<strong>y\u00fczde 90\u2019a y\u00fckseltti<\/strong>.&nbsp;<\/p>\n\n\n\n<p>Bu \u00e7er\u00e7evede 212 milyon avro yat\u0131r\u0131mla yakla\u015f\u0131k 3 milyon metrekare alanda in\u015fa edilen 199,32 megavat g\u00fcc\u00fcndeki&nbsp;<strong>Eski\u015fehir G\u00fcne\u015f Enerji Santrali<\/strong>&nbsp;(GES) projesi kapsam\u0131nda y\u0131ll\u0131k 340 milyon kilovatsaat enerji \u00fcretilmesi planlan\u0131yor. 2025 y\u0131l\u0131 son \u00e7eyre\u011finde devreye al\u0131nmas\u0131 beklenen GES yat\u0131r\u0131m\u0131 sayesinde&nbsp;<strong>\u0130GA \u0130stanbul Havaliman\u0131<\/strong>,&nbsp;<strong>t\u00fcketti\u011fi elektri\u011fin tamam\u0131n\u0131 g\u00fcne\u015f enerjisinden sa\u011flayan d\u00fcnyadaki ilk b\u00fcy\u00fck havaliman\u0131<\/strong>&nbsp;unvan\u0131na sahip olacak.<\/p>\n\n\n\n<p><strong>\u0130klim Direnci \u0130\u00e7in Bilimsel Haz\u0131rl\u0131k: T\u00dcB\u0130TAK ile \u0130\u015f Birli\u011fi<\/strong><\/p>\n\n\n\n<p>Operasyonlar\u0131n\u0131 de\u011fi\u015fen iklim ko\u015fullar\u0131na kar\u015f\u0131 diren\u00e7li h\u00e2le getirmek i\u00e7in yo\u011fun \u00e7aba harcayan&nbsp;<strong>\u0130GA<\/strong>, olas\u0131 senaryolar\u0131 bilimsel veriler do\u011frultusunda de\u011ferlendiriyor.&nbsp;<strong>T\u00dcB\u0130TAK MAM&nbsp;<\/strong>i\u015f birli\u011fiyle ba\u015flatt\u0131\u011f\u0131<em>&nbsp;<strong>\u201c\u0130stanbul Havaliman\u0131 \u0130klim De\u011fi\u015fikli\u011fine Uyum Eylem Plan\u0131\u201d<\/strong><\/em><strong>&nbsp;<\/strong>kapsam\u0131nda, b\u00f6lgesel iklim sim\u00fclasyonlar\u0131 kullan\u0131larak, havaalan\u0131 operasyonlar\u0131n\u0131n iklim de\u011fi\u015fikli\u011finden nas\u0131l etkilenebilece\u011fi analiz ediliyor; riskler de\u011ferlendiriliyor ve uzun vadeli uyum stratejileri geli\u015ftiriliyor.<\/p>\n\n\n\n<p>Her y\u0131l yay\u0131mlanan&nbsp;<em>\u201cS\u00fcrd\u00fcr\u00fclebilirlik Raporu\u201d<\/em>nu yaln\u0131zca bir bilgilendirme arac\u0131 olarak de\u011fil, ayn\u0131 zamanda \u00f6\u011frenme s\u00fcre\u00e7lerinin ve geli\u015fim alanlar\u0131n\u0131n da payla\u015f\u0131ld\u0131\u011f\u0131 bir ara\u00e7 olarak tan\u0131mlayan&nbsp;<strong>\u0130GA \u0130stanbul Havaliman\u0131 CEO\u2019su Selahattin Bilgen<\/strong>, k\u00fcresel havac\u0131l\u0131k sekt\u00f6r\u00fcne, s\u00fcrd\u00fcr\u00fclebilirlik alan\u0131nda imza att\u0131lan \u2018iyi \u00f6rnekler\u2019le de liderlik edebilmenin b\u00fcy\u00fck bir gurur oldu\u011funu vurgulad\u0131. Havac\u0131l\u0131k sekt\u00f6r\u00fcn\u00fcn d\u00f6n\u00fc\u015f\u00fcm\u00fcnde aktif bir rol \u00fcstlenme hedefiyle; Aral\u0131k ay\u0131nda Atina\u2019da 43 \u00f6nc\u00fc kurulu\u015ftan biri olarak&nbsp;<strong><em>\u201cAviation4All Bildirgesi\u201d<\/em><\/strong>ni imzalad\u0131klar\u0131n\u0131 hat\u0131rlatan Bilgen s\u00f6zlerini \u015f\u00f6yle s\u00fcrd\u00fcrd\u00fc:<\/p>\n\n\n\n<p><em>\u201c\u0130GA \u0130stanbul Havaliman\u0131\u2019n\u0131n gerek k\u00fcresel havac\u0131l\u0131ktaki rol\u00fc gerekse de \u00fclke ekonomisi ve ticareti i\u00e7inde \u00fcstlendi\u011fi sorumlulu\u011fun b\u00fcy\u00fckl\u00fc\u011f\u00fc, bize hayati bir konuda daha g\u00f6rev y\u00fckl\u00fcyor; \u00e7evresel, sosyal ve ekonomik boyutlar\u0131yla s\u00fcrd\u00fcr\u00fclebilir bir gelecek in\u015fa etmeye katk\u0131da bulunmak.&nbsp;<\/em><\/p>\n\n\n\n<p><em>Biz de bu do\u011frultudaki \u00e7al\u0131\u015fmalar\u0131m\u0131z\u0131 \u00e7ok boyutlu bi\u00e7imde y\u00fcr\u00fct\u00fcyoruz. Operasyonel s\u00fcre\u00e7lerimizi ise, g\u00fcvenlikten \u00f6d\u00fcn vermeden s\u00fcrd\u00fcr\u00fcyor; y\u0131l boyunca d\u00fczenledi\u011fimiz u\u00e7u\u015flarla k\u00fcresel havac\u0131l\u0131k sekt\u00f6r\u00fcne \u00f6nemli katk\u0131lar sunuyoruz. Karbon ayak izimizi azaltmak, enerji verimlili\u011fini art\u0131rmak ve do\u011fal kaynaklar\u0131 daha etkin kullanmak amac\u0131yla \u00e7evresel s\u00fcrd\u00fcr\u00fclebilirlik projelerine \u00f6ncelik veriyoruz. Toplumsal fayday\u0131 g\u00f6zeten sosyal sorumluluk projeleriyle, yerel halktan \u00e7al\u0131\u015fanlar\u0131m\u0131za kadar geni\u015f bir payda\u015f grubunun ya\u015fam kalitesini y\u00fckseltmeyi hedefliyoruz. Ekonomik s\u00fcrd\u00fcr\u00fclebilirlik kapsam\u0131nda ise, inovatif yat\u0131r\u0131mlar ve dijital d\u00f6n\u00fc\u015f\u00fcm stratejileriyle hem \u00fclke ekonomisine hem de k\u00fcresel rekabet g\u00fcc\u00fcm\u00fcze katk\u0131 sa\u011fl\u0131yoruz. Bu b\u00fct\u00fcnc\u00fcl yakla\u015f\u0131m sayesinde, sadece bir havaliman\u0131 de\u011fil; ayn\u0131 zamanda gelece\u011fin ya\u015fam alanlar\u0131n\u0131 \u015fekillendiren bir vizyon merkezi olma yolunda ilerliyoruz.\u201d<\/em><\/p>\n\n\n\n<p><strong>\u0130GA \u0130stanbul Havaliman\u0131&nbsp;<\/strong><strong><em>\u201c2024 S\u00fcrd\u00fcr\u00fclebilirlik Raporu\u201d<\/em><\/strong><strong>nda \u00f6ne \u00e7\u0131kan di\u011fer ba\u015fl\u0131klar \u015f\u00f6yle:<\/strong><\/p>\n\n\n\n<ul class=\"wp-block-list\">\n<li><strong>\u0130GA Akademi<\/strong>\u00a0kapsam\u0131nda; \u00e7al\u0131\u015fanlar\u0131n havac\u0131l\u0131k sekt\u00f6r\u00fc becerilerini geli\u015ftirmeye y\u00f6nelik 20.494 farkl\u0131 e\u011fitime kat\u0131l\u0131m sa\u011fland\u0131 ve memnuniyet oranlar\u0131\u00a0<strong>y\u00fczde 95<\/strong>\u2019in \u00fczerinde ger\u00e7ekle\u015fti.\u00a0<strong>\u0130GA Akademi Uluslararas\u0131 E\u011fitimleri\u2019<\/strong>ne yap\u0131lan her 1 TL\u2019lik yat\u0131r\u0131m, kat\u0131l\u0131mc\u0131lara 2,51 TL sosyal fayda sa\u011flad\u0131. Ayr\u0131ca, havac\u0131l\u0131k sekt\u00f6r\u00fcndeki i\u015f birliklerini g\u00fc\u00e7lendirmek, bilgi ve deneyim payla\u015f\u0131m\u0131n\u0131 art\u0131rmak ve sekt\u00f6r profesyonellerinin geli\u015fimine katk\u0131 sa\u011flamak amac\u0131yla 2024 y\u0131l\u0131nda 24 payda\u015fla birlikte\u00a0<strong>\u0130GA Akademi Payda\u015f Dan\u0131\u015fma Kurulu<\/strong>\u00a0hayata ge\u00e7irildi.<\/li>\n\n\n\n<li>Kapsay\u0131c\u0131 ve refah odakl\u0131 bir havaliman\u0131 hizmeti i\u00e7in hayata ge\u00e7irilen\u00a0<strong>Deneyim \u0130lkeleri ve Misafir Deneyimi Politikas\u0131\u00a0<\/strong>sayesinde, 2022\u2019de 3,73 olan m\u00fc\u015fteri deneyimi olgunluk seviyesi 2024 y\u0131l\u0131nda\u00a0<strong>4,04\u2019e y\u00fckseltildi<\/strong>. \u00c7ok \u00d6zel Misafir Odalar\u0131 ve \u00d6zel Yolcu Hizmet Noktas\u0131\u2019n\u0131n isimleri\u00a0<strong>Sessiz Oda<\/strong>\u00a0olarak de\u011fi\u015ftirildi; g\u00f6rme engelli misafirlerin ba\u011f\u0131ms\u0131z seyahatlerini daha da kolayla\u015ft\u0131rmak i\u00e7in \u0130stanbul Airport mobil uygulamas\u0131ndaki i\u00e7 mek\u00e2n\u00a0<strong>Rota Yan\u0131mda<\/strong>\u00a0\u00f6zelli\u011fine \u2018canl\u0131 ba\u011flant\u0131\u2019 hizmeti eklendi.<\/li>\n\n\n\n<li><strong>\u0130leri Seviye At\u0131k Ayr\u0131\u015ft\u0131rma Uygulamalar\u0131<\/strong>\u00a0kapsam\u0131nda; g\u00fcnde ortalama 164 ton at\u0131k ayr\u0131\u015ft\u0131r\u0131ld\u0131; bu at\u0131\u011f\u0131n\u00a0<strong>y\u00fczde 34,07<\/strong>\u2019si geri d\u00f6n\u00fc\u015ft\u00fcr\u00fcld\u00fc. Sahadaki 262 at\u0131k konteynerine doluluk sens\u00f6rleri entegre ederek, at\u0131k toplama kaynakl\u0131 emisyonlar\u0131m\u0131z\u0131 optimize ettik.\u00a0<\/li>\n\n\n\n<li><strong>\u0130stanbul Havaliman\u0131 ekosistemini d\u00f6n\u00fc\u015ft\u00fcrme<\/strong>\u00a0yolunda, havaliman\u0131nda en fazla at\u0131k \u00fcreten firmalarla s\u00fcre\u00e7 iyile\u015ftirme \u00e7al\u0131\u015fmalar\u0131 ba\u015flat\u0131ld\u0131.\u00a0<\/li>\n\n\n\n<li><strong>Su G\u00fcvenli\u011fi<\/strong>\u00a0\u00f6nceli\u011fi do\u011frultusunda; drenaj ve ar\u0131t\u0131lm\u0131\u015f suyu de\u011ferlendiren ters ozmoz tesisleri devreye al\u0131narak, so\u011futma suyu sistemlerinde kullanma suyu \u2018d\u00f6ng\u00fcsel\u2019 h\u00e2le getirildi. \u0130GA \u0130stanbul Havaliman\u0131 2024\u2019te toplam su t\u00fcketiminin\u00a0<strong>y\u00fczde 27<\/strong>\u2019sini geri\u00a0<strong>kazan\u0131lm\u0131\u015f sudan<\/strong>\u00a0kar\u015f\u0131lad\u0131.<\/li>\n<\/ul>\n\n\n\n<p>*\u00c7ifte \u00d6nemlilik (Double Materiality) Analizi: Bir \u015firketin faaliyetlerinin hem \u00e7evre ve sosyal fakt\u00f6rler \u00fczerindeki etkisini hem de bu fakt\u00f6rlerin \u015firket \u00fczerindeki finansal etkisini de\u011ferlendirdi\u011fi, iki etki boyutunda ele al\u0131nan bir analiz \u00e7er\u00e7evesidir.<\/p>\n","protected":false},"excerpt":{"rendered":"<p>2050 y\u0131l\u0131na kadar \u2018Net S\u0131f\u0131r Emisyon\u2019 hedefine ula\u015fmak i\u00e7in kararl\u0131l\u0131kla ilerleyen \u0130GA \u0130stanbul Havaliman\u0131, 2024 y\u0131l\u0131nda emisyonlar\u0131n\u0131 y\u0131l sonu projeksiyonunun y\u00fczde 10,5 alt\u0131nda tamamlad\u0131. \u0130GA,&hellip;<\/p>\n","protected":false},"author":6,"featured_media":3464,"comment_status":"open","ping_status":"open","sticky":false,"template":"","format":"standard","meta":{"footnotes":""},"categories":[28],"tags":[],"class_list":["post-3463","post","type-post","status-publish","format-standard","has-post-thumbnail","hentry","category-arastirma"],"_links":{"self":[{"href":"https:\/\/www.mallandmotto.com\/index.php\/wp-json\/wp\/v2\/posts\/3463","targetHints":{"allow":["GET"]}}],"collection":[{"href":"https:\/\/www.mallandmotto.com\/index.php\/wp-json\/wp\/v2\/posts"}],"about":[{"href":"https:\/\/www.mallandmotto.com\/index.php\/wp-json\/wp\/v2\/types\/post"}],"author":[{"embeddable":true,"href":"https:\/\/www.mallandmotto.com\/index.php\/wp-json\/wp\/v2\/users\/6"}],"replies":[{"embeddable":true,"href":"https:\/\/www.mallandmotto.com\/index.php\/wp-json\/wp\/v2\/comments?post=3463"}],"version-history":[{"count":1,"href":"https:\/\/www.mallandmotto.com\/index.php\/wp-json\/wp\/v2\/posts\/3463\/revisions"}],"predecessor-version":[{"id":3465,"href":"https:\/\/www.mallandmotto.com\/index.php\/wp-json\/wp\/v2\/posts\/3463\/revisions\/3465"}],"wp:featuredmedia":[{"embeddable":true,"href":"https:\/\/www.mallandmotto.com\/index.php\/wp-json\/wp\/v2\/media\/3464"}],"wp:attachment":[{"href":"https:\/\/www.mallandmotto.com\/index.php\/wp-json\/wp\/v2\/media?parent=3463"}],"wp:term":[{"taxonomy":"category","embeddable":true,"href":"https:\/\/www.mallandmotto.com\/index.php\/wp-json\/wp\/v2\/categories?post=3463"},{"taxonomy":"post_tag","embeddable":true,"href":"https:\/\/www.mallandmotto.com\/index.php\/wp-json\/wp\/v2\/tags?post=3463"}],"curies":[{"name":"wp","href":"https:\/\/api.w.org\/{rel}","templated":true}]}}