{"id":3505,"date":"2025-08-20T12:34:36","date_gmt":"2025-08-20T12:34:36","guid":{"rendered":"https:\/\/www.mallandmotto.com\/?p=3505"},"modified":"2025-08-20T12:34:37","modified_gmt":"2025-08-20T12:34:37","slug":"ferhangi-bir-yasam-promiyer-yapiyor","status":"publish","type":"post","link":"https:\/\/www.mallandmotto.com\/index.php\/2025\/08\/20\/ferhangi-bir-yasam-promiyer-yapiyor\/","title":{"rendered":"Ferhangi Bir Ya\u015fam\u201d Pr\u00f6miyer Yap\u0131yor"},"content":{"rendered":"\n<h3 class=\"wp-block-heading\"><strong>ENKA Sanat\u2019\u0131n yap\u0131m sponsorlu\u011funu \u00fcstlendi\u011fi, Porte Film\u2019in yap\u0131mc\u0131l\u0131\u011f\u0131nda hayata ge\u00e7irilen ve y\u00f6netmenli\u011fini Sel\u00e7uk Metin\u2019in, senaristli\u011fini Zeynep Mira\u00e7\u2019\u0131n, g\u00f6r\u00fcnt\u00fc y\u00f6netmenli\u011fini Emre Okur\u2019un yapt\u0131\u011f\u0131\u00a0<em>\u201cFerhangi Bir Ya\u015fam\u201d<\/em>, 5 Eyl\u00fcl Cuma g\u00fcn\u00fc saat 20.45\u2019te ENKA A\u00e7\u0131khava Tiyatrosu\u2019nda pr\u00f6miyer yapacak. Belgeselde, T\u00fcrk tiyatrosunda benzersiz bir yere sahip, bat\u0131n\u0131n tiyatro anlay\u0131\u015f\u0131n\u0131 geleneksel tiyatroyla bulu\u015fturan, \u00f6zg\u00fcn dili ve keskin mizah\u0131yla \u00fclkenin zihin pencerelerini a\u00e7an Ferhan \u015eensoy\u2019un sanat hayat\u0131 mercek alt\u0131na al\u0131n\u0131yor.\u00a0<\/strong><\/h3>\n\n\n\n<p>ENKA Sanat, tiyatro tarihimizin zengin miras\u0131n\u0131 g\u00f6zler \u00f6n\u00fcne sermek ve gelecek nesillere aktarmak \u00fczere yap\u0131m sponsorlu\u011funu \u00fcstlendi\u011fi belgesellere bir yenisini ekliyor:\u00a0<strong><em>\u201cFerhangi Bir Ya\u015fam\u201d<\/em><\/strong>. Belgesel, Ferhan \u015eensoy\u2019un tiyatro anlay\u0131\u015f\u0131na oldu\u011fu kadar karakterine, d\u00fcnya g\u00f6r\u00fc\u015f\u00fcne ve yazar kimli\u011fine odaklan\u0131yor. Onu farkl\u0131 k\u0131lan unsurlar, \u00e7ocuklu\u011fundan ba\u015flayarak -\u00f6zellikle Galatasaray Lisesi\u2019nde- \u015fekillenen ki\u015fili\u011fi, Fransa ve Kanada deneyimlerinin ard\u0131ndan T\u00fcrkiye\u2019ye d\u00f6n\u00fcp hayalindeki oyunlar\u0131 sahneye koymas\u0131, yepyeni bir \u00fcslup geli\u015ftirmesi, N\u00f6bet\u00e7i Tiyatro ile yeni oyuncular yeti\u015ftirmesi, kaleme ald\u0131\u011f\u0131 oyunlar, kitaplar, sonraki ku\u015faklarda b\u0131rakt\u0131\u011f\u0131 izler de belgeselin temalar\u0131n\u0131 olu\u015fturuyor. Tarihi Ses Tiyatrosu\u2019nda \u00e7ekimleri ger\u00e7ekle\u015ftirilen belgeselde, sanat\u00e7\u0131n\u0131n son d\u00f6nem r\u00f6portajlar\u0131ndan kendi anlat\u0131mlar\u0131n\u0131n yan\u0131 s\u0131ra; ba\u015fta ailesi olmak \u00fczere okul arkada\u015flar\u0131, Zeliha Berksoy, Okan Bay\u00fclgen, Metin Akp\u0131nar, Dikmen G\u00fcr\u00fcn, Zuhal Olcay, Fuat G\u00fcner, G\u00fcven K\u0131ra\u00e7, \u0130lhan \u015ee\u015fen, Burhan \u015ee\u015fen, G\u00f6khan \u015ee\u015fen, Nejat Yava\u015fo\u011fullar\u0131, Tolga \u00c7evik ve Cem \u00d6zer\u2019in de aralar\u0131nda bulundu\u011fu bir\u00e7ok de\u011ferli ismin g\u00f6r\u00fc\u015flerine yer veriliyor.<\/p>\n","protected":false},"excerpt":{"rendered":"<p>ENKA Sanat\u2019\u0131n yap\u0131m sponsorlu\u011funu \u00fcstlendi\u011fi, Porte Film\u2019in yap\u0131mc\u0131l\u0131\u011f\u0131nda hayata ge\u00e7irilen ve y\u00f6netmenli\u011fini Sel\u00e7uk Metin\u2019in, senaristli\u011fini Zeynep Mira\u00e7\u2019\u0131n, g\u00f6r\u00fcnt\u00fc y\u00f6netmenli\u011fini Emre Okur\u2019un yapt\u0131\u011f\u0131\u00a0\u201cFerhangi Bir Ya\u015fam\u201d, 5&hellip;<\/p>\n","protected":false},"author":6,"featured_media":3506,"comment_status":"open","ping_status":"open","sticky":false,"template":"","format":"standard","meta":{"footnotes":""},"categories":[22],"tags":[],"class_list":["post-3505","post","type-post","status-publish","format-standard","has-post-thumbnail","hentry","category-kultursanat"],"_links":{"self":[{"href":"https:\/\/www.mallandmotto.com\/index.php\/wp-json\/wp\/v2\/posts\/3505","targetHints":{"allow":["GET"]}}],"collection":[{"href":"https:\/\/www.mallandmotto.com\/index.php\/wp-json\/wp\/v2\/posts"}],"about":[{"href":"https:\/\/www.mallandmotto.com\/index.php\/wp-json\/wp\/v2\/types\/post"}],"author":[{"embeddable":true,"href":"https:\/\/www.mallandmotto.com\/index.php\/wp-json\/wp\/v2\/users\/6"}],"replies":[{"embeddable":true,"href":"https:\/\/www.mallandmotto.com\/index.php\/wp-json\/wp\/v2\/comments?post=3505"}],"version-history":[{"count":1,"href":"https:\/\/www.mallandmotto.com\/index.php\/wp-json\/wp\/v2\/posts\/3505\/revisions"}],"predecessor-version":[{"id":3507,"href":"https:\/\/www.mallandmotto.com\/index.php\/wp-json\/wp\/v2\/posts\/3505\/revisions\/3507"}],"wp:featuredmedia":[{"embeddable":true,"href":"https:\/\/www.mallandmotto.com\/index.php\/wp-json\/wp\/v2\/media\/3506"}],"wp:attachment":[{"href":"https:\/\/www.mallandmotto.com\/index.php\/wp-json\/wp\/v2\/media?parent=3505"}],"wp:term":[{"taxonomy":"category","embeddable":true,"href":"https:\/\/www.mallandmotto.com\/index.php\/wp-json\/wp\/v2\/categories?post=3505"},{"taxonomy":"post_tag","embeddable":true,"href":"https:\/\/www.mallandmotto.com\/index.php\/wp-json\/wp\/v2\/tags?post=3505"}],"curies":[{"name":"wp","href":"https:\/\/api.w.org\/{rel}","templated":true}]}}