{"id":3594,"date":"2025-08-21T07:21:19","date_gmt":"2025-08-21T07:21:19","guid":{"rendered":"https:\/\/www.mallandmotto.com\/?p=3594"},"modified":"2025-08-28T10:23:22","modified_gmt":"2025-08-28T10:23:22","slug":"avm-ciro-endeksi-temmuzda-yuzde-329-artti","status":"publish","type":"post","link":"https:\/\/www.mallandmotto.com\/index.php\/2025\/08\/21\/avm-ciro-endeksi-temmuzda-yuzde-329-artti\/","title":{"rendered":"AVM Ciro Endeksi Temmuz\u2019da Y\u00fczde 32,9 Artt\u0131"},"content":{"rendered":"\n<h3 class=\"wp-block-heading\">AYD ve Akademetre verilerine g\u00f6re AVM ciro endeksi Temmuz 2025\u2019te 4128 puana y\u00fckseldi. Ancak y\u0131ll\u0131k enflasyonun alt\u0131nda kalan art\u0131\u015f, reel daralmaya i\u015faret ediyor.<\/h3>\n\n\n\n<p>Al\u0131\u015fveri\u015f Merkezleri ve Yat\u0131r\u0131mc\u0131lar\u0131 Derne\u011fi (AYD)&nbsp;ile&nbsp;Akademetre Research&nbsp;taraf\u0131ndan ortakla\u015fa olu\u015fturulan&nbsp;AVM Endeksi\u2019nin Temmuz ay\u0131 sonu\u00e7lar\u0131 a\u00e7\u0131kland\u0131. Her ay d\u00fczenli olarak yay\u0131nlanan verilere g\u00f6re ciro endeksi, Temmuz 2025 d\u00f6neminde, bir \u00f6nceki y\u0131l\u0131n ayn\u0131 ay\u0131 ile kar\u015f\u0131la\u015ft\u0131r\u0131ld\u0131\u011f\u0131nda ve enflasyondan ar\u0131nd\u0131r\u0131lmam\u0131\u015f olarak incelendi\u011finde y\u00fczde 32,9 oran\u0131nda artarak 4128 puana y\u00fckseldi. Temmuz 2025 i\u00e7in a\u00e7\u0131klanan y\u0131ll\u0131k enflasyon oran\u0131n\u0131n y\u00fczde 33,52 oldu\u011fu d\u00fc\u015f\u00fcn\u00fcld\u00fc\u011f\u00fcnde, metrekare verimlilik endeksindeki art\u0131\u015f\u0131n enflasyonun alt\u0131nda oldu\u011fu g\u00f6r\u00fclmektedir.&nbsp;<\/p>\n\n\n\n<p>Endeks sonu\u00e7lar\u0131n\u0131 yorumlayan&nbsp;<strong>Ekonomist Fatih Keresteci<\/strong>&nbsp;\u015funlar\u0131 s\u00f6yledi: \u201cAVM ciro endeksi 2025 y\u0131l\u0131 Temmuz ay\u0131nda, ge\u00e7en y\u0131l\u0131n ayn\u0131 d\u00f6nemine g\u00f6re nominal olarak %32,9 b\u00fcy\u00fcd\u00fc. T\u00dcFE enflasyonu ile ar\u0131nd\u0131r\u0131ld\u0131\u011f\u0131nda ufak oranda da olsa reel daralma kaydedildi. Aylar aras\u0131 kar\u015f\u0131la\u015ft\u0131rma yapmak mevsimsellikten dolay\u0131 pek do\u011fru olmasa da Haziran ay\u0131na g\u00f6re belirgin oranda bir yava\u015flama var. Bunu da yaz etkisi ile a\u00e7\u0131klamak m\u00fcmk\u00fcn olacakt\u0131r. Kategori baz\u0131nda bak\u0131nca ciddi ayr\u0131\u015fmalar dikkat \u00e7ekiyor&#8230;&#8221;<\/p>\n\n\n\n<p><\/p>\n","protected":false},"excerpt":{"rendered":"<p>AYD ve Akademetre verilerine g\u00f6re AVM ciro endeksi Temmuz 2025\u2019te 4128 puana y\u00fckseldi. Ancak y\u0131ll\u0131k enflasyonun alt\u0131nda kalan art\u0131\u015f, reel daralmaya i\u015faret ediyor. Al\u0131\u015fveri\u015f Merkezleri&hellip;<\/p>\n","protected":false},"author":6,"featured_media":3595,"comment_status":"open","ping_status":"open","sticky":false,"template":"","format":"standard","meta":{"footnotes":""},"categories":[28],"tags":[],"class_list":["post-3594","post","type-post","status-publish","format-standard","has-post-thumbnail","hentry","category-arastirma"],"_links":{"self":[{"href":"https:\/\/www.mallandmotto.com\/index.php\/wp-json\/wp\/v2\/posts\/3594","targetHints":{"allow":["GET"]}}],"collection":[{"href":"https:\/\/www.mallandmotto.com\/index.php\/wp-json\/wp\/v2\/posts"}],"about":[{"href":"https:\/\/www.mallandmotto.com\/index.php\/wp-json\/wp\/v2\/types\/post"}],"author":[{"embeddable":true,"href":"https:\/\/www.mallandmotto.com\/index.php\/wp-json\/wp\/v2\/users\/6"}],"replies":[{"embeddable":true,"href":"https:\/\/www.mallandmotto.com\/index.php\/wp-json\/wp\/v2\/comments?post=3594"}],"version-history":[{"count":1,"href":"https:\/\/www.mallandmotto.com\/index.php\/wp-json\/wp\/v2\/posts\/3594\/revisions"}],"predecessor-version":[{"id":3596,"href":"https:\/\/www.mallandmotto.com\/index.php\/wp-json\/wp\/v2\/posts\/3594\/revisions\/3596"}],"wp:featuredmedia":[{"embeddable":true,"href":"https:\/\/www.mallandmotto.com\/index.php\/wp-json\/wp\/v2\/media\/3595"}],"wp:attachment":[{"href":"https:\/\/www.mallandmotto.com\/index.php\/wp-json\/wp\/v2\/media?parent=3594"}],"wp:term":[{"taxonomy":"category","embeddable":true,"href":"https:\/\/www.mallandmotto.com\/index.php\/wp-json\/wp\/v2\/categories?post=3594"},{"taxonomy":"post_tag","embeddable":true,"href":"https:\/\/www.mallandmotto.com\/index.php\/wp-json\/wp\/v2\/tags?post=3594"}],"curies":[{"name":"wp","href":"https:\/\/api.w.org\/{rel}","templated":true}]}}