{"id":3608,"date":"2025-08-21T07:37:44","date_gmt":"2025-08-21T07:37:44","guid":{"rendered":"https:\/\/www.mallandmotto.com\/?p=3608"},"modified":"2025-08-21T07:37:44","modified_gmt":"2025-08-21T07:37:44","slug":"defactodan-okula-donus-koleksiyonu","status":"publish","type":"post","link":"https:\/\/www.mallandmotto.com\/index.php\/2025\/08\/21\/defactodan-okula-donus-koleksiyonu\/","title":{"rendered":"DeFacto\u2019dan Okula D\u00f6n\u00fc\u015f Koleksiyonu"},"content":{"rendered":"\n<h3 class=\"wp-block-heading\">Her ya\u015f\u0131n ve her tarz\u0131n favori markas\u0131 DeFacto ile okula d\u00f6n\u00fc\u015f zaman\u0131 geldi! Yaz tatilinde b\u00fcy\u00fcyen, de\u011fi\u015fen ve kendi tarz\u0131n\u0131 ke\u015ffeden \u00e7ocuklar ile gen\u00e7ler i\u00e7in haz\u0131rlanan Back to School koleksiyonu, yeni okul d\u00f6nemini kutluyor.<\/h3>\n\n\n\n<p>Global moda markas\u0131 DeFacto, yeni okul y\u0131l\u0131na \u201cyeni ben\u201d duygusuyla ad\u0131m atmak isteyen \u00e7ocuklar ve gen\u00e7ler i\u00e7in iddial\u0131 bir Back to School koleksiyonu sunuyor. Sezonun dikkat \u00e7eken tasar\u0131m detaylar\u0131yla haz\u0131rlanan koleksiyon, konforla haval\u0131 stilleri bir araya getiriyor.<\/p>\n\n\n\n<p>Yeni d\u00f6nemin ilk ders zili \u00e7almadan \u00f6\u011frencileri heyecanland\u0131ran koleksiyon; zarif \u00e7izgilere sahip h\u0131rkalardan sofistike detayl\u0131 bomber ceketlere, klasik pantolonlardan modern g\u00f6mleklere, rengarenk hoodie\u2019lerden rahat ceketlere kadar geni\u015f bir se\u00e7enek sunuyor. B\u00f6ylece \u00e7ocuklara ve gen\u00e7lere hem okul g\u00fcnlerinde hem de \u00f6zel anlar\u0131nda haval\u0131 tarzlar\u0131n\u0131 yans\u0131tma imk\u00e2n\u0131 veriyor. E\u011flenceli ve renkli okul \u00e7antalar\u0131 ile aksesuarlar\u0131n da yer ald\u0131\u011f\u0131 koleksiyon, gen\u00e7lere kendi stillerini ki\u015fiselle\u015ftirme f\u0131rsat\u0131 tan\u0131yor. Stilinle D\u00f6n\u201d mottosuyla tasarlanan koleksiyon, yeni okul y\u0131l\u0131n\u0131 yaln\u0131zca bir ba\u015flang\u0131\u00e7 de\u011fil, ayn\u0131 zamanda \u00e7ocuklar\u0131n kendi stilini yeniden ke\u015ffetme yolculu\u011fu olarak tan\u0131ml\u0131yor!<\/p>\n","protected":false},"excerpt":{"rendered":"<p>Her ya\u015f\u0131n ve her tarz\u0131n favori markas\u0131 DeFacto ile okula d\u00f6n\u00fc\u015f zaman\u0131 geldi! Yaz tatilinde b\u00fcy\u00fcyen, de\u011fi\u015fen ve kendi tarz\u0131n\u0131 ke\u015ffeden \u00e7ocuklar ile gen\u00e7ler i\u00e7in&hellip;<\/p>\n","protected":false},"author":6,"featured_media":3609,"comment_status":"open","ping_status":"open","sticky":false,"template":"","format":"standard","meta":{"footnotes":""},"categories":[12],"tags":[],"class_list":["post-3608","post","type-post","status-publish","format-standard","has-post-thumbnail","hentry","category-perakende"],"_links":{"self":[{"href":"https:\/\/www.mallandmotto.com\/index.php\/wp-json\/wp\/v2\/posts\/3608","targetHints":{"allow":["GET"]}}],"collection":[{"href":"https:\/\/www.mallandmotto.com\/index.php\/wp-json\/wp\/v2\/posts"}],"about":[{"href":"https:\/\/www.mallandmotto.com\/index.php\/wp-json\/wp\/v2\/types\/post"}],"author":[{"embeddable":true,"href":"https:\/\/www.mallandmotto.com\/index.php\/wp-json\/wp\/v2\/users\/6"}],"replies":[{"embeddable":true,"href":"https:\/\/www.mallandmotto.com\/index.php\/wp-json\/wp\/v2\/comments?post=3608"}],"version-history":[{"count":1,"href":"https:\/\/www.mallandmotto.com\/index.php\/wp-json\/wp\/v2\/posts\/3608\/revisions"}],"predecessor-version":[{"id":3610,"href":"https:\/\/www.mallandmotto.com\/index.php\/wp-json\/wp\/v2\/posts\/3608\/revisions\/3610"}],"wp:featuredmedia":[{"embeddable":true,"href":"https:\/\/www.mallandmotto.com\/index.php\/wp-json\/wp\/v2\/media\/3609"}],"wp:attachment":[{"href":"https:\/\/www.mallandmotto.com\/index.php\/wp-json\/wp\/v2\/media?parent=3608"}],"wp:term":[{"taxonomy":"category","embeddable":true,"href":"https:\/\/www.mallandmotto.com\/index.php\/wp-json\/wp\/v2\/categories?post=3608"},{"taxonomy":"post_tag","embeddable":true,"href":"https:\/\/www.mallandmotto.com\/index.php\/wp-json\/wp\/v2\/tags?post=3608"}],"curies":[{"name":"wp","href":"https:\/\/api.w.org\/{rel}","templated":true}]}}