{"id":3615,"date":"2025-08-22T06:54:42","date_gmt":"2025-08-22T06:54:42","guid":{"rendered":"https:\/\/www.mallandmotto.com\/?p=3615"},"modified":"2025-08-22T06:54:43","modified_gmt":"2025-08-22T06:54:43","slug":"fusun-feridun-novo-nordisk-turkiyenin-yeni-iletisim-lideri","status":"publish","type":"post","link":"https:\/\/www.mallandmotto.com\/index.php\/2025\/08\/22\/fusun-feridun-novo-nordisk-turkiyenin-yeni-iletisim-lideri\/","title":{"rendered":"F\u00fcsun Feridun, Novo Nordisk T\u00fcrkiye\u2019nin Yeni \u0130leti\u015fim Lideri"},"content":{"rendered":"\n<h3 class=\"wp-block-heading\">D\u00fcnyada 102, T\u00fcrkiye\u2019de 30 y\u0131ld\u0131r faaliyet g\u00f6steren sa\u011fl\u0131k \u015firketi Novo Nordisk organizasyonundaki ileti\u015fim ve kurumsal ili\u015fkiler yap\u0131lanmas\u0131n\u0131 g\u00fc\u00e7lendirmek \u00fczere T\u00fcrkiye\u2019de yeni bir d\u00f6neme ad\u0131m at\u0131yor. G\u00fc\u00e7l\u00fc bir ileti\u015fim ve kurumsal ili\u015fkiler deneyimine sahip F\u00fcsun Feridun, 1 A\u011fustos 2025 itibar\u0131yla, \u015firketin T\u00fcrkiye\u2019deki ileti\u015fim stratejilerine liderlik etmeye ba\u015flad\u0131.<\/h3>\n\n\n\n<p>Sa\u011fl\u0131k, teknoloji ve telekom\u00fcnikasyon sekt\u00f6rlerinde 20 y\u0131l\u0131 a\u015fk\u0131n deneyime sahip olan F\u00fcsun Feridun, Apple, IBM, AstraZeneca, Siemens, Avea ve Turkcell gibi global ve yerel markalar\u0131n d\u00f6n\u00fc\u015f\u00fcm hik\u00e2yelerinde aktif rol ald\u0131. Kriz y\u00f6netiminden marka itibar\u0131na, lider ileti\u015fiminden medya ve s\u00fcrd\u00fcr\u00fclebilirlik ileti\u015fimine pek \u00e7ok alanda sorumluluk \u00fcstlenen F\u00fcsun Feridun, \u015firketin k\u00fcresel hedefleri ile T\u00fcrkiye\u2019deki kurumsal \u00f6nceliklerinin stratejik uyum i\u00e7inde y\u00f6netilmesine katk\u0131 sa\u011flayacak. Son 10 y\u0131lda Apple T\u00fcrkiye \u0130leti\u015fim Liderli\u011fini y\u00fcr\u00fcten ve Apple CEMEA liderlik ekibinde yer alan F\u00fcsun Feridun, \u015fimdi bu tecr\u00fcbesiyle Novo Nordisk \u2019in toplum sa\u011fl\u0131\u011f\u0131 vizyonuna stratejik katk\u0131lar sunmay\u0131 hedefliyor. F\u00fcsun Feridun yeni g\u00f6revinde Novo Nordisk T\u00fcrkiye Genel M\u00fcd\u00fcr\u00fc Bike Ba\u015faklar\u2019a ba\u011fl\u0131 olarak \u00e7al\u0131\u015facak.<\/p>\n\n\n\n<p>\u0130stanbul \u00dcniversitesi \u0130leti\u015fim Fak\u00fcltesi mezunu olan F\u00fcsun Feridun, 2012 y\u0131l\u0131nda MediaCat taraf\u0131ndan \u201cFark yaratan \u0130leti\u015fim Lideri\u201d se\u00e7ilen deneyimli bir ileti\u015fimci, kariyeri boyunca y\u00f6netti\u011fi toplumsal fayda odakl\u0131 projelerle sekt\u00f6r\u00fcn sayg\u0131n isimleri aras\u0131nda g\u00f6steriliyor.<\/p>\n\n\n\n<p>Novo Nordisk T\u00fcrkiye\u2019de kurumsal ileti\u015fim fonksiyonunun ba\u011f\u0131ms\u0131z bir departman olarak yeniden yap\u0131lanmas\u0131n\u0131n da bir par\u00e7as\u0131 olan bu atama ile Novo Nordisk toplum ve sa\u011fl\u0131k odakl\u0131 vizyonunu her platformda daha g\u00fc\u00e7l\u00fc anlatmay\u0131 hedefliyor.<\/p>\n","protected":false},"excerpt":{"rendered":"<p>D\u00fcnyada 102, T\u00fcrkiye\u2019de 30 y\u0131ld\u0131r faaliyet g\u00f6steren sa\u011fl\u0131k \u015firketi Novo Nordisk organizasyonundaki ileti\u015fim ve kurumsal ili\u015fkiler yap\u0131lanmas\u0131n\u0131 g\u00fc\u00e7lendirmek \u00fczere T\u00fcrkiye\u2019de yeni bir d\u00f6neme ad\u0131m at\u0131yor.&hellip;<\/p>\n","protected":false},"author":6,"featured_media":3616,"comment_status":"open","ping_status":"open","sticky":false,"template":"","format":"standard","meta":{"footnotes":""},"categories":[18],"tags":[],"class_list":["post-3615","post","type-post","status-publish","format-standard","has-post-thumbnail","hentry","category-atamalar"],"_links":{"self":[{"href":"https:\/\/www.mallandmotto.com\/index.php\/wp-json\/wp\/v2\/posts\/3615","targetHints":{"allow":["GET"]}}],"collection":[{"href":"https:\/\/www.mallandmotto.com\/index.php\/wp-json\/wp\/v2\/posts"}],"about":[{"href":"https:\/\/www.mallandmotto.com\/index.php\/wp-json\/wp\/v2\/types\/post"}],"author":[{"embeddable":true,"href":"https:\/\/www.mallandmotto.com\/index.php\/wp-json\/wp\/v2\/users\/6"}],"replies":[{"embeddable":true,"href":"https:\/\/www.mallandmotto.com\/index.php\/wp-json\/wp\/v2\/comments?post=3615"}],"version-history":[{"count":1,"href":"https:\/\/www.mallandmotto.com\/index.php\/wp-json\/wp\/v2\/posts\/3615\/revisions"}],"predecessor-version":[{"id":3617,"href":"https:\/\/www.mallandmotto.com\/index.php\/wp-json\/wp\/v2\/posts\/3615\/revisions\/3617"}],"wp:featuredmedia":[{"embeddable":true,"href":"https:\/\/www.mallandmotto.com\/index.php\/wp-json\/wp\/v2\/media\/3616"}],"wp:attachment":[{"href":"https:\/\/www.mallandmotto.com\/index.php\/wp-json\/wp\/v2\/media?parent=3615"}],"wp:term":[{"taxonomy":"category","embeddable":true,"href":"https:\/\/www.mallandmotto.com\/index.php\/wp-json\/wp\/v2\/categories?post=3615"},{"taxonomy":"post_tag","embeddable":true,"href":"https:\/\/www.mallandmotto.com\/index.php\/wp-json\/wp\/v2\/tags?post=3615"}],"curies":[{"name":"wp","href":"https:\/\/api.w.org\/{rel}","templated":true}]}}