{"id":3625,"date":"2025-08-22T07:01:30","date_gmt":"2025-08-22T07:01:30","guid":{"rendered":"https:\/\/www.mallandmotto.com\/?p=3625"},"modified":"2025-08-22T07:01:31","modified_gmt":"2025-08-22T07:01:31","slug":"kezban-arca-batibekiden-sound-of-silence","status":"publish","type":"post","link":"https:\/\/www.mallandmotto.com\/index.php\/2025\/08\/22\/kezban-arca-batibekiden-sound-of-silence\/","title":{"rendered":"Kezban Arca Bat\u0131beki\u2019den \u201cSound of Silence\u201d"},"content":{"rendered":"\n<h3 class=\"wp-block-heading\">Merkur Art Gallery, 13 Eyl\u00fcl\u20131 Kas\u0131m tarihleri aras\u0131nda Bat\u0131beki\u2019nin do\u011fa, kad\u0131n bedeni ve sessizlik \u00fczerinden kurgulad\u0131\u011f\u0131 yeni sergisine ev sahipli\u011fi yap\u0131yor.<\/h3>\n\n\n\n<p>Merkur Art Gallery, 13 Eyl\u00fcl-1 Kas\u0131m tarihleri aras\u0131nda Kezban Arca Bat\u0131beki\u2019nin \u201cSound of Silence\u201d ba\u015fl\u0131kl\u0131 yeni ki\u015fisel sergisine ev sahipli\u011fi yap\u0131yor. K\u0131rk y\u0131l\u0131 a\u015fk\u0131n \u00fcretim prati\u011finde pop k\u00fclt\u00fcr, t\u00fcketim toplumu, kad\u0131n temsilleri, toplumsal cinsiyet politikalar\u0131 ve bellek gibi temalar\u0131 sorgulayan Bat\u0131beki, bu sergide do\u011fa, kad\u0131n bedeni ve sessizlik aras\u0131ndaki k\u0131r\u0131lgan ili\u015fkiler \u00fczerinden yeni bir g\u00f6rsel evren kuruyor.<\/p>\n\n\n\n<p>Sanat\u00e7\u0131n\u0131n siyah-beyaz\u0131n bask\u0131n oldu\u011fu resimlerinde, yaln\u0131zca se\u00e7ili imgelerde beliren renkler bir sesin, geri d\u00f6nmeye \u00e7al\u0131\u015fan bir haf\u0131zan\u0131n ipu\u00e7lar\u0131 gibi beliriyor. Bu i\u015fler, yaln\u0131zca temsil ve estetik d\u00fczlemde de\u011fil; etik, politik ve simgesel d\u00fczeyde de derin bir anlam katman\u0131 sunuyor.<\/p>\n\n\n\n<p>\u201cSound of Silence\u201d, sessizli\u011fin yaln\u0131zca suskunluk de\u011fil, ayn\u0131 zamanda bir direni\u015f bi\u00e7imi olabilece\u011fini hat\u0131rlat\u0131yor. Kad\u0131n fig\u00fcrlerinin do\u011fayla kurdu\u011fu simbiyotik ba\u011f, sanat\u00e7\u0131n\u0131n k\u00fclt\u00fcrel eko-feminist bir bak\u0131\u015fla geli\u015ftirdi\u011fi poetikas\u0131n\u0131 g\u00f6r\u00fcn\u00fcr k\u0131l\u0131yor. A\u011fa\u00e7lara k\u00f6k salan bedenler, susturulmu\u015f megafonlar, hedef tahtas\u0131na d\u00f6n\u00fc\u015fen kad\u0131n imgeleri; hepsi kad\u0131nl\u0131k h\u00e2llerine dair birer g\u00f6rsel manifesto niteli\u011finde.<\/p>\n\n\n\n<p>Derya Y\u00fccel\u2019in sergi metninde de vurgulad\u0131\u011f\u0131 gibi, \u201cBat\u0131beki\u2019nin son d\u00f6nem i\u015fleri, fig\u00fcr\u00fcn \u00f6tesine ge\u00e7erek yeni bir imgeleme alan\u0131 a\u00e7\u0131yor.&nbsp;Kad\u0131n\u0131n bedeni bir hedef de\u011fil, bir alan; sesi bir yank\u0131 de\u011fil, bir \u00e7a\u011fr\u0131 olarak duyuluyor.&nbsp;Sessizlik ise burada hi\u00e7 olmad\u0131\u011f\u0131 kadar g\u00fcr\u00fclt\u00fcl\u00fc.\u201d<\/p>\n","protected":false},"excerpt":{"rendered":"<p>Merkur Art Gallery, 13 Eyl\u00fcl\u20131 Kas\u0131m tarihleri aras\u0131nda Bat\u0131beki\u2019nin do\u011fa, kad\u0131n bedeni ve sessizlik \u00fczerinden kurgulad\u0131\u011f\u0131 yeni sergisine ev sahipli\u011fi yap\u0131yor. Merkur Art Gallery, 13&hellip;<\/p>\n","protected":false},"author":6,"featured_media":3626,"comment_status":"open","ping_status":"open","sticky":false,"template":"","format":"standard","meta":{"footnotes":""},"categories":[22],"tags":[],"class_list":["post-3625","post","type-post","status-publish","format-standard","has-post-thumbnail","hentry","category-kultursanat"],"_links":{"self":[{"href":"https:\/\/www.mallandmotto.com\/index.php\/wp-json\/wp\/v2\/posts\/3625","targetHints":{"allow":["GET"]}}],"collection":[{"href":"https:\/\/www.mallandmotto.com\/index.php\/wp-json\/wp\/v2\/posts"}],"about":[{"href":"https:\/\/www.mallandmotto.com\/index.php\/wp-json\/wp\/v2\/types\/post"}],"author":[{"embeddable":true,"href":"https:\/\/www.mallandmotto.com\/index.php\/wp-json\/wp\/v2\/users\/6"}],"replies":[{"embeddable":true,"href":"https:\/\/www.mallandmotto.com\/index.php\/wp-json\/wp\/v2\/comments?post=3625"}],"version-history":[{"count":1,"href":"https:\/\/www.mallandmotto.com\/index.php\/wp-json\/wp\/v2\/posts\/3625\/revisions"}],"predecessor-version":[{"id":3627,"href":"https:\/\/www.mallandmotto.com\/index.php\/wp-json\/wp\/v2\/posts\/3625\/revisions\/3627"}],"wp:featuredmedia":[{"embeddable":true,"href":"https:\/\/www.mallandmotto.com\/index.php\/wp-json\/wp\/v2\/media\/3626"}],"wp:attachment":[{"href":"https:\/\/www.mallandmotto.com\/index.php\/wp-json\/wp\/v2\/media?parent=3625"}],"wp:term":[{"taxonomy":"category","embeddable":true,"href":"https:\/\/www.mallandmotto.com\/index.php\/wp-json\/wp\/v2\/categories?post=3625"},{"taxonomy":"post_tag","embeddable":true,"href":"https:\/\/www.mallandmotto.com\/index.php\/wp-json\/wp\/v2\/tags?post=3625"}],"curies":[{"name":"wp","href":"https:\/\/api.w.org\/{rel}","templated":true}]}}