{"id":3664,"date":"2025-08-22T07:51:03","date_gmt":"2025-08-22T07:51:03","guid":{"rendered":"https:\/\/www.mallandmotto.com\/?p=3664"},"modified":"2025-08-28T10:33:39","modified_gmt":"2025-08-28T10:33:39","slug":"akasya-ve-akbatinin-projeleri-uluslararasi-arenadan-odullerle-dondu","status":"publish","type":"post","link":"https:\/\/www.mallandmotto.com\/index.php\/2025\/08\/22\/akasya-ve-akbatinin-projeleri-uluslararasi-arenadan-odullerle-dondu\/","title":{"rendered":"Akasya ve Akbat\u0131\u2019n\u0131n Projeleri Uluslararas\u0131 Arenadan \u00d6d\u00fcllerle D\u00f6nd\u00fc"},"content":{"rendered":"\n<h3 class=\"wp-block-heading\"><strong>Aki\u015f GYO yat\u0131r\u0131mlar\u0131 Akasya ve Akbat\u0131, Stevie Awards\u2019ta uluslararas\u0131 ba\u015far\u0131lar\u0131n\u0131 peki\u015ftirdi. Akasya\u2019n\u0131n deneyim odakl\u0131 \u201cBosphorun Indoor\u201d projesi alt\u0131n \u00f6d\u00fcl al\u0131rken, Akbat\u0131\u2019n\u0131n \u201cYe\u015fil Tak\u0131m\u201d s\u00fcrd\u00fcr\u00fclebilirlik giri\u015fimi iki bronz \u00f6d\u00fcle lay\u0131k g\u00f6r\u00fcld\u00fc.<\/strong><\/h3>\n\n\n\n<p>Aki\u015f GYO yat\u0131r\u0131mlar\u0131ndan Akasya ve Akbat\u0131, uluslararas\u0131 alanda,&nbsp;<strong>kurumsal d\u00fcnyan\u0131n en prestijli \u00f6d\u00fcllerinden Stevie Awards\u2019ta<\/strong>&nbsp;\u00f6nemli ba\u015far\u0131lara imza att\u0131. Akasya, Bosphorun Indoor projesi ile \u201cMarka ve Deneyimler &#8211; Kurumsal Sosyal Sorumluluk Etkinli\u011fi\u201d kategorisinde alt\u0131n \u00f6d\u00fcl\u00fc kazan\u0131rken; Akbat\u0131 ise, Ye\u015fil Tak\u0131m projesi ile \u201cAvrupa\u2019da Y\u0131l\u0131n S\u00fcrd\u00fcr\u00fclebilirlik Giri\u015fimi\u201d ve \u201c\u00c7evresel, Sosyal ve Kurumsal Y\u00f6neti\u015fim Ba\u015far\u0131s\u0131\u201d kategorilerinde bronz \u00f6d\u00fcl\u00fcn sahibi oldu.<\/p>\n\n\n\n<p><strong>Toplumsal faydaya \u201calt\u0131n\u201d de\u011ferinde \u00f6d\u00fcl<\/strong><\/p>\n\n\n\n<p>Akasya\u2019n\u0131n Nisan ay\u0131nda hayata ge\u00e7irdi\u011fi \u201cBosphorun Indoor\u201d projesi, T\u00fcrkiye\u2019nin \u0130lk AVM Ko\u015fusu olma \u00f6zelli\u011fiyle dikkat \u00e7ekti. Etkinlikten elde edilen t\u00fcm gelir, T\u00fcrk Spor Vakf\u0131 arac\u0131l\u0131\u011f\u0131yla Anadolu\u2019daki ihtiya\u00e7 sahibi okullara spor ekipman\u0131 olarak ba\u011f\u0131\u015fland\u0131. Proje kapsam\u0131nda; k\u00fclt\u00fcrel fark\u0131ndal\u0131\u011f\u0131 ve toplumsal etkile\u015fimi g\u00fc\u00e7lendiren interaktif alanlar, ziyaret\u00e7ilere unutulmaz bir deneyim sa\u011flad\u0131. Bu anlaml\u0131 ve interaktif deneyim,&nbsp;<strong>Brand &amp; Experiences &#8211; CSR Event<\/strong>&nbsp;(Marka ve Deneyimler &#8211; Kurumsal Sosyal Sorumluluk Etkinli\u011fi) kategorisinde alt\u0131n \u00f6d\u00fclle uluslararas\u0131 prestij de kazand\u0131.<\/p>\n\n\n\n<p><strong>S\u00fcrd\u00fcr\u00fclebilirlik projesine uluslararas\u0131 \u00f6d\u00fcller<\/strong><\/p>\n\n\n\n<p>Akbat\u0131 ise, \u00e7evre bilinci g\u00fc\u00e7lendirmek ve s\u00fcrd\u00fcr\u00fclebilir ya\u015fam al\u0131\u015fkanl\u0131klar\u0131n\u0131 yayg\u0131nla\u015ft\u0131rmak amac\u0131yla hayata ge\u00e7irdi\u011fi \u201cYe\u015fil Tak\u0131m\u201d projesi ile iki farkl\u0131 kategoride \u00f6d\u00fcllendirildi.&nbsp;<strong>Sustainability Initiative of the Year \u2013 in Europe<\/strong>&nbsp;(Avrupa\u2019da Y\u0131l\u0131n S\u00fcrd\u00fcr\u00fclebilirlik Giri\u015fimi) ve&nbsp;<strong>Achievement in Environment, Social, and Governance<\/strong>&nbsp;(\u00c7evresel, Sosyal ve Kurumsal Y\u00f6neti\u015fim Ba\u015far\u0131s\u0131) kategorilerinde bronz \u00f6d\u00fcl\u00fcn sahibi olan Akbat\u0131, s\u00fcrd\u00fcr\u00fclebilirlik hedeflerini somut projelerle destekledi\u011fini uluslararas\u0131 arenada da kan\u0131tlad\u0131.<\/p>\n\n\n\n<p>\u00d6d\u00fcller, Akasya ve Akbat\u0131\u2019n\u0131n toplumsal ve \u00e7evresel de\u011fer yaratma vizyonunu bir kez daha ortaya koydu.<\/p>\n","protected":false},"excerpt":{"rendered":"<p>Aki\u015f GYO yat\u0131r\u0131mlar\u0131 Akasya ve Akbat\u0131, Stevie Awards\u2019ta uluslararas\u0131 ba\u015far\u0131lar\u0131n\u0131 peki\u015ftirdi. Akasya\u2019n\u0131n deneyim odakl\u0131 \u201cBosphorun Indoor\u201d projesi alt\u0131n \u00f6d\u00fcl al\u0131rken, Akbat\u0131\u2019n\u0131n \u201cYe\u015fil Tak\u0131m\u201d s\u00fcrd\u00fcr\u00fclebilirlik giri\u015fimi&hellip;<\/p>\n","protected":false},"author":6,"featured_media":3665,"comment_status":"open","ping_status":"open","sticky":false,"template":"","format":"standard","meta":{"footnotes":""},"categories":[1],"tags":[],"class_list":["post-3664","post","type-post","status-publish","format-standard","has-post-thumbnail","hentry","category-serbest"],"_links":{"self":[{"href":"https:\/\/www.mallandmotto.com\/index.php\/wp-json\/wp\/v2\/posts\/3664","targetHints":{"allow":["GET"]}}],"collection":[{"href":"https:\/\/www.mallandmotto.com\/index.php\/wp-json\/wp\/v2\/posts"}],"about":[{"href":"https:\/\/www.mallandmotto.com\/index.php\/wp-json\/wp\/v2\/types\/post"}],"author":[{"embeddable":true,"href":"https:\/\/www.mallandmotto.com\/index.php\/wp-json\/wp\/v2\/users\/6"}],"replies":[{"embeddable":true,"href":"https:\/\/www.mallandmotto.com\/index.php\/wp-json\/wp\/v2\/comments?post=3664"}],"version-history":[{"count":1,"href":"https:\/\/www.mallandmotto.com\/index.php\/wp-json\/wp\/v2\/posts\/3664\/revisions"}],"predecessor-version":[{"id":3666,"href":"https:\/\/www.mallandmotto.com\/index.php\/wp-json\/wp\/v2\/posts\/3664\/revisions\/3666"}],"wp:featuredmedia":[{"embeddable":true,"href":"https:\/\/www.mallandmotto.com\/index.php\/wp-json\/wp\/v2\/media\/3665"}],"wp:attachment":[{"href":"https:\/\/www.mallandmotto.com\/index.php\/wp-json\/wp\/v2\/media?parent=3664"}],"wp:term":[{"taxonomy":"category","embeddable":true,"href":"https:\/\/www.mallandmotto.com\/index.php\/wp-json\/wp\/v2\/categories?post=3664"},{"taxonomy":"post_tag","embeddable":true,"href":"https:\/\/www.mallandmotto.com\/index.php\/wp-json\/wp\/v2\/tags?post=3664"}],"curies":[{"name":"wp","href":"https:\/\/api.w.org\/{rel}","templated":true}]}}