{"id":3668,"date":"2025-08-22T07:52:43","date_gmt":"2025-08-22T07:52:43","guid":{"rendered":"https:\/\/www.mallandmotto.com\/?p=3668"},"modified":"2025-08-28T10:22:53","modified_gmt":"2025-08-28T10:22:53","slug":"17-burda-avmde-zeytin-festivali-basliyor","status":"publish","type":"post","link":"https:\/\/www.mallandmotto.com\/index.php\/2025\/08\/22\/17-burda-avmde-zeytin-festivali-basliyor\/","title":{"rendered":"17 Burda AVM\u2019de Zeytin Festivali ba\u015fl\u0131yor"},"content":{"rendered":"\n<h3 class=\"wp-block-heading\">\u00c7anakkale\u2019nin bereketli topraklar\u0131ndan sofralara uzanan zeytin ve zeytinya\u011f\u0131n\u0131n e\u015fsiz yolculu\u011fu, bu y\u0131l 17 Burda AVM\u2019de d\u00fczenlenecek Zeytin Festivali ile kutlan\u0131yor. 22-24 A\u011fustos 2025 tarihleri aras\u0131nda 3 g\u00fcn boyunca ger\u00e7ekle\u015fecek festival, zeytin tutkunlar\u0131n\u0131, \u00fcreticileri, akademisyenleri ve do\u011fa dostlar\u0131n\u0131 bir araya getirecek.<\/h3>\n\n\n\n<p>Festival boyunca ziyaret\u00e7iler, zeytin ve zeytinya\u011f\u0131 tad\u0131mlar\u0131, sat\u0131\u015f stantlar\u0131, bilgilendirici s\u00f6yle\u015filer ve at\u00f6lyeler ile zeytinin lezzet ve k\u00fclt\u00fcr yolculu\u011funu ke\u015ffedecek. Ayr\u0131ca, \u00e7ocuklara \u00f6zel etkinlikler, yarat\u0131c\u0131 at\u00f6lyeler ve e\u011flenceli oyunlarla festival her ya\u015ftan kat\u0131l\u0131mc\u0131ya hitap edecek.<\/p>\n\n\n\n<p>Etkinlik program\u0131 kapsam\u0131nda; Arkeolog Alt\u0131nay Bozkurt ile \u201cZeytinden K\u00f6p\u00fc\u011fe\u201d ba\u015fl\u0131kl\u0131 s\u00f6yle\u015fi ve do\u011fal sabun at\u00f6lyesi kat\u0131l\u0131mc\u0131lara antik d\u00f6nemlerden g\u00fcn\u00fcm\u00fcze uzanan bir ser\u00fcven sunacak. \u00c7OM\u00dc Gastronomi B\u00f6l\u00fcm\u00fc akademisyenleri, zeytinya\u011f\u0131 ile sa\u011fl\u0131kl\u0131 tariflerin s\u0131rlar\u0131n\u0131 uygulamal\u0131 at\u00f6lyelerde aktaracak. Usta belgeselci ve gazeteci Co\u015fkun Aral, \u201cDo\u011fal Ya\u015fam\u0131n \u0130zinde\u201d s\u00f6yle\u015fisinde zeytincili\u011fin k\u00fclt\u00fcrel miras\u0131n\u0131 ve do\u011fa ile insan aras\u0131ndaki ba\u011flar\u0131 kendi objektifinden anlatacak. \u00c7ocuklar i\u00e7in Lala At\u00f6lye ve Form E\u011fitim Kurumlar\u0131 i\u015f birli\u011fiyle u\u00e7urtma yap\u0131m\u0131ndan yarat\u0131c\u0131 resim \u00e7al\u0131\u015fmalar\u0131na, zeytin \u00e7ekirde\u011finden m\u00fczik aleti yap\u0131m\u0131na kadar bir\u00e7ok etkinlik d\u00fczenlenecek.<\/p>\n\n\n\n<p>Festivalde ayr\u0131ca \u201cZeytin Hazinesi\u201d ve \u201cZeytin Ta\u015f\u0131ma\u201d oyunlar\u0131 s\u00fcrpriz hediyelerle e\u011flenceli anlar ya\u015fat\u0131rken, \u00c7anakkale \u0130l Tar\u0131m ve Orman M\u00fcd\u00fcrl\u00fc\u011f\u00fc\u2019n\u00fcn bilgilendirme etkinlikleri zeytinin yolculu\u011funu bilimsel y\u00f6n\u00fcyle ortaya koyacak.<\/p>\n\n\n\n<p>\u00c7anakkale\u2019nin farkl\u0131 b\u00f6lgelerinden 14 yerel \u00fcretici, kendi markalar\u0131yla festivalde yer alarak ziyaret\u00e7ilere do\u011fal ve kaliteli \u00fcr\u00fcnlerini sunacak. Festival boyunca trio m\u00fczik dinletileri ve reng\u00e2renk etkinliklerle 17 Burda AVM, \u00c7anakkale\u2019nin zeytine dair en keyifli bulu\u015fma noktas\u0131 olacak.<\/p>\n","protected":false},"excerpt":{"rendered":"<p>\u00c7anakkale\u2019nin bereketli topraklar\u0131ndan sofralara uzanan zeytin ve zeytinya\u011f\u0131n\u0131n e\u015fsiz yolculu\u011fu, bu y\u0131l 17 Burda AVM\u2019de d\u00fczenlenecek Zeytin Festivali ile kutlan\u0131yor. 22-24 A\u011fustos 2025 tarihleri aras\u0131nda&hellip;<\/p>\n","protected":false},"author":6,"featured_media":3669,"comment_status":"open","ping_status":"open","sticky":false,"template":"","format":"standard","meta":{"footnotes":""},"categories":[1],"tags":[],"class_list":["post-3668","post","type-post","status-publish","format-standard","has-post-thumbnail","hentry","category-serbest"],"_links":{"self":[{"href":"https:\/\/www.mallandmotto.com\/index.php\/wp-json\/wp\/v2\/posts\/3668","targetHints":{"allow":["GET"]}}],"collection":[{"href":"https:\/\/www.mallandmotto.com\/index.php\/wp-json\/wp\/v2\/posts"}],"about":[{"href":"https:\/\/www.mallandmotto.com\/index.php\/wp-json\/wp\/v2\/types\/post"}],"author":[{"embeddable":true,"href":"https:\/\/www.mallandmotto.com\/index.php\/wp-json\/wp\/v2\/users\/6"}],"replies":[{"embeddable":true,"href":"https:\/\/www.mallandmotto.com\/index.php\/wp-json\/wp\/v2\/comments?post=3668"}],"version-history":[{"count":1,"href":"https:\/\/www.mallandmotto.com\/index.php\/wp-json\/wp\/v2\/posts\/3668\/revisions"}],"predecessor-version":[{"id":3670,"href":"https:\/\/www.mallandmotto.com\/index.php\/wp-json\/wp\/v2\/posts\/3668\/revisions\/3670"}],"wp:featuredmedia":[{"embeddable":true,"href":"https:\/\/www.mallandmotto.com\/index.php\/wp-json\/wp\/v2\/media\/3669"}],"wp:attachment":[{"href":"https:\/\/www.mallandmotto.com\/index.php\/wp-json\/wp\/v2\/media?parent=3668"}],"wp:term":[{"taxonomy":"category","embeddable":true,"href":"https:\/\/www.mallandmotto.com\/index.php\/wp-json\/wp\/v2\/categories?post=3668"},{"taxonomy":"post_tag","embeddable":true,"href":"https:\/\/www.mallandmotto.com\/index.php\/wp-json\/wp\/v2\/tags?post=3668"}],"curies":[{"name":"wp","href":"https:\/\/api.w.org\/{rel}","templated":true}]}}