{"id":3705,"date":"2025-08-22T14:24:23","date_gmt":"2025-08-22T14:24:23","guid":{"rendered":"https:\/\/www.mallandmotto.com\/?p=3705"},"modified":"2025-08-22T14:24:24","modified_gmt":"2025-08-22T14:24:24","slug":"maison-magi-eylul-boyunca-datcada-sanatla","status":"publish","type":"post","link":"https:\/\/www.mallandmotto.com\/index.php\/2025\/08\/22\/maison-magi-eylul-boyunca-datcada-sanatla\/","title":{"rendered":"Maison Magi, Eyl\u00fcl Boyunca Dat\u00e7a\u2019da Sanatla"},"content":{"rendered":"\n<h3 class=\"wp-block-heading\"><strong>Sonbahar\u0131n ilham veren enerjisiyle Maison Magi, Dat\u00e7a\u2019da sanat, m\u00fczik ve do\u011fay\u0131 bulu\u015fturan dopdolu bir Eyl\u00fcl program\u0131 sunuyor. Sergiler, m\u00fczik dinletileri, yarat\u0131c\u0131 at\u00f6lyeler ve yoga seanslar\u0131yla hem bedeninizi hem ruhunuzu besleyecek unutulmaz bir sanat yolculu\u011fu sizi bekliyor.&nbsp;<\/strong><\/h3>\n\n\n\n<p>Maison Magi, sonbahar\u0131n dingin ruhunu Eski Dat\u00e7a\u2019n\u0131n ta\u015f sokaklar\u0131ndan yans\u0131tarak Eyl\u00fcl ay\u0131nda sanat, do\u011fa ve sanatseverleri ayn\u0131 \u00e7at\u0131 alt\u0131nda bulu\u015fturuyor. Bu ay, sergilerden a\u00e7\u0131k at\u00f6lyelere, yarat\u0131c\u0131 at\u00f6lyelerden \u015fifa \u00e7al\u0131\u015fmalar\u0131na, tiyatrodan m\u00fczik dinletilerine ve do\u011fa y\u00fcr\u00fcy\u00fc\u015flerine uzanan dopdolu bir program sanat tutkunlar\u0131n\u0131 bekliyor.<\/p>\n\n\n\n<p><strong>Sonbahara Dingin Bir Merhaba: Dat\u00e7a Hikayesi Sergisi<\/strong><\/p>\n\n\n\n<p>Eyl\u00fcl\u2019\u00fcn en dikkat \u00e7ekici bulu\u015fmalar\u0131ndan biri, 16\u201330 Eyl\u00fcl tarihleri aras\u0131nda ger\u00e7ekle\u015fecek \u201cDat\u00e7a Hikayesi\u201d sergisi. Ay\u00e7a Bumin, Ay\u015fenur \u0130lk\u0131\u015f\u0131k, Burcu \u015eahin, Ersoy Alap, Feridun Fikri U\u011fur, G\u00f6zde E\u015fkazan, \u0130dil Berf, Melek \u015eule Kant\u00fcrk, \u00d6zbilen G\u00f6kg\u00f6l, Sema Boyanc\u0131, \u015eenay Akkurt, Volkan Akme\u015fe ve Yasemin \u00d6zen G\u00f6k\u2019\u00fcn eserlerinden olu\u015fan se\u00e7ki, Dat\u00e7a\u2019y\u0131 yaln\u0131zca bir yerle\u015fim yeri olarak de\u011fil; do\u011fas\u0131, k\u00fclt\u00fcr\u00fc ve ruhuyla ilham veren \u00e7ok katmanl\u0131 bir hik\u00e2ye olarak yorumluyor.<\/p>\n\n\n\n<p><strong>\u201cA\u00e7\u0131k At\u00f6lye\u201d Deneyimleri Maison Magi\u2019de<\/strong><\/p>\n\n\n\n<p>Maison Magi, a\u00e7\u0131k at\u00f6lyelerinin kap\u0131lar\u0131n\u0131 sanat\u00e7\u0131lar\u0131n \u00fcretim s\u00fcre\u00e7lerine yak\u0131ndan tan\u0131kl\u0131k etmek isteyenler i\u00e7in a\u00e7\u0131yor. 2 Eyl\u00fcl\u2019de Demet Yersel ve Dilek I\u015f\u0131ksel, 27 Eyl\u00fcl\u2019de ise Yasemin Keltek \u00e7al\u0131\u015fmalar\u0131n\u0131 izleyicilerle bulu\u015fturacak. Ayr\u0131ca Keltek\u2019in 21 Eyl\u00fcl\u20132 Ekim tarihleri aras\u0131ndaki artist residency program\u0131, yarat\u0131m s\u00fcrecini deneyimlemek isteyenlere farkl\u0131 bir pencere a\u00e7acak.<\/p>\n\n\n\n<p><strong>Yin Yoga ile \u0130\u00e7sel Yolculuk<\/strong><\/p>\n\n\n\n<p>Program\u0131n bir di\u011fer \u00f6ne \u00e7\u0131kan ba\u015fl\u0131\u011f\u0131, Maison Magi\u2019nin dingin atmosferinde ger\u00e7ekle\u015fen \u015fifa \u00e7al\u0131\u015fmalar\u0131. 6 Eyl\u00fcl sabah\u0131 \u0130lsu Pamuk\u2019un myofasyal gev\u015feme egzersizleri ve yin yoga seans\u0131, kat\u0131l\u0131mc\u0131lara bedensel rahatlama sunarken; 12 Eyl\u00fcl ak\u015fam\u0131 uyku \u00f6ncesi reg\u00fclasyon pratikleri i\u00e7sel dinginli\u011fi destekleyecek.<\/p>\n\n\n\n<p><strong>Tiyatro ve M\u00fczik Ziyafetleri Dat\u00e7al\u0131 Sanatseverleri Bekliyor<\/strong><\/p>\n\n\n\n<p>Maison Magi sahnesi, Eyl\u00fcl ay\u0131nda tiyatro ve s\u00f6yle\u015filerle de dolup ta\u015f\u0131yor. 13 Eyl\u00fcl ak\u015fam\u0131 P\u0131nar G\u00fcnt\u00fcrk\u00fcn\u2019\u00fcn tek ki\u015filik oyunu \u201cHerkes Kocama Benziyor\u201d izleyiciyle bulu\u015furken, ertesi g\u00fcn oyuncu ile \u00f6zel bir s\u00f6yle\u015fi ger\u00e7ekle\u015fecek.&nbsp;<\/p>\n\n\n\n<p>3 Eyl\u00fcl\u2019de Jasmin Lara G\u00f6rdesligil ve \u00d6zlem G\u00f6rg\u00fcl\u00fc ile \u201cDo\u011fudan Bat\u0131ya Dat\u00e7a\u2019da \u0130pek B\u00f6cek\u00e7ili\u011fi\u201d s\u00f6yle\u015fisi, 13 Eyl\u00fcl\u2019de Fulya Okbay\u2019\u0131n Modern Sanat Tarihi Semineri ve m\u00fczi\u011fin b\u00fcy\u00fcs\u00fc de Maison Magi\u2019nin ta\u015f avlusunu sar\u0131yor. 6 Eyl\u00fcl\u2019de Elif Akbaydo\u011fan\u2019\u0131n \u201cBeden ve Ses\u201d flamenko performans\u0131, 7 Eyl\u00fcl\u2019de ise sanat\u00e7\u0131yla ger\u00e7ekle\u015ftirilecek flamenko workshop, dans\u0131n ve m\u00fczi\u011fin co\u015fkusunu izleyiciyle bulu\u015fturacak. Her cuma ak\u015fam\u0131 Cansu Sezal\u2019\u0131n arp dinletileri, Dat\u00e7a\u2019n\u0131n sakin ritmine e\u015flik ediyor.<\/p>\n\n\n\n<p><strong>Dat\u00e7a\u2019n\u0131n Tarihi ve Do\u011fas\u0131 Maison Magi Merce\u011finde<\/strong><\/p>\n\n\n\n<p>Do\u011fa ile sanat\u0131 bulu\u015fturan yarat\u0131c\u0131 at\u00f6lyeler de Eyl\u00fcl ay\u0131nda Maison Magi\u2019de hayat buluyor. 6 Eyl\u00fcl\u2019de Fulya Okbay ile Dat\u00e7a\u2019n\u0131n \u00c7i\u00e7ekleri ve Bitkileri Suluboya At\u00f6lyesi, b\u00f6lgenin endemik bitkilerinden ilham alarak reng\u00e2renk bir yolculu\u011fa \u00e7\u0131kar\u0131yor.&nbsp;<\/p>\n\n\n\n<p>8 Eyl\u00fcl\u2019de Seda Batmaz ile Do\u011fal M\u00fcrekkep Yap\u0131m\u0131 ve Sanat Terapisi, ard\u0131ndan 10 Eyl\u00fcl\u2019deki Ecoprint At\u00f6lyesi, do\u011fan\u0131n sundu\u011fu renkleri sanatsal bir ke\u015ffe d\u00f6n\u00fc\u015ft\u00fcr\u00fcyor.&nbsp;<\/p>\n\n\n\n<p>11 Eyl\u00fcl\u2019de ise Prof. Dr. Numan Tuna\u2019n\u0131n \u201cKnidos\u2019ta Toplumsal Yap\u0131, Tar\u0131msal Ekonomi ve \u00c7evre \u0130li\u015fkileri\u201d \u00fczerine konu\u015fmas\u0131 (tarih de\u011fi\u015febilir) Dat\u00e7a severleri tarihin derinliklerine g\u00f6t\u00fcrecek.&nbsp;<\/p>\n\n\n\n<p>21 Eyl\u00fcl\u2019de Arkeolog Okan \u00d6zalp\u2019in \u201cBir Mahrubiyet B\u00f6lgesi Olarak Yoklar Diyar\u0131 Dat\u00e7a\u201d ba\u015fl\u0131kl\u0131 sohbeti yer al\u0131yor. Ay\u0131n sonunda Maison Magi, do\u011fay\u0131 da sanat program\u0131na dahil ediyor.&nbsp;<\/p>\n\n\n\n<p>28 Eyl\u00fcl\u2019de Ali Tiyar G\u00f6k rehberli\u011finde d\u00fczenlenecek do\u011fa y\u00fcr\u00fcy\u00fc\u015f\u00fc, Maison Magi\u2019den ba\u015flayarak Dat\u00e7a\u2019n\u0131n ta\u015f patikalar\u0131na uzan\u0131yor. Kat\u0131l\u0131mc\u0131lar, tarihsel izler ta\u015f\u0131yan yollar\u0131 ad\u0131mlarken b\u00f6lgenin endemik bitki \u00f6rt\u00fcs\u00fcn\u00fc, \u00e7i\u00e7eklerini ve botanik zenginli\u011fini ke\u015ffedecek; Dat\u00e7a\u2019n\u0131n do\u011fas\u0131nda sanat\u0131n ruhunu ta\u015f\u0131yan bir deneyim ya\u015fayacak.&nbsp;<\/p>\n\n\n\n<p>Maison Magi, bu Eyl\u00fcl\u2019de Dat\u00e7a\u2019n\u0131n sakin ritmi i\u00e7inde ilham almak, \u00f6\u011frenmek ve payla\u015fmak isteyen herkesi bekliyor.<\/p>\n","protected":false},"excerpt":{"rendered":"<p>Sonbahar\u0131n ilham veren enerjisiyle Maison Magi, Dat\u00e7a\u2019da sanat, m\u00fczik ve do\u011fay\u0131 bulu\u015fturan dopdolu bir Eyl\u00fcl program\u0131 sunuyor. Sergiler, m\u00fczik dinletileri, yarat\u0131c\u0131 at\u00f6lyeler ve yoga seanslar\u0131yla&hellip;<\/p>\n","protected":false},"author":6,"featured_media":3706,"comment_status":"open","ping_status":"open","sticky":false,"template":"","format":"standard","meta":{"footnotes":""},"categories":[22],"tags":[],"class_list":["post-3705","post","type-post","status-publish","format-standard","has-post-thumbnail","hentry","category-kultursanat"],"_links":{"self":[{"href":"https:\/\/www.mallandmotto.com\/index.php\/wp-json\/wp\/v2\/posts\/3705","targetHints":{"allow":["GET"]}}],"collection":[{"href":"https:\/\/www.mallandmotto.com\/index.php\/wp-json\/wp\/v2\/posts"}],"about":[{"href":"https:\/\/www.mallandmotto.com\/index.php\/wp-json\/wp\/v2\/types\/post"}],"author":[{"embeddable":true,"href":"https:\/\/www.mallandmotto.com\/index.php\/wp-json\/wp\/v2\/users\/6"}],"replies":[{"embeddable":true,"href":"https:\/\/www.mallandmotto.com\/index.php\/wp-json\/wp\/v2\/comments?post=3705"}],"version-history":[{"count":1,"href":"https:\/\/www.mallandmotto.com\/index.php\/wp-json\/wp\/v2\/posts\/3705\/revisions"}],"predecessor-version":[{"id":3707,"href":"https:\/\/www.mallandmotto.com\/index.php\/wp-json\/wp\/v2\/posts\/3705\/revisions\/3707"}],"wp:featuredmedia":[{"embeddable":true,"href":"https:\/\/www.mallandmotto.com\/index.php\/wp-json\/wp\/v2\/media\/3706"}],"wp:attachment":[{"href":"https:\/\/www.mallandmotto.com\/index.php\/wp-json\/wp\/v2\/media?parent=3705"}],"wp:term":[{"taxonomy":"category","embeddable":true,"href":"https:\/\/www.mallandmotto.com\/index.php\/wp-json\/wp\/v2\/categories?post=3705"},{"taxonomy":"post_tag","embeddable":true,"href":"https:\/\/www.mallandmotto.com\/index.php\/wp-json\/wp\/v2\/tags?post=3705"}],"curies":[{"name":"wp","href":"https:\/\/api.w.org\/{rel}","templated":true}]}}