{"id":3709,"date":"2025-08-22T14:37:03","date_gmt":"2025-08-22T14:37:03","guid":{"rendered":"https:\/\/www.mallandmotto.com\/?p=3709"},"modified":"2025-09-10T07:10:52","modified_gmt":"2025-09-10T07:10:52","slug":"ankarada-black-friday-rehberi","status":"publish","type":"post","link":"https:\/\/www.mallandmotto.com\/index.php\/2025\/08\/22\/ankarada-black-friday-rehberi\/","title":{"rendered":"Ankara\u2019da Efsane Cuma Rehberi"},"content":{"rendered":"\n<h3 class=\"wp-block-heading\">Kas\u0131m ay\u0131n\u0131n son haftas\u0131 kap\u0131m\u0131zda \u2014 Ankara\u2019da Efsane Cuma f\u0131rsatlar\u0131n\u0131 en iyi de\u011ferlendirece\u011fin AVM\u2019leri ve outlet noktalar\u0131n\u0131 senin i\u00e7in bir araya getirdim. \u015eimdi, avantajl\u0131 al\u0131\u015fveri\u015f rotan\u0131 \u00e7izmeye ne dersin?<\/h3>\n\n\n\n<p>Efsane Cuma, d\u00fcnyadan T\u00fcrkiye\u2019ye uzanan dev indirim maratonunun ad\u0131d\u0131r. Bu y\u0131l\u00a0<em>28 Kas\u0131m Cuma<\/em>\u00a0g\u00fcn\u00fc fiziki ma\u011fazalarda, \u00f6ncesinde ise online sat\u0131\u015flarda indirimler ba\u015fl\u0131yor. Ankara\u2019da hem yerel hem ulusal markalar\u0131n kat\u0131l\u0131m\u0131yla canl\u0131 ve farkl\u0131 al\u0131\u015fveri\u015f deneyimleri sunan AVM\u2019ler \u00f6n planda.<\/p>\n\n\n\n<p><h3 data-start=\"669\" data-end=\"697\" style=\"white-space: normal; caret-color: rgb(0, 0, 0); color: rgb(0, 0, 0);\">Hangi AVM\u2019lere Gitmeli?<\/h3><\/p>\n\n\n\n<p><h4 data-start=\"699\" data-end=\"722\" style=\"white-space: normal; caret-color: rgb(0, 0, 0); color: rgb(0, 0, 0);\"><\/h4><\/p>\n\n\n\n<h4 class=\"wp-block-heading\"><strong>Ankamall AVM<\/strong><\/h4>\n\n\n\n<ul class=\"wp-block-list\">\n<li>Ankara\u2019n\u0131n en b\u00fcy\u00fck AVM\u2019lerinden biri olan Ankamall, yakla\u015f\u0131k 330 ma\u011fazas\u0131 ve 6000 ara\u00e7 kapasiteli otopark\u0131yla ya\u015f\u0131yor.<\/li>\n\n\n\n<li>Black Friday d\u00f6neminde b\u00fcy\u00fck markalar\u0131n indirimlerine ev sahipli\u011fi yapmas\u0131yla biliniyor; \u201cAl\u0131\u015fveri\u015f ve Tasar\u0131m G\u00fcnleri\u201d gibi \u00f6zel etkinliklerle daha da hareketli oluyor.<\/li>\n<\/ul>\n\n\n\n<figure class=\"wp-block-image size-large is-resized\"><img fetchpriority=\"high\" decoding=\"async\" width=\"1024\" height=\"553\" src=\"https:\/\/www.mallandmotto.com\/wp-content\/uploads\/2025\/08\/ANKAmall-scaled-3-1296x700-1-1024x553.jpg\" alt=\"\" class=\"wp-image-3711\" style=\"width:495px;height:auto\" srcset=\"https:\/\/www.mallandmotto.com\/wp-content\/uploads\/2025\/08\/ANKAmall-scaled-3-1296x700-1-1024x553.jpg 1024w, https:\/\/www.mallandmotto.com\/wp-content\/uploads\/2025\/08\/ANKAmall-scaled-3-1296x700-1-300x162.jpg 300w, https:\/\/www.mallandmotto.com\/wp-content\/uploads\/2025\/08\/ANKAmall-scaled-3-1296x700-1-768x415.jpg 768w, https:\/\/www.mallandmotto.com\/wp-content\/uploads\/2025\/08\/ANKAmall-scaled-3-1296x700-1.jpg 1296w\" sizes=\"(max-width: 1024px) 100vw, 1024px\" \/><\/figure>\n\n\n\n<h4 class=\"wp-block-heading\"><strong>Panora AVM<\/strong><\/h4>\n\n\n\n<ul class=\"wp-block-list\">\n<li>Ankara&#8217;da Black Friday kampanyalar\u0131n\u0131 \u00f6ne \u00e7\u0131karan noktalardan biri. \u00d6zellikle moda markalar\u0131nda indirim duyurular\u0131yla dikkat \u00e7ekiyor.<\/li>\n<\/ul>\n\n\n\n<figure class=\"wp-block-image size-full is-resized\"><img decoding=\"async\" width=\"600\" height=\"400\" src=\"https:\/\/www.mallandmotto.com\/wp-content\/uploads\/2025\/08\/panora_avm1.jpg\" alt=\"\" class=\"wp-image-3712\" style=\"width:497px;height:auto\" srcset=\"https:\/\/www.mallandmotto.com\/wp-content\/uploads\/2025\/08\/panora_avm1.jpg 600w, https:\/\/www.mallandmotto.com\/wp-content\/uploads\/2025\/08\/panora_avm1-300x200.jpg 300w\" sizes=\"(max-width: 600px) 100vw, 600px\" \/><\/figure>\n\n\n\n<h4 class=\"wp-block-heading\"><strong>Outlet Alternatifleri \u2013 Nata Vega, Ankara Optimum, Acity Premium<\/strong><\/h4>\n\n\n\n<ul class=\"wp-block-list\">\n<li><strong>Nata Vega Outlet AVM:<\/strong>&nbsp;Elektronikten ev tekstiline, modadan e\u011flenceye kadar geni\u015f se\u00e7enek yelpazesi ve indirim d\u00f6nemlerinde cazip f\u0131rsatlar sunuyor.<\/li>\n\n\n\n<li><strong>Ankara Optimum Outlet:<\/strong>&nbsp;Al\u0131\u015fveri\u015fle birlikte sanat at\u00f6lyesi, e\u011flence ve etkinliklere de ev sahipli\u011fi yaparak aileler i\u00e7in keyifli bir durak oluyor.<\/li>\n\n\n\n<li><strong>Acity Premium Outlet:<\/strong>&nbsp;Konforlu kapal\u0131 alan\u0131 ve \u00e7e\u015fitli markalar\u0131yla Ankara\u2019da outlet al\u0131\u015fveri\u015fin favorilerinden biri.<\/li>\n<\/ul>\n\n\n\n<hr class=\"wp-block-separator has-alpha-channel-opacity\"\/>\n","protected":false},"excerpt":{"rendered":"<p>Kas\u0131m ay\u0131n\u0131n son haftas\u0131 kap\u0131m\u0131zda \u2014 Ankara\u2019da Efsane Cuma f\u0131rsatlar\u0131n\u0131 en iyi de\u011ferlendirece\u011fin AVM\u2019leri ve outlet noktalar\u0131n\u0131 senin i\u00e7in bir araya getirdim. \u015eimdi, avantajl\u0131 al\u0131\u015fveri\u015f&hellip;<\/p>\n","protected":false},"author":6,"featured_media":4774,"comment_status":"open","ping_status":"open","sticky":false,"template":"","format":"standard","meta":{"footnotes":""},"categories":[27],"tags":[],"class_list":["post-3709","post","type-post","status-publish","format-standard","has-post-thumbnail","hentry","category-mottoozel"],"_links":{"self":[{"href":"https:\/\/www.mallandmotto.com\/index.php\/wp-json\/wp\/v2\/posts\/3709","targetHints":{"allow":["GET"]}}],"collection":[{"href":"https:\/\/www.mallandmotto.com\/index.php\/wp-json\/wp\/v2\/posts"}],"about":[{"href":"https:\/\/www.mallandmotto.com\/index.php\/wp-json\/wp\/v2\/types\/post"}],"author":[{"embeddable":true,"href":"https:\/\/www.mallandmotto.com\/index.php\/wp-json\/wp\/v2\/users\/6"}],"replies":[{"embeddable":true,"href":"https:\/\/www.mallandmotto.com\/index.php\/wp-json\/wp\/v2\/comments?post=3709"}],"version-history":[{"count":2,"href":"https:\/\/www.mallandmotto.com\/index.php\/wp-json\/wp\/v2\/posts\/3709\/revisions"}],"predecessor-version":[{"id":4773,"href":"https:\/\/www.mallandmotto.com\/index.php\/wp-json\/wp\/v2\/posts\/3709\/revisions\/4773"}],"wp:featuredmedia":[{"embeddable":true,"href":"https:\/\/www.mallandmotto.com\/index.php\/wp-json\/wp\/v2\/media\/4774"}],"wp:attachment":[{"href":"https:\/\/www.mallandmotto.com\/index.php\/wp-json\/wp\/v2\/media?parent=3709"}],"wp:term":[{"taxonomy":"category","embeddable":true,"href":"https:\/\/www.mallandmotto.com\/index.php\/wp-json\/wp\/v2\/categories?post=3709"},{"taxonomy":"post_tag","embeddable":true,"href":"https:\/\/www.mallandmotto.com\/index.php\/wp-json\/wp\/v2\/tags?post=3709"}],"curies":[{"name":"wp","href":"https:\/\/api.w.org\/{rel}","templated":true}]}}