{"id":3760,"date":"2025-08-25T08:15:15","date_gmt":"2025-08-25T08:15:15","guid":{"rendered":"https:\/\/www.mallandmotto.com\/?p=3760"},"modified":"2025-08-25T08:15:16","modified_gmt":"2025-08-25T08:15:16","slug":"evideada-ust-duzey-atama-2","status":"publish","type":"post","link":"https:\/\/www.mallandmotto.com\/index.php\/2025\/08\/25\/evideada-ust-duzey-atama-2\/","title":{"rendered":"Evidea\u2019da \u00dcst D\u00fczey Atama"},"content":{"rendered":"\n<h3 class=\"wp-block-heading\"><strong>T\u00fcrkiye\u2019nin \u00f6nde gelen ev ve ya\u015fam \u00fcr\u00fcnleri markalar\u0131ndan Evidea, ma\u011faza operasyonlar\u0131n\u0131 deneyimli bir isme emanet etti. Serkan Demir, Ma\u011faza Operasyon Direkt\u00f6r\u00fc olarak \u015firketin b\u00fcy\u00fcme yolculu\u011funa katk\u0131 sa\u011flayacak.<\/strong><\/h3>\n\n\n\n<p>Ev ve ya\u015fam \u00fcr\u00fcnleri kategorisinde faaliyet g\u00f6steren ve b\u00fcy\u00fcmesini perakende ma\u011faza zinciriyle s\u00fcrd\u00fcren Evidea, operasyon ekibine deneyimli bir ismi daha ekledi. Serkan Demir,&nbsp;<strong>Evidea Ma\u011faza Operasyon Direkt\u00f6r\u00fc<\/strong>&nbsp;olarak atanarak, \u015firketin ma\u011fazalar\u0131n\u0131n operasyonel s\u00fcre\u00e7lerinin y\u00f6netimi ve geli\u015ftirilmesinden sorumlu olacak.<\/p>\n\n\n\n<p>Bo\u011fazi\u00e7i \u00dcniversitesi\u2019nden \u0130\u015fletme lisans derecesine ve Beykent \u00dcniversitesi\u2019nden MBA e\u011fitimine sahip olan Serkan Demir, perakende y\u00f6netimi, franchise sat\u0131\u015f\u0131 ve online sat\u0131\u015f alanlar\u0131nda 10 y\u0131l\u0131 a\u015fk\u0131n deneyimi bulunuyor. Stratejik planlama, portf\u00f6y y\u00f6netimi ve pazar konumland\u0131rma konular\u0131nda da uzman olan Demir, kariyeri boyunca m\u00fc\u015fteri ili\u015fkilerinin y\u00f6netimi, yenilik\u00e7ilik ve deneyim tasar\u0131m\u0131 alanlar\u0131nda \u00f6nemli projelere imza att\u0131. G\u00fc\u00e7l\u00fc ticari pazarlama ge\u00e7mi\u015fiyle bug\u00fcne kadar 700\u2019den fazla ma\u011fazan\u0131n g\u00f6rsel d\u00fczenleme faaliyetlerini denetleyen ve b\u00fcy\u00fck ekipleri y\u00f6neten Serkan Demir, daha \u00f6nce CXALL\u2019de CXO olarak g\u00f6rev yapmaktayd\u0131.<\/p>\n","protected":false},"excerpt":{"rendered":"<p>T\u00fcrkiye\u2019nin \u00f6nde gelen ev ve ya\u015fam \u00fcr\u00fcnleri markalar\u0131ndan Evidea, ma\u011faza operasyonlar\u0131n\u0131 deneyimli bir isme emanet etti. Serkan Demir, Ma\u011faza Operasyon Direkt\u00f6r\u00fc olarak \u015firketin b\u00fcy\u00fcme yolculu\u011funa&hellip;<\/p>\n","protected":false},"author":6,"featured_media":3761,"comment_status":"open","ping_status":"open","sticky":false,"template":"","format":"standard","meta":{"footnotes":""},"categories":[18],"tags":[],"class_list":["post-3760","post","type-post","status-publish","format-standard","has-post-thumbnail","hentry","category-atamalar"],"_links":{"self":[{"href":"https:\/\/www.mallandmotto.com\/index.php\/wp-json\/wp\/v2\/posts\/3760","targetHints":{"allow":["GET"]}}],"collection":[{"href":"https:\/\/www.mallandmotto.com\/index.php\/wp-json\/wp\/v2\/posts"}],"about":[{"href":"https:\/\/www.mallandmotto.com\/index.php\/wp-json\/wp\/v2\/types\/post"}],"author":[{"embeddable":true,"href":"https:\/\/www.mallandmotto.com\/index.php\/wp-json\/wp\/v2\/users\/6"}],"replies":[{"embeddable":true,"href":"https:\/\/www.mallandmotto.com\/index.php\/wp-json\/wp\/v2\/comments?post=3760"}],"version-history":[{"count":1,"href":"https:\/\/www.mallandmotto.com\/index.php\/wp-json\/wp\/v2\/posts\/3760\/revisions"}],"predecessor-version":[{"id":3762,"href":"https:\/\/www.mallandmotto.com\/index.php\/wp-json\/wp\/v2\/posts\/3760\/revisions\/3762"}],"wp:featuredmedia":[{"embeddable":true,"href":"https:\/\/www.mallandmotto.com\/index.php\/wp-json\/wp\/v2\/media\/3761"}],"wp:attachment":[{"href":"https:\/\/www.mallandmotto.com\/index.php\/wp-json\/wp\/v2\/media?parent=3760"}],"wp:term":[{"taxonomy":"category","embeddable":true,"href":"https:\/\/www.mallandmotto.com\/index.php\/wp-json\/wp\/v2\/categories?post=3760"},{"taxonomy":"post_tag","embeddable":true,"href":"https:\/\/www.mallandmotto.com\/index.php\/wp-json\/wp\/v2\/tags?post=3760"}],"curies":[{"name":"wp","href":"https:\/\/api.w.org\/{rel}","templated":true}]}}