{"id":3780,"date":"2025-08-26T07:16:52","date_gmt":"2025-08-26T07:16:52","guid":{"rendered":"https:\/\/www.mallandmotto.com\/?p=3780"},"modified":"2025-08-26T07:16:52","modified_gmt":"2025-08-26T07:16:52","slug":"vicente-amigo-1-ekimde-zorlu-psmde","status":"publish","type":"post","link":"https:\/\/www.mallandmotto.com\/index.php\/2025\/08\/26\/vicente-amigo-1-ekimde-zorlu-psmde\/","title":{"rendered":"Vicente Amigo, 1 Ekim\u2019de Zorlu PSM\u2019de"},"content":{"rendered":"\n<h3 class=\"wp-block-heading\"><strong>Flamenko gitar\u0131n\u0131n ya\u015fayan efsanesi, Grammy \u00f6d\u00fcll\u00fc Vicente Amigo, 1 Ekim 2025\u2019te Zorlu PSM Turkcell Sahnesi\u2019nde m\u00fczikseverlerle bulu\u015fuyor. Stagepass organizasyonuyla ger\u00e7ekle\u015fecek bu \u00f6zel konser, tutkulu melodiler ve b\u00fcy\u00fcleyici sahne performans\u0131yla \u0130stanbul\u2019da unutulmaz bir geceye imza atacak. Muhte\u015fem konserin biletleri T\u00fcrkiye\u2019nin \u00f6nde gelen etkinlik platformu Biletinial \u00fczerinden sat\u0131\u015fta.<\/strong><\/h3>\n\n\n\n<p>D\u00fcnya \u00e7ap\u0131nda flamenko gitar\u0131n\u0131n en b\u00fcy\u00fck isimlerinden biri olarak kabul edilen flamenkonun s\u0131n\u0131rlar\u0131n\u0131 zorlayan bir virt\u00fc\u00f6z Grammy \u00f6d\u00fcll\u00fc Vicente Amigo, 1 Ekim 2025\u2019te Zorlu PSM Turkcell Sahnesi&#8217;nde dinleyicileriyle bulu\u015fuyor. Stagepass organizasyonuyla ger\u00e7ekle\u015fecek bu \u00f6zel konser, tutkulu melodiler ve b\u00fcy\u00fcleyici bir sahne performans\u0131yla m\u00fczikseverlere unutulmaz bir gece ya\u015fatacak. Konserin biletleri T\u00fcrkiye\u2019nin etkinlik biletleme platformu Biletinial\u2019da sat\u0131\u015fa sunuldu.<\/p>\n\n\n\n<p>Paco de Lucia&#8217;n\u0131n taht\u0131n\u0131n varisi; Sting&#8217;ten Bob Dylan&#8217;a, John McLaughlin&#8217;den Alejandro Sanz&#8217;a kadar d\u00fcnyaca \u00fcnl\u00fc isimlere gitar\u0131yla hayat veren, d\u00fcnyan\u0131n d\u00f6rt bir yan\u0131ndaki konserleriyle efsanele\u015fen Grammy \u00f6d\u00fcll\u00fc flamenko star\u0131 Vicente Amigo, etkileyici tekni\u011fi ve duygusal derinli\u011fiyle tan\u0131n\u0131yor. Latin Grammy \u00f6d\u00fcll\u00fc sanat\u00e7\u0131, Tierra, Memoria de los Sentidos ve Poeta gibi alb\u00fcmleriyle flamenkonun s\u0131n\u0131rlar\u0131n\u0131 geni\u015fletmeye devam ediyor.<\/p>\n\n\n\n<p><strong>\u00d6zel \u00f6d\u00fcllerle ta\u00e7lanm\u0131\u015f bir kariyer<\/strong><\/p>\n\n\n\n<p>2000 y\u0131l\u0131nda profesyonel kariyerine b\u00fcy\u00fck prestij getiren &#8220;End\u00fcl\u00fcs Madalyas\u0131&#8221; ile \u00f6d\u00fcllendirilen sanat\u00e7\u0131 ayn\u0131 y\u0131l\u0131n Ekim ay\u0131nda, kendisine Latin Grammy \u00f6d\u00fcllerinde &#8220;En \u0130yi Flamenko Alb\u00fcm\u00fc&#8221; \u00f6d\u00fcl\u00fcn\u00fc kazand\u0131ran &#8220;Ciudad de Las Ideas (Fikirler Kenti)&#8221;ni yay\u0131nlad\u0131. Bu alb\u00fcmle \u0130spanya&#8217;n\u0131n en \u00f6nemli \u00f6d\u00fcllerinden Premio Onda&#8217;y\u0131 da alan Vicente Amigo, Cordoba \u015fehri taraf\u0131ndan &#8220;\u015fehrin o\u011flu&#8221; unvan\u0131yla \u00f6d\u00fcllendirildi.<\/p>\n\n\n\n<p>B\u00fcy\u00fck usta 1 Ekim gecesi ge\u00e7ti\u011fimiz y\u0131l yay\u0131nlanan yeni alb\u00fcm\u00fc &#8216;Andenes del Tiempo&#8217;dan \u015fark\u0131lar\u0131n yan\u0131 s\u0131ra zengin kariyerine genel bir bak\u0131\u015fla sahnede olacak.<\/p>\n","protected":false},"excerpt":{"rendered":"<p>Flamenko gitar\u0131n\u0131n ya\u015fayan efsanesi, Grammy \u00f6d\u00fcll\u00fc Vicente Amigo, 1 Ekim 2025\u2019te Zorlu PSM Turkcell Sahnesi\u2019nde m\u00fczikseverlerle bulu\u015fuyor. Stagepass organizasyonuyla ger\u00e7ekle\u015fecek bu \u00f6zel konser, tutkulu melodiler&hellip;<\/p>\n","protected":false},"author":6,"featured_media":3781,"comment_status":"open","ping_status":"open","sticky":false,"template":"","format":"standard","meta":{"footnotes":""},"categories":[22],"tags":[],"class_list":["post-3780","post","type-post","status-publish","format-standard","has-post-thumbnail","hentry","category-kultursanat"],"_links":{"self":[{"href":"https:\/\/www.mallandmotto.com\/index.php\/wp-json\/wp\/v2\/posts\/3780","targetHints":{"allow":["GET"]}}],"collection":[{"href":"https:\/\/www.mallandmotto.com\/index.php\/wp-json\/wp\/v2\/posts"}],"about":[{"href":"https:\/\/www.mallandmotto.com\/index.php\/wp-json\/wp\/v2\/types\/post"}],"author":[{"embeddable":true,"href":"https:\/\/www.mallandmotto.com\/index.php\/wp-json\/wp\/v2\/users\/6"}],"replies":[{"embeddable":true,"href":"https:\/\/www.mallandmotto.com\/index.php\/wp-json\/wp\/v2\/comments?post=3780"}],"version-history":[{"count":1,"href":"https:\/\/www.mallandmotto.com\/index.php\/wp-json\/wp\/v2\/posts\/3780\/revisions"}],"predecessor-version":[{"id":3782,"href":"https:\/\/www.mallandmotto.com\/index.php\/wp-json\/wp\/v2\/posts\/3780\/revisions\/3782"}],"wp:featuredmedia":[{"embeddable":true,"href":"https:\/\/www.mallandmotto.com\/index.php\/wp-json\/wp\/v2\/media\/3781"}],"wp:attachment":[{"href":"https:\/\/www.mallandmotto.com\/index.php\/wp-json\/wp\/v2\/media?parent=3780"}],"wp:term":[{"taxonomy":"category","embeddable":true,"href":"https:\/\/www.mallandmotto.com\/index.php\/wp-json\/wp\/v2\/categories?post=3780"},{"taxonomy":"post_tag","embeddable":true,"href":"https:\/\/www.mallandmotto.com\/index.php\/wp-json\/wp\/v2\/tags?post=3780"}],"curies":[{"name":"wp","href":"https:\/\/api.w.org\/{rel}","templated":true}]}}