{"id":3815,"date":"2025-08-26T08:10:08","date_gmt":"2025-08-26T08:10:08","guid":{"rendered":"https:\/\/www.mallandmotto.com\/?p=3815"},"modified":"2025-08-26T08:10:09","modified_gmt":"2025-08-26T08:10:09","slug":"turk-gezginler-serin-tatilleri-tercih-ediyor","status":"publish","type":"post","link":"https:\/\/www.mallandmotto.com\/index.php\/2025\/08\/26\/turk-gezginler-serin-tatilleri-tercih-ediyor\/","title":{"rendered":"T\u00fcrk Gezginler Serin Tatilleri Tercih Ediyor"},"content":{"rendered":"\n<h3 class=\"wp-block-heading\"><strong>Son zamanlarda ya\u015fanan a\u015f\u0131r\u0131 s\u0131caklar, T\u00fcrk gezginlerin yaz mevsimi tatil tercihlerini etkiliyor.\u00a0Hotels.com&#8217;un verilerine g\u00f6re, g\u00fcne\u015fli sahiller yerine daha serin \u0130skandinav \u00fclkelerindeki ve da\u011fl\u0131k b\u00f6lgelerdeki destinasyonlara olan ilgi h\u0131zla art\u0131yor.<\/strong><\/h3>\n\n\n\n<p>Ge\u00e7ti\u011fimiz y\u0131l G\u00fcney Avrupa\u2019da ya\u015fanan rekor s\u0131cak hava dalgalar\u0131, seyahat tercihlerini ve destinasyon se\u00e7imlerini de\u011fi\u015ftirdi. Tatilciler art\u0131k g\u00fcne\u015fli sahiller yerine daha \u0131l\u0131man iklimlerde do\u011fayla i\u00e7 i\u00e7e olabilecekleri serin destinasyonlar\u0131 tercih ediyor.<\/p>\n\n\n\n<p>Hotels.com&nbsp;verilerine g\u00f6re, T\u00fcrk gezginler aras\u0131nda \u0130skandinav \u00fclkeleri y\u00fckseli\u015fte. Danimarka (%240), \u0130sve\u00e7 (%170), \u0130zlanda (%120) ve Norve\u00e7 (%70)* gibi \u00fclkelerdeki arama hacmindeki b\u00fcy\u00fck art\u0131\u015f, T\u00fcrklerin art\u0131k \u201cserin tatil\u201d pe\u015finde oldu\u011funu g\u00f6steriyor.<\/p>\n\n\n\n<p>Hotels.com&nbsp;s\u00f6zc\u00fcs\u00fc \u015f\u00f6yle diyor: \u201cPop\u00fcler Avrupa destinasyonlar\u0131nda artan s\u0131cakl\u0131klar\u0131n, seyahatseverlerin tercihlerini etkiledi\u011fini g\u00f6zlemliyoruz. Avusturya (%60), Almanya (%25) ve \u0130svi\u00e7re (%100) gibi daha serin \u00fclkelerdeki seyahat art\u0131\u015f\u0131 dikkat \u00e7ekici. Bu e\u011filimin, s\u0131cak hava dalgalar\u0131n\u0131n daha s\u0131k g\u00f6r\u00fclmesiyle birlikte gelecekte de devam etmesini bekliyoruz. \u0130ster Danimarka\u2019n\u0131n sahil kasabalar\u0131n\u0131 ke\u015ffetmek, ister \u0130sve\u00e7\u2019in huzurlu tak\u0131madalar\u0131nda dinlenmek isteyin,&nbsp;Hotels.com&nbsp;size m\u00fckemmel bir serin tatil bulman\u0131zda yard\u0131mc\u0131 olabilir.\u201d<\/p>\n\n\n\n<p>Muhte\u015fem manzaralar\u0131 ve \u0131l\u0131man iklimleriyle \u00f6ne \u00e7\u0131kan bu destinasyonlar, ayn\u0131 zamanda geleneksel yaz tatili noktalar\u0131na g\u00f6re daha az kalabal\u0131k oluyor. \u00dcstelik&nbsp;Hotels.com\u2019da 10 gece konaklad\u0131\u011f\u0131n\u0131zda, bir sonraki serin tatiliniz i\u00e7in bir \u00f6d\u00fcl gecesi kazan\u0131yorsunuz.<\/p>\n\n\n\n<p><strong>Avrupa&#8217;n\u0131n Pop\u00fcler Serin Tatil Destinasyonlar\u0131<\/strong><\/p>\n\n\n\n<p>Avrupa&#8217;n\u0131n s\u0131cak yazlar\u0131ndan ka\u00e7mak isteyenler i\u00e7in kuzeyin ve y\u00fcksek da\u011flar\u0131n sundu\u011fu serin s\u0131\u011f\u0131naklar e\u015fsiz birer alternatif. \u0130sve\u00e7&#8217;teki&nbsp;<a href=\"https:\/\/www.hotels.com\/ho452094\/tree-hotel-harads-sweden\/?chkin=2025-08-25&amp;chkout=2025-08-27&amp;x_pwa=1&amp;rfrr=HSR&amp;pwa_ts=1755513341588&amp;referrerUrl=aHR0cHM6Ly93d3cuaG90ZWxzLmNvbS9Ib3RlbC1TZWFyY2g%3D&amp;useRewards=false&amp;rm1=a2&amp;destination=Edeforsv%C3%A4gen+2A%2C+961+78+Harads%2C+Sweden&amp;destType=ADDRESS&amp;latLong=66.072856%2C20.9818355&amp;sort=RECOMMENDED&amp;top_dp=1556&amp;top_cur=EUR&amp;userIntent=&amp;selectedRoomType=200624983&amp;selectedRatePlan=203025732&amp;expediaPropertyId=7749094&amp;searchId=a430512d-372c-4645-b499-ae4b1b15303f\"><strong>Tree Hotel<\/strong><\/a>, do\u011fan\u0131n i\u00e7inde modern bir ka\u00e7\u0131\u015f noktas\u0131 sunuyor. A\u011fa\u00e7 tepelerindeki bu butik otelde, misafirler l\u00fcks konforla huzurlu bir nehir manzaras\u0131n\u0131 birle\u015ftirebilir, sauna ve gurme lezzetlerle dinlenirken, helikopter turlar\u0131 gibi maceralarla tatillerini renklendirebilirler. Norve\u00e7&#8217;in en eski aile i\u015fletmesi olan&nbsp;<a href=\"https:\/\/www.hotels.com\/ho779574400\/walaker-hotel-luster-norway\/?chkin=2025-08-25&amp;chkout=2025-08-27&amp;x_pwa=1&amp;rfrr=HSR&amp;pwa_ts=1755513652056&amp;referrerUrl=aHR0cHM6Ly93d3cuaG90ZWxzLmNvbS9Ib3RlbC1TZWFyY2g%3D&amp;useRewards=false&amp;rm1=a2&amp;regionId=6134505&amp;destination=Luster%2C+Vestland%2C+Norway&amp;destType=MARKET&amp;selected=24330450&amp;latLong=61.593739%2C7.405971&amp;sort=RECOMMENDED&amp;top_dp=1358&amp;top_cur=EUR&amp;userIntent=&amp;selectedRoomType=220541608&amp;selectedRatePlan=290164837&amp;expediaPropertyId=24330450&amp;searchId=3ba6e116-36fb-47ff-82f9-9eac83b0b040\"><strong>Walaker Hotel<\/strong><\/a>&nbsp;ise 1640&#8217;tan bu yana misafirlerini a\u011f\u0131rlayarak tarihi bir deneyim ya\u015fat\u0131yor. Luster&#8217;daki bu otel, bir \u015feyler i\u00e7mek veya at\u0131\u015ft\u0131rmak i\u00e7in ideal olan restoran ve bar\u0131yla dikkat \u00e7ekerken, teras ve bah\u00e7esiyle de misafirlerine huzurlu anlar sunuyor.<\/p>\n\n\n\n<p>\u0130svi\u00e7re Alpleri&#8217;nin zirvelerinde yer alan&nbsp;<a href=\"https:\/\/www.hotels.com\/ho530569\/riffelalp-resort-2222m-zermatt-switzerland\/?chkin=2025-08-25&amp;chkout=2025-08-27&amp;x_pwa=1&amp;rfrr=HSR&amp;pwa_ts=1755512906477&amp;referrerUrl=aHR0cHM6Ly93d3cuaG90ZWxzLmNvbS9Ib3RlbC1TZWFyY2g%3D&amp;useRewards=false&amp;rm1=a2&amp;regionId=4300&amp;destination=Zermatt%2C+Valais%2C+Switzerland&amp;destType=MARKET&amp;selected=551320&amp;latLong=46.019711%2C7.74653&amp;sort=RECOMMENDED&amp;top_dp=862&amp;top_cur=EUR&amp;userIntent=&amp;selectedRoomType=217639046&amp;selectedRatePlan=270232565&amp;expediaPropertyId=551320&amp;searchId=7d9ad21c-307b-42ba-bd61-55b8e07ba382\"><strong>Riffelalp Resort 2222m<\/strong><\/a>, Matterhorn&#8217;un nefes kesen manzaras\u0131yla serin ve canland\u0131r\u0131c\u0131 bir tatil vadediyor. Zermatt&#8217;\u0131n yukar\u0131s\u0131nda bulunan bu otel, yaz s\u0131ca\u011f\u0131ndan ka\u00e7mak ve el de\u011fmemi\u015f y\u00fcr\u00fcy\u00fc\u015f yollar\u0131n\u0131 ke\u015ffetmek i\u00e7in harika bir adres. Macera dolu bir g\u00fcn\u00fcn ard\u0131ndan Avrupa&#8217;n\u0131n en y\u00fcksek a\u00e7\u0131k havuzunda rahatlaman\u0131n keyfi paha bi\u00e7ilemez. \u0130zlanda&#8217;n\u0131n e\u015fsiz do\u011fas\u0131n\u0131 ke\u015ffetmek isteyenler i\u00e7inse&nbsp;<a href=\"https:\/\/www.hotels.com\/ho616759360\/umi-hotel-rangar-ing-eystra-iceland\/\"><strong>UMI Hotel<\/strong><\/a>, m\u00fckemmel bir \u00fcs g\u00f6revi g\u00f6r\u00fcyor. Vik I Myrdal yak\u0131nlar\u0131ndaki bu \u015f\u0131k ve modern otel, Westman Adalar\u0131&#8217;n\u0131n ve G\u00fcney Sahili&#8217;nin g\u00f6rkemli manzaralar\u0131 e\u015fli\u011finde siyah kumlu plajlardan buzullara kadar pek \u00e7ok do\u011fal g\u00fczelli\u011fe kolay eri\u015fim sa\u011fl\u0131yor.<\/p>\n\n\n\n<p><strong>\u00dclkemizde \u00d6ne \u00c7\u0131kan Serin Tatil Otelleri<\/strong><\/p>\n\n\n\n<p>Serin tatil e\u011filimi, \u00f6zellikle \u00fclke genelinde bulunan prestijli oteller arac\u0131l\u0131\u011f\u0131yla net bir \u015fekilde yay\u0131l\u0131yor.&nbsp;Hotels.com, T\u00fcrkiye&#8217;den de bir dizi oteli a\u015fa\u011f\u0131daki \u015fekilde derledi:<\/p>\n\n\n\n<ul class=\"wp-block-list\">\n<li><a href=\"https:\/\/tr.hotels.com\/ho696155\/villa-de-pelit-hotel-caml-hemsin-turkiye\/?chkin=2025-08-01&amp;chkout=2025-08-02&amp;x_pwa=1&amp;rfrr=HSR&amp;pwa_ts=1751376815999&amp;referrerUrl=aHR0cHM6Ly90ci5ob3RlbHMuY29tL0hvdGVsLVNlYXJjaA%3D%3D&amp;useRewards=false&amp;rm1=a2&amp;regionId=855377628268761088&amp;destination=Ayder%2C+%C3%87aml%C4%B1hem%C5%9Fin%2C+Rize+%28ili%29%2C+T%C3%BCrkiye&amp;destType=MARKET&amp;latLong=40.953586%2C41.112896&amp;sort=REVIEW_RELEVANT&amp;top_dp=5587&amp;top_cur=TRY&amp;userIntent=&amp;selectedRoomType=201980642&amp;selectedRatePlan=401207135&amp;expediaPropertyId=18445413&amp;searchId=ca08f2cb-9b0f-4906-a23d-0a8664ea6a45\"><strong>Ayder Villa de Pelit Hotel<\/strong><\/a><strong>, Rize\u00a0\u2013\u00a0<\/strong>Da\u011flarda yer alan Ayder Villa de Pelit Hotel, canland\u0131r\u0131c\u0131 bir s\u0131\u011f\u0131nak sunuyor. Villa de Pelit Restoran&#8217;da konuklar T\u00fcrk mutfa\u011f\u0131n\u0131n tad\u0131n\u0131 \u00e7\u0131karabilir veya bah\u00e7e manzaral\u0131 \u00e7at\u0131 teras\u0131nda dinlenebilirler. K\u00fct\u00fcphanesi de olan bu otel, huzurlu bir tatil i\u015f e\u015fsiz bir alternatif.\u00a0<\/li>\n\n\n\n<li><a href=\"https:\/\/tr.hotels.com\/ho1810058624\/koru-butik-otel-artvin-turkiye\/?chkin=2025-08-01&amp;chkout=2025-08-02&amp;x_pwa=1&amp;rfrr=HSR&amp;pwa_ts=1751376965623&amp;referrerUrl=aHR0cHM6Ly90ci5ob3RlbHMuY29tL0hvdGVsLVNlYXJjaA%3D%3D&amp;useRewards=false&amp;rm1=a2&amp;regionId=6323606&amp;destination=Artvin%2C+Artvin+%28ili%29%2C+T%C3%BCrkiye&amp;destType=MARKET&amp;latLong=41.115039%2C41.761418&amp;sort=REVIEW_RELEVANT&amp;top_dp=5850&amp;top_cur=TRY&amp;userIntent=&amp;selectedRoomType=225902554&amp;selectedRatePlan=246282914&amp;expediaPropertyId=56533082&amp;searchId=1b7496ba-d8ec-4e3e-b1ab-f7413612fe6c\"><strong>Koru Butik Otel<\/strong><\/a><strong>, Artvin\u00a0\u2013\u00a0<\/strong>Koru Butik Otel Artvin ziyaretiniz i\u00e7in harika bir adres. \u00dccretsiz olanaklara ise valesiz otopark ve her g\u00fcn 07.30 ile 10.30 aras\u0131nda a\u00e7\u0131k b\u00fcfe kahvalt\u0131 dahil. Di\u011fer imkanlar aras\u0131nda vakit ge\u00e7irmekten keyif alaca\u011f\u0131n\u0131z harika teras\u0131 ve bah\u00e7esi say\u0131labilir.<\/li>\n\n\n\n<li><a href=\"https:\/\/tr.hotels.com\/ho668576864\/abant-doga-kosku-bolu-turkey\/?chkin=2025-08-01&amp;chkout=2025-08-02&amp;x_pwa=1&amp;rfrr=HSR&amp;pwa_ts=1751377012548&amp;referrerUrl=aHR0cHM6Ly90ci5ob3RlbHMuY29tL0hvdGVsLVNlYXJjaA%3D%3D&amp;useRewards=false&amp;rm1=a2&amp;regionId=6321966&amp;destination=Abant%2C%20Mudurnu%2C%20Bolu%20%28ili%29%2C%20T%C3%BCrkiye&amp;destType=MARKET&amp;latLong=40.611146%2C31.275121&amp;sort=REVIEW_RELEVANT&amp;top_dp=5000&amp;top_cur=TRY&amp;userIntent=&amp;selectedRoomType=202284913&amp;selectedRatePlan=402091305&amp;expediaPropertyId=20861777&amp;searchId=93f01b34-71bf-421a-bfd6-bc120dac4887\"><strong>Abant Do\u011fa K\u00f6\u015fk\u00fc<\/strong><\/a><strong>, Abant\u00a0\u2013\u00a0<\/strong>Abant Do\u011fa Ko\u015fu konuklar\u0131na Abant Do\u011fa Park\u0131 ile 15 dakika s\u00fcr\u00fc\u015f mesafesinde konaklama f\u0131rsat\u0131 sunuyor. Ziyaret edecek olan konuklar yak\u0131ndaki y\u00fcr\u00fcy\u00fc\u015f\/bisiklet parkurlar\u0131na g\u00f6z atabilirler. \u00dccretsiz avantajlar aras\u0131nda WiFi, valesiz otopark ve her g\u00fcn 08.00 ile 11.00 saatleri aras\u0131ndaki yerel mutfak kahvalt\u0131s\u0131 yer al\u0131yor.<\/li>\n\n\n\n<li><a href=\"https:\/\/tr.hotels.com\/ho2989415328\/gaja-ayvalik-ayvalik-turkiye\/?chkin=2025-08-01&amp;chkout=2025-08-02&amp;x_pwa=1&amp;rfrr=HSR&amp;pwa_ts=1751377066520&amp;referrerUrl=aHR0cHM6Ly90ci5ob3RlbHMuY29tL0hvdGVsLVNlYXJjaA%3D%3D&amp;useRewards=false&amp;rm1=a2&amp;regionId=4498&amp;destination=Ayval%C4%B1k%2C%20Bal%C4%B1kesir%2C%20T%C3%BCrkiye&amp;destType=MARKET&amp;neighborhoodId=553248633981725424&amp;latLong=39.319185%2C26.692387&amp;sort=REVIEW_RELEVANT&amp;top_dp=4500&amp;top_cur=TRY&amp;userIntent=&amp;selectedRoomType=322113588&amp;selectedRatePlan=402476705&amp;expediaPropertyId=93387979&amp;searchId=dff71abc-f05e-46da-a812-2866b7742052\"><strong>Gaja Ayval\u0131k<\/strong><\/a><strong>, Ayval\u0131k\u00a0\u2013\u00a0<\/strong>Gaja Ayval\u0131k Hotel, T\u00fcrkiye&#8217;nin Ayval\u0131k \u015fehrinin kalbinde yer alan b\u00fcy\u00fcleyici bir butik oda ve kahvalt\u0131 tesisidir. \u00c7at\u0131 teras\u0131na sahip otel, Sar\u0131msakl\u0131 Plaj\u0131&#8217;na ara\u00e7la 15 dakikal\u0131k mesafededir.<\/li>\n<\/ul>\n","protected":false},"excerpt":{"rendered":"<p>Son zamanlarda ya\u015fanan a\u015f\u0131r\u0131 s\u0131caklar, T\u00fcrk gezginlerin yaz mevsimi tatil tercihlerini etkiliyor.\u00a0Hotels.com&#8217;un verilerine g\u00f6re, g\u00fcne\u015fli sahiller yerine daha serin \u0130skandinav \u00fclkelerindeki ve da\u011fl\u0131k b\u00f6lgelerdeki destinasyonlara&hellip;<\/p>\n","protected":false},"author":6,"featured_media":3816,"comment_status":"open","ping_status":"open","sticky":false,"template":"","format":"standard","meta":{"footnotes":""},"categories":[28,24],"tags":[],"class_list":["post-3815","post","type-post","status-publish","format-standard","has-post-thumbnail","hentry","category-arastirma","category-turizm"],"_links":{"self":[{"href":"https:\/\/www.mallandmotto.com\/index.php\/wp-json\/wp\/v2\/posts\/3815","targetHints":{"allow":["GET"]}}],"collection":[{"href":"https:\/\/www.mallandmotto.com\/index.php\/wp-json\/wp\/v2\/posts"}],"about":[{"href":"https:\/\/www.mallandmotto.com\/index.php\/wp-json\/wp\/v2\/types\/post"}],"author":[{"embeddable":true,"href":"https:\/\/www.mallandmotto.com\/index.php\/wp-json\/wp\/v2\/users\/6"}],"replies":[{"embeddable":true,"href":"https:\/\/www.mallandmotto.com\/index.php\/wp-json\/wp\/v2\/comments?post=3815"}],"version-history":[{"count":1,"href":"https:\/\/www.mallandmotto.com\/index.php\/wp-json\/wp\/v2\/posts\/3815\/revisions"}],"predecessor-version":[{"id":3817,"href":"https:\/\/www.mallandmotto.com\/index.php\/wp-json\/wp\/v2\/posts\/3815\/revisions\/3817"}],"wp:featuredmedia":[{"embeddable":true,"href":"https:\/\/www.mallandmotto.com\/index.php\/wp-json\/wp\/v2\/media\/3816"}],"wp:attachment":[{"href":"https:\/\/www.mallandmotto.com\/index.php\/wp-json\/wp\/v2\/media?parent=3815"}],"wp:term":[{"taxonomy":"category","embeddable":true,"href":"https:\/\/www.mallandmotto.com\/index.php\/wp-json\/wp\/v2\/categories?post=3815"},{"taxonomy":"post_tag","embeddable":true,"href":"https:\/\/www.mallandmotto.com\/index.php\/wp-json\/wp\/v2\/tags?post=3815"}],"curies":[{"name":"wp","href":"https:\/\/api.w.org\/{rel}","templated":true}]}}