{"id":3819,"date":"2025-08-26T08:13:07","date_gmt":"2025-08-26T08:13:07","guid":{"rendered":"https:\/\/www.mallandmotto.com\/?p=3819"},"modified":"2025-08-28T10:19:52","modified_gmt":"2025-08-28T10:19:52","slug":"zafer-bayrami-coskusu-istanbul-cevahirde","status":"publish","type":"post","link":"https:\/\/www.mallandmotto.com\/index.php\/2025\/08\/26\/zafer-bayrami-coskusu-istanbul-cevahirde\/","title":{"rendered":"Zafer Bayram\u0131 Co\u015fkusu \u0130stanbul Cevahir\u2019de"},"content":{"rendered":"\n<h3 class=\"wp-block-heading\"><strong>Y\u00fczlerce markaya ve s\u0131n\u0131rs\u0131z e\u011flenceye ev sahipli\u011fi yapan \u0130stanbul Cevahir, yaz tatilinin co\u015fkusunu \u00e7ocuklar i\u00e7in dopdolu bir programla s\u00fcrd\u00fcrmeye devam ediyor. A\u011fustos ay\u0131 boyunca \u201cYarat\u0131c\u0131l\u0131k Kul\u00fcb\u00fc\u201d \u00e7at\u0131s\u0131 alt\u0131nda \u00e7ocuklara \u00f6zel etkinliklerle minik misafirlerini a\u011f\u0131rlayan \u0130stanbul Cevahir, bu y\u0131l 30 A\u011fustos Zafer Bayram\u0131\u2019n\u0131 \u00f6zel bir etkinlikle kutluyor.<\/strong><\/h3>\n\n\n\n<p>\u0130stanbul Cevahir\u2019in \u00e7ocuklara \u00f6zel haz\u0131rlad\u0131\u011f\u0131 \u201cYarat\u0131c\u0131l\u0131k Kul\u00fcb\u00fc\u201d etkinlikleri kapsam\u0131nda 30 A\u011fustos Cumartesi g\u00fcn\u00fc ger\u00e7ekle\u015ftirilecek&nbsp;\u201c30 A\u011fustos Zafer Bayram\u0131\u201d at\u00f6lyesi, \u00e7ocuklara hem e\u011flenceli hem de \u00f6\u011fretici bir deneyim ya\u015fatacak. Etkinlikte minikler, bayram co\u015fkusunu payla\u015fma f\u0131rsat\u0131 bulacaklar.<\/p>\n\n\n\n<p>Renkli ve yarat\u0131c\u0131 at\u00f6lyelerle dolu \u201cYarat\u0131c\u0131l\u0131k Kul\u00fcb\u00fc\u201d program\u0131, a\u011fustos ay\u0131nda \u00e7ocuklara unutulmaz anlar ya\u015fatmaya devam ediyor.&nbsp;&nbsp;Yarat\u0131c\u0131l\u0131k Kul\u00fcb\u00fc\u2019n\u00fcn a\u011fustos program\u0131nda; \u201c30 A\u011fustos Zafer Bayram\u0131 ve Orman Sakinlerinin Ayak \u0130zleri\u201d&nbsp;etkinlikleri ger\u00e7ekle\u015fecek.&nbsp;<\/p>\n\n\n\n<p>\u2018Yarat\u0131c\u0131l\u0131k Kul\u00fcb\u00fc\u2019 ba\u015fl\u0131\u011f\u0131 alt\u0131nda&nbsp;etkinlikler d\u00fczenleyen \u0130stanbul Cevahir,&nbsp;<strong>\u201814.30\/15.30\/16.30\/17.30\u2019&nbsp;<\/strong>saatlerinde<strong>&nbsp;<\/strong>e\u011fitici at\u00f6lyelere ev sahipli\u011fi yapacak.<\/p>\n\n\n\n<p>\u0130stanbul Cevahir ev sahipli\u011finde<strong>&nbsp;<\/strong>d\u00fczenlenen<strong>&nbsp;<\/strong>at\u00f6lyelerde oyun alanlar\u0131,&nbsp;<strong>4-11 ya\u015f&nbsp;<\/strong>aral\u0131\u011f\u0131ndaki \u00e7ocuklar\u0131n kullan\u0131m\u0131 i\u00e7in uygun olacak ve&nbsp;<strong>t\u00fcm etkinlikler \u00fccretsiz<\/strong>&nbsp;olarak ger\u00e7ekle\u015ftirilecek.&nbsp;Oyun alan\u0131 her g\u00fcn 11:00 &#8211; 19:00 saatleri aras\u0131nda a\u00e7\u0131k olacak.&nbsp;<\/p>\n\n\n\n<p><strong><u>Yarat\u0131c\u0131l\u0131k Kul\u00fcb\u00fc A\u011fustos Program\u0131<\/u><\/strong><\/p>\n\n\n\n<p>30 A\u011fustos Cumartesi : 30 A\u011fustos Zafer Bayram\u0131<\/p>\n\n\n\n<p>31 A\u011fustos Pazar : Orman Sakinlerinin Ayak \u0130zleri<\/p>\n\n\n\n<figure class=\"wp-block-image size-full is-resized\"><img fetchpriority=\"high\" decoding=\"async\" width=\"800\" height=\"800\" src=\"https:\/\/www.mallandmotto.com\/wp-content\/uploads\/2025\/08\/1754993382_800x800_tr-1.jpg\" alt=\"\" class=\"wp-image-3821\" style=\"width:358px;height:auto\" srcset=\"https:\/\/www.mallandmotto.com\/wp-content\/uploads\/2025\/08\/1754993382_800x800_tr-1.jpg 800w, https:\/\/www.mallandmotto.com\/wp-content\/uploads\/2025\/08\/1754993382_800x800_tr-1-300x300.jpg 300w, https:\/\/www.mallandmotto.com\/wp-content\/uploads\/2025\/08\/1754993382_800x800_tr-1-150x150.jpg 150w, https:\/\/www.mallandmotto.com\/wp-content\/uploads\/2025\/08\/1754993382_800x800_tr-1-768x768.jpg 768w\" sizes=\"(max-width: 800px) 100vw, 800px\" \/><\/figure>\n","protected":false},"excerpt":{"rendered":"<p>Y\u00fczlerce markaya ve s\u0131n\u0131rs\u0131z e\u011flenceye ev sahipli\u011fi yapan \u0130stanbul Cevahir, yaz tatilinin co\u015fkusunu \u00e7ocuklar i\u00e7in dopdolu bir programla s\u00fcrd\u00fcrmeye devam ediyor. A\u011fustos ay\u0131 boyunca \u201cYarat\u0131c\u0131l\u0131k&hellip;<\/p>\n","protected":false},"author":6,"featured_media":3820,"comment_status":"open","ping_status":"open","sticky":false,"template":"","format":"standard","meta":{"footnotes":""},"categories":[1],"tags":[],"class_list":["post-3819","post","type-post","status-publish","format-standard","has-post-thumbnail","hentry","category-serbest"],"_links":{"self":[{"href":"https:\/\/www.mallandmotto.com\/index.php\/wp-json\/wp\/v2\/posts\/3819","targetHints":{"allow":["GET"]}}],"collection":[{"href":"https:\/\/www.mallandmotto.com\/index.php\/wp-json\/wp\/v2\/posts"}],"about":[{"href":"https:\/\/www.mallandmotto.com\/index.php\/wp-json\/wp\/v2\/types\/post"}],"author":[{"embeddable":true,"href":"https:\/\/www.mallandmotto.com\/index.php\/wp-json\/wp\/v2\/users\/6"}],"replies":[{"embeddable":true,"href":"https:\/\/www.mallandmotto.com\/index.php\/wp-json\/wp\/v2\/comments?post=3819"}],"version-history":[{"count":1,"href":"https:\/\/www.mallandmotto.com\/index.php\/wp-json\/wp\/v2\/posts\/3819\/revisions"}],"predecessor-version":[{"id":3822,"href":"https:\/\/www.mallandmotto.com\/index.php\/wp-json\/wp\/v2\/posts\/3819\/revisions\/3822"}],"wp:featuredmedia":[{"embeddable":true,"href":"https:\/\/www.mallandmotto.com\/index.php\/wp-json\/wp\/v2\/media\/3820"}],"wp:attachment":[{"href":"https:\/\/www.mallandmotto.com\/index.php\/wp-json\/wp\/v2\/media?parent=3819"}],"wp:term":[{"taxonomy":"category","embeddable":true,"href":"https:\/\/www.mallandmotto.com\/index.php\/wp-json\/wp\/v2\/categories?post=3819"},{"taxonomy":"post_tag","embeddable":true,"href":"https:\/\/www.mallandmotto.com\/index.php\/wp-json\/wp\/v2\/tags?post=3819"}],"curies":[{"name":"wp","href":"https:\/\/api.w.org\/{rel}","templated":true}]}}