{"id":3837,"date":"2025-08-26T08:23:23","date_gmt":"2025-08-26T08:23:23","guid":{"rendered":"https:\/\/www.mallandmotto.com\/?p=3837"},"modified":"2025-08-26T08:23:24","modified_gmt":"2025-08-26T08:23:24","slug":"muzede-sahne-4-7-eylulde-sakip-sabanci-muzesinde","status":"publish","type":"post","link":"https:\/\/www.mallandmotto.com\/index.php\/2025\/08\/26\/muzede-sahne-4-7-eylulde-sakip-sabanci-muzesinde\/","title":{"rendered":"M\u00dcZEDE SAHNE 4\u20137 Eyl\u00fcl\u2019de Sak\u0131p Sabanc\u0131 M\u00fczesi\u2019nde"},"content":{"rendered":"\n<h3 class=\"wp-block-heading\"><em>\u201c<\/em>Kar\u015f\u0131la\u015fmalar ve \u00d6tesi<em>\u201d<\/em>\u00a0temas\u0131yla d\u00fczenlenecek M\u00dcZEDE SAHNE,\u00a04-7 Eyl\u00fcl 2025 tarihleri aras\u0131nda Sak\u0131p Sabanc\u0131 M\u00fczesi\u2019nde izleyiciyle bulu\u015facak. Sabanc\u0131 Vakf\u0131\u2019n\u0131n ana deste\u011fiyle uzun y\u0131llard\u0131r devam eden G\u00f6steri Sanatlar\u0131 G\u00fcnleri, sanat y\u00f6netmenli\u011fini Ay\u015fe Draz\u2019\u0131n \u00fcstlendi\u011fi \u00e7ok katmanl\u0131 program\u0131yla, farkl\u0131 disiplinleri bir araya getiriyor.<\/h3>\n\n\n\n<p>G\u00f6steri sanatlar\u0131n\u0131n duyular aras\u0131 ge\u00e7i\u015fkenli\u011fine odaklanan bu y\u0131lki M\u00dcZEDE SAHNE, bedenin sanata, g\u00fcndeli\u011fin m\u00fczeye, ge\u00e7mi\u015fin gelece\u011fe ve sahnenin seyirciye dokundu\u011fu anlara yo\u011funla\u015f\u0131yor. Sahnede yank\u0131lanan s\u00f6zc\u00fcklerle, bah\u00e7ede kar\u015f\u0131la\u015f\u0131lan performanslarla, fuayedeki sohbetlerle ve at\u00f6lyelerle yaln\u0131zca oyun saatinde de\u011fil, g\u00fcn\u00fcn her an\u0131nda yeni temas alanlar\u0131 yaratmay\u0131 hedefliyor.<\/p>\n\n\n\n<p>Ana sahne program\u0131nda; sezonun \u00f6ne \u00e7\u0131kan yap\u0131mlar\u0131ndan olan gelece\u011fe dair ihtimalleri ironik ve \u015fiirsel bir dille yorumlayan&nbsp;<strong><em>Yar\u0131n Belki de<\/em><\/strong>, Afife Tiyatro \u00d6d\u00fclleri\u2019nde \u201cY\u0131l\u0131n En Ba\u015far\u0131l\u0131 Kad\u0131n Oyuncusu\u201d \u00f6d\u00fcl\u00fcn\u00fc alan ve aile i\u00e7i \u015fiddeti bir kad\u0131n\u0131n hayat hik\u00e2yesi \u00fczerinden ele alan&nbsp;<strong><em>K\u0131zlar ve O\u011flanlar<\/em><\/strong>ve uluslararas\u0131 prestijiyle \u00f6ne \u00e7\u0131kan&nbsp;<strong><em>L\u2019Addition<\/em><\/strong>&nbsp;yer al\u0131yor. \u0130lk kez Avignon Tiyatro Festivali\u2019nde sahnelenen ve festivalin en \u00e7ok konu\u015fulan yap\u0131mlar\u0131 aras\u0131nda g\u00f6sterilen&nbsp;<strong><em>L\u2019Addition<\/em>,<\/strong>komik ve k\u0131\u015fk\u0131rt\u0131c\u0131 diliyle seyircisini g\u00fcld\u00fcr\u00fcrken, rahats\u0131z edici sorularla da y\u00fczle\u015ftiriyor. Bu dikkat \u00e7ekici yap\u0131m, M\u00dcZEDE SAHNE kapsam\u0131nda T\u00fcrkiye\u2019de ilk kez sahnelenecek. Tiyatro \u00f6\u011frencileri, SSM\u2019nin sosyal medya hesaplar\u0131 \u00fczerinden ba\u015fvurarak oyunu s\u0131n\u0131rl\u0131 kontenjanla \u00fccretsiz izleme f\u0131rsat\u0131 bulacak. &nbsp;&nbsp;<\/p>\n\n\n\n<p>Programda yer alan&nbsp;<strong><em>Bah\u00e7ede Kar\u015f\u0131la\u015fmalar<\/em><\/strong>&nbsp;b\u00f6l\u00fcm\u00fc, farkl\u0131 disiplinlerden sanat\u00e7\u0131lar\u0131n performanslar\u0131yla izleyicileri g\u00fcndelik al\u0131\u015fkanl\u0131klar\u0131n d\u0131\u015f\u0131na ta\u015f\u0131yor. Bu kapsamda, m\u00fcze koleksiyonundan ilhamla, mek\u00e2na \u00f6zg\u00fc olarak tasarlanan<strong><em>&nbsp;Bir G\u00fcn Buradan Bo\u011faz\u2019\u0131 \u0130zledim&nbsp;<\/em><\/strong>performans\u0131 izleyiciyle bulu\u015fuyor.&nbsp;<\/p>\n\n\n\n<p><strong><em>Fuayede Kar\u015f\u0131la\u015fmalar<\/em><\/strong>&nbsp;b\u00f6l\u00fcm\u00fcnde ise \u00d6zlem Hemi\u015f ve Aylin Al\u0131veren, izlenecek oyunlara dair farkl\u0131 ba\u011flamlar\u0131 ve kendi izlenimlerini seyirciyle payla\u015f\u0131yor.<\/p>\n\n\n\n<p>\u00c7ocuklara y\u00f6nelik programda, ATTA Festival yap\u0131m\u0131&nbsp;<strong>Pezzettino<\/strong>&nbsp;ile Kadro Pa yap\u0131m\u0131, mutfakta ge\u00e7en obje tiyatrosu&nbsp;<strong>3\u2019\u00fc 1 Arada Shakespeare<\/strong>&nbsp;yer al\u0131yor.<\/p>\n\n\n\n<p>Ayr\u0131ca, bir M\u00dcZEDE SAHNE klasi\u011fi haline gelen O\u011fuz \u00d6ner ile&nbsp;<strong><em>Atl\u0131 K\u00f6\u015fk\u2019\u00fcn Ses Manzaras\u0131<\/em><\/strong>&nbsp;at\u00f6lyesi ve Homemade Aromaterapi i\u015fbirli\u011fiyle ger\u00e7ekle\u015ftirilecek&nbsp;<strong><em>Kokularla Kar\u015f\u0131la\u015fmalar<\/em><\/strong>&nbsp;at\u00f6lyesi, izleyicilere g\u00f6rme ve i\u015fitmenin \u00f6tesine ge\u00e7en yeni bir duyusal deneyim sunacak.<\/p>\n","protected":false},"excerpt":{"rendered":"<p>\u201cKar\u015f\u0131la\u015fmalar ve \u00d6tesi\u201d\u00a0temas\u0131yla d\u00fczenlenecek M\u00dcZEDE SAHNE,\u00a04-7 Eyl\u00fcl 2025 tarihleri aras\u0131nda Sak\u0131p Sabanc\u0131 M\u00fczesi\u2019nde izleyiciyle bulu\u015facak. Sabanc\u0131 Vakf\u0131\u2019n\u0131n ana deste\u011fiyle uzun y\u0131llard\u0131r devam eden G\u00f6steri Sanatlar\u0131&hellip;<\/p>\n","protected":false},"author":6,"featured_media":3838,"comment_status":"open","ping_status":"open","sticky":false,"template":"","format":"standard","meta":{"footnotes":""},"categories":[22],"tags":[],"class_list":["post-3837","post","type-post","status-publish","format-standard","has-post-thumbnail","hentry","category-kultursanat"],"_links":{"self":[{"href":"https:\/\/www.mallandmotto.com\/index.php\/wp-json\/wp\/v2\/posts\/3837","targetHints":{"allow":["GET"]}}],"collection":[{"href":"https:\/\/www.mallandmotto.com\/index.php\/wp-json\/wp\/v2\/posts"}],"about":[{"href":"https:\/\/www.mallandmotto.com\/index.php\/wp-json\/wp\/v2\/types\/post"}],"author":[{"embeddable":true,"href":"https:\/\/www.mallandmotto.com\/index.php\/wp-json\/wp\/v2\/users\/6"}],"replies":[{"embeddable":true,"href":"https:\/\/www.mallandmotto.com\/index.php\/wp-json\/wp\/v2\/comments?post=3837"}],"version-history":[{"count":1,"href":"https:\/\/www.mallandmotto.com\/index.php\/wp-json\/wp\/v2\/posts\/3837\/revisions"}],"predecessor-version":[{"id":3839,"href":"https:\/\/www.mallandmotto.com\/index.php\/wp-json\/wp\/v2\/posts\/3837\/revisions\/3839"}],"wp:featuredmedia":[{"embeddable":true,"href":"https:\/\/www.mallandmotto.com\/index.php\/wp-json\/wp\/v2\/media\/3838"}],"wp:attachment":[{"href":"https:\/\/www.mallandmotto.com\/index.php\/wp-json\/wp\/v2\/media?parent=3837"}],"wp:term":[{"taxonomy":"category","embeddable":true,"href":"https:\/\/www.mallandmotto.com\/index.php\/wp-json\/wp\/v2\/categories?post=3837"},{"taxonomy":"post_tag","embeddable":true,"href":"https:\/\/www.mallandmotto.com\/index.php\/wp-json\/wp\/v2\/tags?post=3837"}],"curies":[{"name":"wp","href":"https:\/\/api.w.org\/{rel}","templated":true}]}}