{"id":3847,"date":"2025-08-26T09:26:24","date_gmt":"2025-08-26T09:26:24","guid":{"rendered":"https:\/\/www.mallandmotto.com\/?p=3847"},"modified":"2025-10-29T13:54:58","modified_gmt":"2025-10-29T13:54:58","slug":"kirmizi-karavan-akasyada-doga-sevgisini-yesertti","status":"publish","type":"post","link":"https:\/\/www.mallandmotto.com\/index.php\/2025\/08\/26\/kirmizi-karavan-akasyada-doga-sevgisini-yesertti\/","title":{"rendered":"K\u0131rm\u0131z\u0131 Karavan, Akasya\u2019da Do\u011fa Sevgisini Ye\u015fertti"},"content":{"rendered":"\n<h3 class=\"wp-block-heading\"><strong>Aki\u015f GYO ve K\u0131rm\u0131z\u0131 \u00c7ocuklar Derne\u011fi ile hayata ge\u00e7irilen \u201cK\u0131rm\u0131z\u0131 Karavan\u201d projesi kapsam\u0131nda Akasya\u2019da ger\u00e7ekle\u015ftirilen \u201cDo\u011fa Arkada\u015f\u0131m At\u00f6lyesi\u201dnde \u00e7ocuklar bir araya geldi. Minik ziyaret\u00e7iler, kendi \u00e7im adamlar\u0131n\u0131 yaparak do\u011fayla ba\u011f kurdu ve s\u00fcrd\u00fcr\u00fclebilirlik kavram\u0131n\u0131 e\u011flenceli bir \u015fekilde ke\u015ffetti.<\/strong><\/h3>\n\n\n\n<p>Aki\u015f GYO\u2019nun 20\u2019nci y\u0131l\u0131 kapsam\u0131nda K\u0131rm\u0131z\u0131 \u00c7ocuklar Derne\u011fi ile hayata ge\u00e7irilen \u201cK\u0131rm\u0131z\u0131 Karavan\u201d projesi, iyilik yolculu\u011funu Akasya\u2019daki \u201cDo\u011fa Arkada\u015f\u0131m At\u00f6lyesi\u201d ile s\u00fcrd\u00fcrd\u00fc. 23 A\u011fustos\u2019ta ger\u00e7ekle\u015fen etkinlikte 5\u20139 ya\u015f aral\u0131\u011f\u0131ndaki 50 \u00e7ocuk, kendi \u00e7im adamlar\u0131n\u0131 tasarlayarak hem e\u011flendi hem de do\u011fayla ba\u011f kurman\u0131n keyfini ya\u015fad\u0131.<\/p>\n\n\n\n<p>E\u011fitmen Nurbanu \u00d6zt\u00fcrk\u2019\u00fcn rehberli\u011finde \u00e7ocuklar, toprakla temas ederek yarat\u0131c\u0131l\u0131klar\u0131n\u0131 ortaya koydu ve s\u00fcrd\u00fcr\u00fclebilirli\u011fin g\u00fcnl\u00fck ya\u015famda nas\u0131l kar\u015f\u0131l\u0131k bulabilece\u011fini ke\u015ffetti. At\u00f6lye, \u00e7ocuklar\u0131n hem \u00f6\u011frenip hem e\u011flendi\u011fi, renkli ve ne\u015feli anlara sahne oldu.<\/p>\n\n\n\n<p>K\u0131rm\u0131z\u0131 Karavan, bir ay gibi k\u0131sa s\u00fcrede Akasya ve Akbat\u0131\u2019da d\u00fczenlenen \u00fc\u00e7 at\u00f6lyeyle 100\u2019\u00fc a\u015fk\u0131n \u00e7ocu\u011fun \u00fcretim ve payla\u015f\u0131m yolculu\u011funa e\u015flik etti.&nbsp;<\/p>\n\n\n\n<p>K\u0131rm\u0131z\u0131 Karavan projesi, y\u0131l boyunca s\u00fcrecek yeni at\u00f6lyeler, e\u011fitimler ve \u00f6zel tasar\u0131m \u00fcr\u00fcnlerle daha fazla \u00e7ocu\u011fun hayat\u0131na dokunmaya devam edecek. Elde edilen t\u00fcm gelir ise G\u00fc\u00e7l\u00fc Yar\u0131nlar Akademisi arac\u0131l\u0131\u011f\u0131yla koruma alt\u0131ndaki \u00e7ocuklar\u0131n geli\u015fimine aktar\u0131lacak.<\/p>\n","protected":false},"excerpt":{"rendered":"<p>Aki\u015f GYO ve K\u0131rm\u0131z\u0131 \u00c7ocuklar Derne\u011fi ile hayata ge\u00e7irilen \u201cK\u0131rm\u0131z\u0131 Karavan\u201d projesi kapsam\u0131nda Akasya\u2019da ger\u00e7ekle\u015ftirilen \u201cDo\u011fa Arkada\u015f\u0131m At\u00f6lyesi\u201dnde \u00e7ocuklar bir araya geldi. Minik ziyaret\u00e7iler, kendi&hellip;<\/p>\n","protected":false},"author":6,"featured_media":3848,"comment_status":"open","ping_status":"open","sticky":false,"template":"","format":"standard","meta":{"footnotes":""},"categories":[1],"tags":[],"class_list":["post-3847","post","type-post","status-publish","format-standard","has-post-thumbnail","hentry","category-serbest"],"_links":{"self":[{"href":"https:\/\/www.mallandmotto.com\/index.php\/wp-json\/wp\/v2\/posts\/3847","targetHints":{"allow":["GET"]}}],"collection":[{"href":"https:\/\/www.mallandmotto.com\/index.php\/wp-json\/wp\/v2\/posts"}],"about":[{"href":"https:\/\/www.mallandmotto.com\/index.php\/wp-json\/wp\/v2\/types\/post"}],"author":[{"embeddable":true,"href":"https:\/\/www.mallandmotto.com\/index.php\/wp-json\/wp\/v2\/users\/6"}],"replies":[{"embeddable":true,"href":"https:\/\/www.mallandmotto.com\/index.php\/wp-json\/wp\/v2\/comments?post=3847"}],"version-history":[{"count":1,"href":"https:\/\/www.mallandmotto.com\/index.php\/wp-json\/wp\/v2\/posts\/3847\/revisions"}],"predecessor-version":[{"id":3849,"href":"https:\/\/www.mallandmotto.com\/index.php\/wp-json\/wp\/v2\/posts\/3847\/revisions\/3849"}],"wp:featuredmedia":[{"embeddable":true,"href":"https:\/\/www.mallandmotto.com\/index.php\/wp-json\/wp\/v2\/media\/3848"}],"wp:attachment":[{"href":"https:\/\/www.mallandmotto.com\/index.php\/wp-json\/wp\/v2\/media?parent=3847"}],"wp:term":[{"taxonomy":"category","embeddable":true,"href":"https:\/\/www.mallandmotto.com\/index.php\/wp-json\/wp\/v2\/categories?post=3847"},{"taxonomy":"post_tag","embeddable":true,"href":"https:\/\/www.mallandmotto.com\/index.php\/wp-json\/wp\/v2\/tags?post=3847"}],"curies":[{"name":"wp","href":"https:\/\/api.w.org\/{rel}","templated":true}]}}