{"id":3860,"date":"2025-08-27T06:26:39","date_gmt":"2025-08-27T06:26:39","guid":{"rendered":"https:\/\/www.mallandmotto.com\/?p=3860"},"modified":"2025-08-27T06:26:40","modified_gmt":"2025-08-27T06:26:40","slug":"zorlu-psmde-bu-hafta","status":"publish","type":"post","link":"https:\/\/www.mallandmotto.com\/index.php\/2025\/08\/27\/zorlu-psmde-bu-hafta\/","title":{"rendered":"Zorlu PSM\u2019de Bu Hafta"},"content":{"rendered":"\n<h3 class=\"wp-block-heading\"><strong>Zorlu PSM, yaz boyunca ger\u00e7ekle\u015ftirdi\u011fi konserlerle \u015fehri uzun soluklu bir festival alan\u0131na d\u00f6n\u00fc\u015ft\u00fcrmeye devam ediyor. PSM Loves Summer by %100 M\u00fczik konser serisinin d\u00f6rd\u00fcnc\u00fc edisyonunda, 4 Eyl\u00fcl\u2019de %100 Studio\u2019da T\u00fcrkiye\u2019deki ilk konserini verecek olan Luvcat, m\u00fczik ve teatral hikayenin i\u00e7 i\u00e7e ge\u00e7ti\u011fi sahne performans\u0131yla m\u00fczikseverleri\u00a0unutulmayacak bir m\u00fczikal evrenle bulu\u015fmaya davet ediyor.\u00a0Ayn\u0131 g\u00fcn %100 M\u00fczik katk\u0131lar\u0131yla ger\u00e7ekle\u015fecek olan PSM Loves Summer Warm-Up Party kapsam\u0131nda Modular Ensemble, Zorlu PSM\u2019nin sevilen a\u00e7\u0131k hava sahnesi Vestel Amfi\u2019de sahne alacak.\u00a0<\/strong><\/h3>\n\n\n\n<p><strong>Zorlu PSM\u2019nin sahne arkas\u0131ndaki b\u00fcy\u00fcl\u00fc d\u00fcnyas\u0131 &nbsp;ke\u015fif turlar\u0131yla sanatseverlerle bulu\u015fmaya devam ediyor. 6 Eyl\u00fcl\u2019de ger\u00e7ekle\u015fecek UNSEEN Tour, rehber e\u015fli\u011finde kat\u0131l\u0131mc\u0131lar\u0131 4000 ad\u0131ml\u0131k bir yolculukla dev yap\u0131mlar\u0131n haz\u0131rl\u0131k s\u00fcre\u00e7lerine tan\u0131kl\u0131\u011fa davet ederken, 7 Eyl\u00fcl\u2019de ise UNSEEN Kids Tour, 8-12 ya\u015f aras\u0131ndaki \u00e7ocuklara sahne arkas\u0131n\u0131 oyun ve bulmacalarla ke\u015ffetme imkan\u0131 sunuyor.<\/strong><\/p>\n\n\n\n<p><strong>Aileler ve minikler i\u00e7in \u00f6zel bir deneyim sunan BabyConcerts, 7 Eyl\u00fcl\u2019de Vestel Amfi\u2019de \u00e7ocuklarla bulu\u015fuyor. Okullar a\u00e7\u0131lmadan \u00f6nceki bu yaz bulu\u015fmas\u0131nda, bebekler ve \u00e7ocuklar aileleriyle birlikte Mozart\u2019tan Tchaikovsky\u2019ye uzanan se\u00e7kiyi balerin ve hik\u00e2ye anlat\u0131c\u0131s\u0131n\u0131n e\u015fli\u011finde dinleyerek hem e\u011flenceli hem \u00f6\u011fretici bir deneyim ya\u015fat\u0131yor.<\/strong><\/p>\n\n\n\n<p><strong><u>AFTERWORK PARTY: TUBA \/\/ 3 EYL\u00dcL \/\/ VESTEL AMF \u0130 \/\/ 19.00<\/u><\/strong><\/p>\n\n\n\n<p>Afterwork Party: Tuba, 3 Eyl\u00fcl\u2019de Zorlu PSM\u2019nin sevilen a\u00e7\u0131k hava mekan\u0131 Vestel Amfi\u2019de sahne al\u0131yor.<\/p>\n\n\n\n<p>*Etkinli\u011fe giri\u015f yapabilmeniz i\u00e7in&nbsp;zorlupsm.com\u2019da ve Zorlu PSM aplikasyonunda bulunan \u00f6n kay\u0131t formunu doldurman\u0131z gerekmektedir.<\/p>\n\n\n\n<p><strong>Kap\u0131 A\u00e7\u0131l\u0131\u015f:<\/strong>&nbsp;10.00<\/p>\n\n\n\n<p><strong>Etkinlik:<\/strong>&nbsp;19.00<\/p>\n\n\n\n<p><strong><u>PSM LOVES SUMMER WARM-UP PARTY: ISTANBUL MODULAR ENSEMBLE \/\/ 4 EYL\u00dcL \/\/ VESTEL AMF\u0130 \/\/ 19.30<\/u><\/strong><\/p>\n\n\n\n<p>Modular Ensemble, 4 Eyl\u00fcl&#8217;de %100 M\u00fczik katk\u0131lar\u0131yla Zorlu PSM&#8217;nin sevilen a\u00e7\u0131k hava mekan\u0131 Vestel Amfi&#8217;de sahne al\u0131yor.<\/p>\n\n\n\n<p>*Etkinli\u011fe giri\u015f yapabilmeniz i\u00e7in&nbsp;zorlupsm.com\u2019da ve Zorlu PSM aplikasyonunda bulunan \u00f6n kay\u0131t formunu doldurman\u0131z gerekmektedir.<\/p>\n\n\n\n<p><strong>Kap\u0131 A\u00e7\u0131l\u0131\u015f:<\/strong>&nbsp;10.00<\/p>\n\n\n\n<p><strong>Etkinlik:<\/strong>&nbsp;19.30<\/p>\n\n\n\n<p><strong><u>PSM LOVES SUMMER BY %100 M\u00dcZ\u0130K: LUVCAT \/\/&nbsp;<\/u><\/strong><strong><u>4 EYL\u00dcL&nbsp;<\/u><\/strong><strong><u>\/\/ %100 STUDIO \/\/ 21.30&nbsp;<\/u><\/strong><\/p>\n\n\n\n<p>Romantizm ve rock\u2019n\u2019roll\u2019u kendine \u00f6zg\u00fc bir hik\u00e2ye anlat\u0131c\u0131l\u0131\u011f\u0131yla birle\u015ftiren Luvcat, \u0130lk teklisi \u2018Matador\u2019la lanetli a\u015fklar ve \u00e7arp\u0131k hayal d\u00fcnyalar\u0131 yaratt\u0131\u011f\u0131 \u015fark\u0131lar\u0131yla k\u0131sa s\u00fcrede dikkatleri \u00fczerine \u00e7ekti. Ard\u0131ndan yay\u0131mlad\u0131\u011f\u0131 \u201cHe\u2019s My Man\u201d adl\u0131 ikinci par\u00e7as\u0131yla modern m\u00fczik d\u00fcnyas\u0131nda \u00f6zg\u00fcn tarz\u0131n\u0131 peki\u015ftiren sanat\u00e7\u0131, 4 Eyl\u00fcl\u2019de %100 Studio\u2019da T\u00fcrkiye\u2019deki ilk konserini verecek. B\u00fcy\u00fcl\u00fc ses katmanlar\u0131 ve teatral sahne performans\u0131yla Luvcat, izleyicileri m\u00fczik ve hik\u00e2yenin i\u00e7 i\u00e7e ge\u00e7ti\u011fi e\u015fsiz bir evrene davet ediyor.<\/p>\n\n\n\n<p><strong>Kap\u0131 A\u00e7\u0131l\u0131\u015f:<\/strong>&nbsp;20.30<\/p>\n\n\n\n<p><strong>Etkinlik:<\/strong>&nbsp;21.30<\/p>\n\n\n\n<p><strong><u>CITY SOUNDS: ONUR YAZICI \/\/ 5 EYL\u00dcL \/\/ VESTEL AMF\u0130 \/\/ 20.00<\/u><\/strong><\/p>\n\n\n\n<p>5 Eyl\u00fcl&#8217;de City Sounds: Onur Yaz\u0131c\u0131, Zorlu PSM&#8217;nin sevilen a\u00e7\u0131k hava mekan\u0131 Vestel Amfi&#8217;de sahne al\u0131yor.<\/p>\n\n\n\n<p>*Etkinli\u011fe giri\u015f yapabilmeniz i\u00e7in&nbsp;zorlupsm.com\u2019da ve Zorlu PSM aplikasyonunda bulunan \u00f6n kay\u0131t formunu doldurman\u0131z gerekmektedir.<\/p>\n\n\n\n<p><strong>Kap\u0131 A\u00e7\u0131l\u0131\u015f:<\/strong>&nbsp;10.00<\/p>\n\n\n\n<p><strong>Etkinlik:<\/strong>&nbsp;20.00<\/p>\n\n\n\n<p><strong><u>UNSEEN TOUR \/\/ 6 EYL\u00dcL \/\/ ZORLU PSM \/\/ 13.00<\/u><\/strong><\/p>\n\n\n\n<p>Zorlu PSM\u2019de sahnelenen dev yap\u0131mlar\u0131n sahne arkas\u0131n\u0131 merak ediyorsan\u0131z her ad\u0131m\u0131 ke\u015fif dolu 4000 ad\u0131ml\u0131k Zorlu PSM UNSEEN Turu ba\u015fl\u0131yor. D\u00fcnyan\u0131n en b\u00fcy\u00fck k\u00fclt\u00fcr sanat merkezleri aras\u0131nda yer alan Zorlu PSM\u2019nin muhte\u015fem mimarisi ve b\u00fcy\u00fcleyici atmosferini her detay\u0131yla deneyimleyebilece\u011finiz tur boyunca bir etkinli\u011fin sahne arkas\u0131 s\u00fcre\u00e7lerinin t\u00fcm\u00fcne yak\u0131ndan tan\u0131k olacaks\u0131n\u0131z. D\u00fcnyaca \u00fcnl\u00fc yerli ve yabanc\u0131 sanat\u00e7\u0131lar\u0131n kulislerini ziyaret etmek, bir etkinli\u011fin t\u00fcm yarat\u0131m s\u00fcre\u00e7lerini bu defa sahne arkas\u0131 haliyle deneyimlemek i\u00e7in her biri 10 ki\u015filik \u00f6zel turumuzdaki yerinizi hemen al\u0131n.<\/p>\n\n\n\n<p><strong>Kap\u0131 A\u00e7\u0131l\u0131\u015f:<\/strong>&nbsp;13.00<\/p>\n\n\n\n<p><strong>Etkinlik:<\/strong>&nbsp;13.00<\/p>\n\n\n\n<p><strong><u>CITY SOUNDS: EMRAH YILDIRIM \/\/ 6 EYL\u00dcL \/\/ VESTEL AMF\u0130 \/\/ 20.00<\/u><\/strong><\/p>\n\n\n\n<p>6 Eyl\u00fcl&#8217;de City Sounds: Emrah Y\u0131ld\u0131r\u0131m, Zorlu PSM&#8217;nin sevilen a\u00e7\u0131k hava mekan\u0131 Vestel Amfi&#8217;de sahne al\u0131yor.<\/p>\n\n\n\n<p>*Etkinli\u011fe giri\u015f yapabilmeniz i\u00e7in&nbsp;zorlupsm.com\u2019da ve Zorlu PSM aplikasyonunda bulunan \u00f6n kay\u0131t formunu doldurman\u0131z gerekmektedir.<\/p>\n\n\n\n<p><strong>Kap\u0131 A\u00e7\u0131l\u0131\u015f:<\/strong>&nbsp;10.00<\/p>\n\n\n\n<p><strong>Etkinlik:<\/strong>&nbsp;20.00<\/p>\n\n\n\n<p><strong><u>UNSEEN KIDS TOUR \/\/ 7 EYL\u00dcL \/\/ ZORLU PSM \/\/ 13.00<\/u><\/strong><\/p>\n\n\n\n<p>UNSEEN KIDS, Zorlu PSM\u2019in sahne arkas\u0131ndaki b\u00fcy\u00fcl\u00fc d\u00fcnyas\u0131n\u0131 \u00e7ocuklara a\u00e7\u0131yor! 8-12 ya\u015f aras\u0131ndaki kat\u0131l\u0131mc\u0131lar, bu \u00f6zel tur s\u0131ras\u0131nda kendilerini gizemli bir bulmacan\u0131n i\u00e7inde buluyor. Tur boyunca, kulaklar\u0131na f\u0131s\u0131ldayan esrarengiz bir sesin y\u00f6nlendirmesiyle, ad\u0131m ad\u0131m Zorlu PSM\u2019in perde arkas\u0131ndaki s\u0131rlar\u0131n\u0131 ke\u015ffetmeye ba\u015fl\u0131yorlar. Bulmacalar\u0131 \u00e7\u00f6zerken, bir g\u00f6sterinin sahneye \u00e7\u0131kana dek ge\u00e7ti\u011fi t\u00fcm a\u015famalar\u0131, bu s\u00fcrecin arkas\u0131ndaki g\u00f6r\u00fcnmeyen kahramanlar\u0131n rollerini ve eme\u011fini \u00f6\u011freniyorlar. B\u00f6ylece sadece bir mekan\u0131 de\u011fil, bir hik\u00e2yeyi deneyimliyor, ke\u015ffetmenin heyecan\u0131n\u0131 ya\u015f\u0131yorlar.<\/p>\n\n\n\n<p><strong>Kap\u0131 A\u00e7\u0131l\u0131\u015f:<\/strong>&nbsp;13.00<\/p>\n\n\n\n<p><strong>Etkinlik:<\/strong>&nbsp;13.00<\/p>\n\n\n\n<p><strong><u>BABYCONCERTS \u0130LE YAZA HO\u015e\u00c7A KAL \/\/ 7 EYL\u00dcL \/\/ VESTEL AMF\u0130 \/\/ 11.00<\/u><\/strong><\/p>\n\n\n\n<p>BabyConcerts Zorlu PSM Vestel Amfi\u2019de ile T\u00fcrkiye\u2019de ilk ve tek olan 0+ konseptiyle, 3 ayl\u0131k ya da 3 ya\u015f\u0131nda fark etmeksizin t\u00fcm bebek ve \u00e7ocuklar, aileleriyle canl\u0131 klasik m\u00fczik dinleme ve bir balerin ile hikaye anlat\u0131c\u0131s\u0131 e\u015fli\u011finde m\u00fczikal bir yolculu\u011fa \u00e7\u0131kma \u015fans\u0131 buluyor. BabyConcerts\u2019\u0131n repertuar\u0131ndaki en sevilen eserlerin yer alaca\u011f\u0131 yaz program\u0131nda minikler m\u00fczi\u011fe danslar\u0131yla e\u015flik edecek. G.Bizet, W.A.Mozart, J.Strauss, P.I.Tchaikovsky gibi d\u00fcnyaca \u00fcnl\u00fc bestecilerle tan\u0131\u015facak ve belki de ilk defa ger\u00e7ek bir balerini bu kadar yak\u0131ndan izleme imkan\u0131 bulacaklar.<\/p>\n\n\n\n<p><strong>Kap\u0131 A\u00e7\u0131l\u0131\u015f:<\/strong>&nbsp;10.30<\/p>\n\n\n\n<p><strong>Etkinlik:<\/strong>&nbsp;11.00<\/p>\n\n\n\n<p><\/p>\n\n\n\n<p><\/p>\n\n\n\n<p><\/p>\n","protected":false},"excerpt":{"rendered":"<p>Zorlu PSM, yaz boyunca ger\u00e7ekle\u015ftirdi\u011fi konserlerle \u015fehri uzun soluklu bir festival alan\u0131na d\u00f6n\u00fc\u015ft\u00fcrmeye devam ediyor. PSM Loves Summer by %100 M\u00fczik konser serisinin d\u00f6rd\u00fcnc\u00fc edisyonunda,&hellip;<\/p>\n","protected":false},"author":6,"featured_media":3861,"comment_status":"open","ping_status":"open","sticky":false,"template":"","format":"standard","meta":{"footnotes":""},"categories":[22],"tags":[],"class_list":["post-3860","post","type-post","status-publish","format-standard","has-post-thumbnail","hentry","category-kultursanat"],"_links":{"self":[{"href":"https:\/\/www.mallandmotto.com\/index.php\/wp-json\/wp\/v2\/posts\/3860","targetHints":{"allow":["GET"]}}],"collection":[{"href":"https:\/\/www.mallandmotto.com\/index.php\/wp-json\/wp\/v2\/posts"}],"about":[{"href":"https:\/\/www.mallandmotto.com\/index.php\/wp-json\/wp\/v2\/types\/post"}],"author":[{"embeddable":true,"href":"https:\/\/www.mallandmotto.com\/index.php\/wp-json\/wp\/v2\/users\/6"}],"replies":[{"embeddable":true,"href":"https:\/\/www.mallandmotto.com\/index.php\/wp-json\/wp\/v2\/comments?post=3860"}],"version-history":[{"count":1,"href":"https:\/\/www.mallandmotto.com\/index.php\/wp-json\/wp\/v2\/posts\/3860\/revisions"}],"predecessor-version":[{"id":3862,"href":"https:\/\/www.mallandmotto.com\/index.php\/wp-json\/wp\/v2\/posts\/3860\/revisions\/3862"}],"wp:featuredmedia":[{"embeddable":true,"href":"https:\/\/www.mallandmotto.com\/index.php\/wp-json\/wp\/v2\/media\/3861"}],"wp:attachment":[{"href":"https:\/\/www.mallandmotto.com\/index.php\/wp-json\/wp\/v2\/media?parent=3860"}],"wp:term":[{"taxonomy":"category","embeddable":true,"href":"https:\/\/www.mallandmotto.com\/index.php\/wp-json\/wp\/v2\/categories?post=3860"},{"taxonomy":"post_tag","embeddable":true,"href":"https:\/\/www.mallandmotto.com\/index.php\/wp-json\/wp\/v2\/tags?post=3860"}],"curies":[{"name":"wp","href":"https:\/\/api.w.org\/{rel}","templated":true}]}}