{"id":3877,"date":"2025-08-27T07:12:40","date_gmt":"2025-08-27T07:12:40","guid":{"rendered":"https:\/\/www.mallandmotto.com\/?p=3877"},"modified":"2025-08-28T10:22:04","modified_gmt":"2025-08-28T10:22:04","slug":"remote-control-cafe-ilk-kez-istanbul-cevahirde","status":"publish","type":"post","link":"https:\/\/www.mallandmotto.com\/index.php\/2025\/08\/27\/remote-control-cafe-ilk-kez-istanbul-cevahirde\/","title":{"rendered":"\u201cRemote Control Cafe\u201d \u0130lk Kez \u0130stanbul Cevahir\u2019de"},"content":{"rendered":"\n<h3 class=\"wp-block-heading\">Y\u00fczlerce markaya ve s\u0131n\u0131rs\u0131z e\u011flenceye ev sahipli\u011fi yapan \u0130stanbul Cevahir, \u00e7ocuklara ve ailelerine unutulmaz bir deneyim ya\u015fatacak yepyeni bir etkinli\u011fe ev sahipli\u011fi yapacak. 29 A\u011fustos \u2013 7 Eyl\u00fcl tarihleri aras\u0131nda ger\u00e7ekle\u015ftirilecek \u201cRemote Contol Cafe\u201d etkinli\u011finde, kat\u0131l\u0131mc\u0131lar ger\u00e7ek\u00e7i bir mini \u015fantiyede i\u015f makinelerini deneyimleyeme \u015fans\u0131 yakalayacak.<\/h3>\n\n\n\n<p>\u0130stanbul Cevahir, \u00e7ocuklara ve gen\u00e7 ruhlara unutulmaz bir deneyim sunmaya haz\u0131rlan\u0131yor. D\u00fcnya \u00e7ap\u0131nda b\u00fcy\u00fck ilgi g\u00f6ren&nbsp;\u201cRemote Contol Cafe\u201d&nbsp;etkinli\u011fi \u0130stanbul Cevahir\u2019de 29 A\u011fustos- 7 Eyl\u00fcl tarihleri aras\u0131nda ziyaret\u00e7ilerle bulu\u015facak. &nbsp;Her ya\u015fa uygun bir \u015fantiye alan\u0131 olma \u00f6zelli\u011fi de ta\u015f\u0131yan&nbsp;\u201cRemote Contol Cafe\u201d&nbsp;etkinli\u011finde ebeveynler de \u00e7ocuklar\u0131yla birlikte bu heyecana ortak olup keyifli vakit ge\u00e7irebilecek.&nbsp;<\/p>\n\n\n\n<p>Etkinlik ile kat\u0131l\u0131mc\u0131lar; in\u015faat d\u00fcnyas\u0131n\u0131n heyecan verici atmosferine ad\u0131m atacak, devasa i\u015f makinelerinin birebir k\u00fc\u00e7\u00fclt\u00fclm\u00fc\u015f modelleriyle kendi mini \u015fantiyelerini kurma, proje olu\u015fturma ve in\u015faat s\u00fcre\u00e7lerini deneyimleme \u015fanslar\u0131n\u0131 yakalayacak.<\/p>\n\n\n\n<h3 class=\"wp-block-heading\"><strong>Ger\u00e7ek\u00e7i Bir Mini \u015eantiye \u0130stanbul Cevahir\u2019de Ziyaret\u00e7ileri Bekliyor<\/strong><\/h3>\n\n\n\n<p>Ebeveynlerin \u00e7ocuklar\u0131yla beraber unutulmaz bir deneyim ya\u015fayabilece\u011fi \u201cRemote Contol Cafe\u201d etkinli\u011fi,&nbsp;kat\u0131l\u0131mc\u0131lara ger\u00e7ek bir \u015fantiye deneyimini g\u00fcvenli ve e\u011flenceli bir ortamda ya\u015fatacak. Kum tepeleri, ta\u015f ocaklar\u0131, in\u015faat malzemeleri ve \u00f6zenle tasarlanm\u0131\u015f alanlarla ger\u00e7ek\u00e7i bir atmosfer sunulurken, detayl\u0131 ve interaktif mini ekskavat\u00f6rler, dozerler, vin\u00e7ler ve daha bir\u00e7ok i\u015f makinesi \u0130stanbul Cevahir\u2019de kat\u0131l\u0131mc\u0131larla bulu\u015facak.&nbsp;<\/p>\n\n\n\n<p>Sadece e\u011flence de\u011fil, ayn\u0131 zamanda e\u011fitici bir deneyim de sunan etkinlikte kat\u0131l\u0131mc\u0131lar; in\u015faat s\u00fcre\u00e7lerini&nbsp;pratik uygulamalarla \u00f6\u011frenecek, mini i\u015f makinelerini&nbsp;g\u00fcvenli \u015fekilde kullanma becerisi kazanacak ve tak\u0131m \u00e7al\u0131\u015fmas\u0131n\u0131n&nbsp;\u00f6nemini deneyimleyerek b\u00fcy\u00fck projeleri birlikte tamamlayacak.<\/p>\n\n\n\n<p>Etkinlik alan\u0131nda; \u201cKum y\u0131\u011f\u0131nlar\u0131, ta\u015f ocaklar\u0131 ve yap\u0131 malzemeleriyle haz\u0131rlanm\u0131\u015f ger\u00e7ek\u00e7i bir mini in\u015faat sahas\u0131,1:14 \u00f6l\u00e7ekli ekskavat\u00f6r, buldozer, vin\u00e7 gibi i\u015f makineleri, uzman e\u011fitmenler rehberli\u011finde in\u015faat ve trafik kurallar\u0131n\u0131 \u00f6\u011freten g\u00fcvenli bir oyun alan\u0131, ailelerin dinlenebilece\u011fi ve bubble tea ikramlar\u0131n\u0131n yap\u0131laca\u011f\u0131 Trib\u00fcn Kafe\u201d ziyaret\u00e7iler ile bulu\u015facak.<\/p>\n\n\n\n<p><strong>\u0130stanbul Cevahir&nbsp;<\/strong><strong>Remote Contol Cafe<\/strong>&nbsp;<strong>Etkinli\u011fi Kat\u0131l\u0131m Ko\u015fullar\u0131&nbsp;<\/strong><\/p>\n\n\n\n<ul class=\"wp-block-list\">\n<li>Etkinlik 29.08.2025 saat 12.00\u2019da ba\u015flay\u0131p 07.09.2025 saat 20:00\u2019de sonlanacakt\u0131r.<\/li>\n\n\n\n<li>Etkinli\u011fe \u0130stanbul Cevahir Al\u0131\u015fveri\u015f ve E\u011flence Merkezi\u2019nde 1.Katta bulunan etkinlik alan\u0131ndan kat\u0131l\u0131m sa\u011flanabilecektir.<\/li>\n\n\n\n<li>Etkinli\u011fe kat\u0131l\u0131m \u00fccretsizdir.\u00a0<\/li>\n\n\n\n<li>Ayn\u0131 g\u00fcn i\u00e7inde Al\u0131\u015fveri\u015f Merkezi\u2019nden yap\u0131lan minimum 500 TL de\u011ferinde fi\u015f ibraz\u0131 gerekmektedir.<\/li>\n\n\n\n<li>Etkinli\u011fe kay\u0131t 12.00-19.00 saatleri aras\u0131nda olacakt\u0131r.<\/li>\n\n\n\n<li>Etkinli\u011fe 8-14 ya\u015f aral\u0131\u011f\u0131ndaki \u00e7ocuklar tek ba\u015flar\u0131na veya ebeveynleri ile birlikte kat\u0131labilir.\u00a0<\/li>\n\n\n\n<li>Kat\u0131l\u0131mc\u0131 ayn\u0131 g\u00fcn i\u00e7erisinde yaln\u0131zca bir kere kaydolabilir ve yaln\u0131zca bir defa oyuna kat\u0131labilir.<\/li>\n\n\n\n<li>Etkinliklerde da\u011f\u0131t\u0131lacak ikramlar stoklarla s\u0131n\u0131rl\u0131 olup ikramlar etkinlik s\u00fcresince de\u011fi\u015fiklik g\u00f6sterebilecektir.\u00a0<\/li>\n\n\n\n<li>Etkinlik ile ilgili detayl\u0131 bilgiyi\u00a0istanbulcevahir.com\u2019da\u00a0bulabilirsiniz.<\/li>\n<\/ul>\n\n\n\n<p><strong>Etkinlik Program\u0131<\/strong><\/p>\n\n\n\n<p>Etkinlik \u00f6ncesinde olu\u015fturulacak bekleme noktas\u0131na kat\u0131l\u0131mc\u0131lar al\u0131narak, her bir kat\u0131l\u0131mc\u0131ya Bubble Tea ikram\u0131 yap\u0131lacakt\u0131r.<\/p>\n\n\n\n<p><strong>Program Ak\u0131\u015f\u0131:<\/strong><\/p>\n\n\n\n<p><strong>13:00<\/strong>&nbsp;\u2013 Grup 1 (5 ki\u015fi)<br><strong>13:15<\/strong>&nbsp;\u2013 Grup 2 (5 ki\u015fi)<br><strong>13:30<\/strong>&nbsp;\u2013 Grup 3 (5 ki\u015fi)<br><strong>13:45<\/strong>&nbsp;\u2013 Grup 4 (5 ki\u015fi)<\/p>\n\n\n\n<p><strong>14:00<\/strong>&nbsp;\u2013 Grup 5 (5 ki\u015fi)<br><strong>14:15<\/strong>&nbsp;\u2013 Grup 6 (5 ki\u015fi)<br><strong>14:30<\/strong>&nbsp;\u2013 Grup 7 (5 ki\u015fi)<br><strong>14:45<\/strong>&nbsp;\u2013 Grup 8 (5 ki\u015fi)<\/p>\n\n\n\n<p><strong>15:00<\/strong>&nbsp;\u2013 Grup 9 (5 ki\u015fi)<br><strong>15:15<\/strong>&nbsp;\u2013 Grup 10 (5 ki\u015fi)<br><strong>15:30<\/strong>&nbsp;\u2013 Grup 11 (5 ki\u015fi)<br><strong>15:45<\/strong>&nbsp;\u2013 Grup 12 (5 ki\u015fi)<\/p>\n\n\n\n<p><strong>16:00<\/strong>&nbsp;\u2013 Grup 13 (5 ki\u015fi)<br><strong>16:15<\/strong>&nbsp;\u2013 Grup 14 (5 ki\u015fi)<br><strong>16:30<\/strong>&nbsp;\u2013 Grup 15 (5 ki\u015fi)<br><strong>16:45<\/strong>&nbsp;\u2013 Grup 16 (5 ki\u015fi)<\/p>\n\n\n\n<p><strong>17:00<\/strong>&nbsp;\u2013 Grup 17 (5 ki\u015fi)<br><strong>17:15<\/strong>&nbsp;\u2013 Grup 18 (5 ki\u015fi)<br><strong>17:30<\/strong>&nbsp;\u2013 Grup 19 (5 ki\u015fi)<br><strong>17:45<\/strong>&nbsp;\u2013 Grup 20 (5 ki\u015fi)<\/p>\n\n\n\n<p><strong>18:00<\/strong>&nbsp;\u2013 Grup 21 (5 ki\u015fi)<br><strong>18:15<\/strong>&nbsp;\u2013 Grup 22 (5 ki\u015fi)<br><strong>18:30<\/strong>&nbsp;\u2013 Grup 23 (5 ki\u015fi)<br><strong>18:45<\/strong>&nbsp;\u2013 Grup 24 (5 ki\u015fi)<\/p>\n\n\n\n<p><strong>19:00<\/strong>&nbsp;\u2013 Grup 25 (5 ki\u015fi)<br><strong>19:15<\/strong>&nbsp;\u2013 Grup 26 (5 ki\u015fi)<br><strong>19:30<\/strong>&nbsp;\u2013 Grup 27 (5 ki\u015fi)<br><strong>19:45<\/strong>&nbsp;\u2013 Grup 28 (5 ki\u015fi)<\/p>\n\n\n\n<p><strong>20:00<\/strong>&nbsp;\u2013 Grup 29 (5 ki\u015fi)<\/p>\n\n\n\n<p>*&nbsp;<strong>G\u00fcnl\u00fck toplam kat\u0131l\u0131mc\u0131 say\u0131s\u0131:<\/strong>&nbsp;140 ki\u015fi<\/p>\n\n\n\n<figure class=\"wp-block-image size-large is-resized\"><img fetchpriority=\"high\" decoding=\"async\" width=\"819\" height=\"1024\" src=\"https:\/\/www.mallandmotto.com\/wp-content\/uploads\/2025\/08\/1756239229_KV-819x1024.jpg\" alt=\"\" class=\"wp-image-3878\" style=\"width:354px;height:auto\" srcset=\"https:\/\/www.mallandmotto.com\/wp-content\/uploads\/2025\/08\/1756239229_KV-819x1024.jpg 819w, https:\/\/www.mallandmotto.com\/wp-content\/uploads\/2025\/08\/1756239229_KV-240x300.jpg 240w, https:\/\/www.mallandmotto.com\/wp-content\/uploads\/2025\/08\/1756239229_KV-768x960.jpg 768w, https:\/\/www.mallandmotto.com\/wp-content\/uploads\/2025\/08\/1756239229_KV.jpg 1080w\" sizes=\"(max-width: 819px) 100vw, 819px\" \/><\/figure>\n","protected":false},"excerpt":{"rendered":"<p>Y\u00fczlerce markaya ve s\u0131n\u0131rs\u0131z e\u011flenceye ev sahipli\u011fi yapan \u0130stanbul Cevahir, \u00e7ocuklara ve ailelerine unutulmaz bir deneyim ya\u015fatacak yepyeni bir etkinli\u011fe ev sahipli\u011fi yapacak. 29 A\u011fustos&hellip;<\/p>\n","protected":false},"author":6,"featured_media":3820,"comment_status":"open","ping_status":"open","sticky":false,"template":"","format":"standard","meta":{"footnotes":""},"categories":[1],"tags":[],"class_list":["post-3877","post","type-post","status-publish","format-standard","has-post-thumbnail","hentry","category-serbest"],"_links":{"self":[{"href":"https:\/\/www.mallandmotto.com\/index.php\/wp-json\/wp\/v2\/posts\/3877","targetHints":{"allow":["GET"]}}],"collection":[{"href":"https:\/\/www.mallandmotto.com\/index.php\/wp-json\/wp\/v2\/posts"}],"about":[{"href":"https:\/\/www.mallandmotto.com\/index.php\/wp-json\/wp\/v2\/types\/post"}],"author":[{"embeddable":true,"href":"https:\/\/www.mallandmotto.com\/index.php\/wp-json\/wp\/v2\/users\/6"}],"replies":[{"embeddable":true,"href":"https:\/\/www.mallandmotto.com\/index.php\/wp-json\/wp\/v2\/comments?post=3877"}],"version-history":[{"count":1,"href":"https:\/\/www.mallandmotto.com\/index.php\/wp-json\/wp\/v2\/posts\/3877\/revisions"}],"predecessor-version":[{"id":3879,"href":"https:\/\/www.mallandmotto.com\/index.php\/wp-json\/wp\/v2\/posts\/3877\/revisions\/3879"}],"wp:featuredmedia":[{"embeddable":true,"href":"https:\/\/www.mallandmotto.com\/index.php\/wp-json\/wp\/v2\/media\/3820"}],"wp:attachment":[{"href":"https:\/\/www.mallandmotto.com\/index.php\/wp-json\/wp\/v2\/media?parent=3877"}],"wp:term":[{"taxonomy":"category","embeddable":true,"href":"https:\/\/www.mallandmotto.com\/index.php\/wp-json\/wp\/v2\/categories?post=3877"},{"taxonomy":"post_tag","embeddable":true,"href":"https:\/\/www.mallandmotto.com\/index.php\/wp-json\/wp\/v2\/tags?post=3877"}],"curies":[{"name":"wp","href":"https:\/\/api.w.org\/{rel}","templated":true}]}}