{"id":3917,"date":"2025-08-28T09:26:39","date_gmt":"2025-08-28T09:26:39","guid":{"rendered":"https:\/\/www.mallandmotto.com\/?p=3917"},"modified":"2025-08-28T09:26:40","modified_gmt":"2025-08-28T09:26:40","slug":"kentfest-tiyatro-ekimde-geri-donuyor","status":"publish","type":"post","link":"https:\/\/www.mallandmotto.com\/index.php\/2025\/08\/28\/kentfest-tiyatro-ekimde-geri-donuyor\/","title":{"rendered":"Kentfest Tiyatro Ekim\u2019de Geri D\u00f6n\u00fcyor"},"content":{"rendered":"\n<h3 class=\"wp-block-heading\"><strong>Erdal Be\u015fik\u00e7io\u011flu\u2019nun himayesinde KentFest Uluslararas\u0131 Tiyatro Festivali, \u0130kinci Y\u0131l\u0131nda 1- 14 Ekim Aras\u0131nda Ankara, Etimesgut\u2019ta<\/strong><\/h3>\n\n\n\n<p>Ankara\u2019ya ve T\u00fcrkiye\u2019ye sahne sanatlar\u0131 alan\u0131nda umut verici bir soluk getiren KentFest Tiyatro, ikinci kez seyircisi ile bulu\u015fmaya haz\u0131rlan\u0131yor. Etimesgut Belediye Ba\u015fkan\u0131 ve Etimesgut Kent Tiyatrosu Genel Sanat Y\u00f6netmeni Erdal Be\u015fik\u00e7io\u011flu\u2019nun \u00f6nc\u00fcl\u00fc\u011f\u00fcnde, \u00d6v\u00fcl Avk\u0131ran ve Mustafa Avk\u0131ran\u2019\u0131n e\u015f sanat y\u00f6netmenli\u011finde bu y\u0131l 2. kez d\u00fczenlenecek KentFest Tiyatro, 1- 14 Ekim tarihleri aras\u0131nda 100. Y\u0131l Cumhuriyet K\u00fclt\u00fcr Merkezi\u2019nde (CKM) ger\u00e7ekle\u015ftirilecek.&nbsp;<\/p>\n\n\n\n<p>T\u00fcrkiye\u2019den ve d\u00fcnyadan g\u00f6sterilerin, at\u00f6lye \u00e7al\u0131\u015fmalar\u0131n\u0131n, s\u00f6yle\u015filerin, konserlerin ve seyirci sohbetlerinin yer alaca\u011f\u0131 KentFest Tiyatro ile bir kez daha tiyatronun kalbi Ankara\u2019da, Etimesgut\u2019ta atacak. T\u00fcm etkinliklerin 100. Y\u0131l Cumhuriyet K\u00fclt\u00fcr Merkezi\u2019nde (CKM) olaca\u011f\u0131 festival kapsam\u0131nda B\u00fcy\u00fck Sahne ve Fuaye Sahne\u2019nin yan\u0131 s\u0131ra Ali Cem K\u00f6ro\u011flu Sahnesi\u2019nin de a\u00e7\u0131l\u0131\u015f\u0131 ger\u00e7ekle\u015ftirilecek.&nbsp;<\/p>\n\n\n\n<p>KentFest Tiyatro\u2019nun program\u0131 \u00f6n\u00fcm\u00fczdeki g\u00fcnlerde a\u00e7\u0131klanacak.<\/p>\n","protected":false},"excerpt":{"rendered":"<p>Erdal Be\u015fik\u00e7io\u011flu\u2019nun himayesinde KentFest Uluslararas\u0131 Tiyatro Festivali, \u0130kinci Y\u0131l\u0131nda 1- 14 Ekim Aras\u0131nda Ankara, Etimesgut\u2019ta Ankara\u2019ya ve T\u00fcrkiye\u2019ye sahne sanatlar\u0131 alan\u0131nda umut verici bir soluk&hellip;<\/p>\n","protected":false},"author":6,"featured_media":3918,"comment_status":"open","ping_status":"open","sticky":false,"template":"","format":"standard","meta":{"footnotes":""},"categories":[22],"tags":[],"class_list":["post-3917","post","type-post","status-publish","format-standard","has-post-thumbnail","hentry","category-kultursanat"],"_links":{"self":[{"href":"https:\/\/www.mallandmotto.com\/index.php\/wp-json\/wp\/v2\/posts\/3917","targetHints":{"allow":["GET"]}}],"collection":[{"href":"https:\/\/www.mallandmotto.com\/index.php\/wp-json\/wp\/v2\/posts"}],"about":[{"href":"https:\/\/www.mallandmotto.com\/index.php\/wp-json\/wp\/v2\/types\/post"}],"author":[{"embeddable":true,"href":"https:\/\/www.mallandmotto.com\/index.php\/wp-json\/wp\/v2\/users\/6"}],"replies":[{"embeddable":true,"href":"https:\/\/www.mallandmotto.com\/index.php\/wp-json\/wp\/v2\/comments?post=3917"}],"version-history":[{"count":1,"href":"https:\/\/www.mallandmotto.com\/index.php\/wp-json\/wp\/v2\/posts\/3917\/revisions"}],"predecessor-version":[{"id":3919,"href":"https:\/\/www.mallandmotto.com\/index.php\/wp-json\/wp\/v2\/posts\/3917\/revisions\/3919"}],"wp:featuredmedia":[{"embeddable":true,"href":"https:\/\/www.mallandmotto.com\/index.php\/wp-json\/wp\/v2\/media\/3918"}],"wp:attachment":[{"href":"https:\/\/www.mallandmotto.com\/index.php\/wp-json\/wp\/v2\/media?parent=3917"}],"wp:term":[{"taxonomy":"category","embeddable":true,"href":"https:\/\/www.mallandmotto.com\/index.php\/wp-json\/wp\/v2\/categories?post=3917"},{"taxonomy":"post_tag","embeddable":true,"href":"https:\/\/www.mallandmotto.com\/index.php\/wp-json\/wp\/v2\/tags?post=3917"}],"curies":[{"name":"wp","href":"https:\/\/api.w.org\/{rel}","templated":true}]}}