{"id":3978,"date":"2025-08-28T12:57:28","date_gmt":"2025-08-28T12:57:28","guid":{"rendered":"https:\/\/www.mallandmotto.com\/?p=3978"},"modified":"2025-08-28T12:57:29","modified_gmt":"2025-08-28T12:57:29","slug":"akbank-sanat-ile-sanat-her-yerde","status":"publish","type":"post","link":"https:\/\/www.mallandmotto.com\/index.php\/2025\/08\/28\/akbank-sanat-ile-sanat-her-yerde\/","title":{"rendered":"Akbank Sanat \u0130le Sanat Her Yerde"},"content":{"rendered":"\n<h3 class=\"wp-block-heading\">Akbank Sanat, Karak\u00f6y Yeni Han\u2019a ta\u015f\u0131narak tarihi miras ile \u00e7a\u011fda\u015f sanat\u0131 bulu\u015fturmaya haz\u0131rlan\u0131yor. Renovasyon s\u00fcrecinde ise \u201cSanat Her Yerde\u201d mottosuyla etkinliklerini farkl\u0131 mek\u00e2nlarda s\u00fcrd\u00fcrecek.<\/h3>\n\n\n\n<p>T\u00fcrkiye\u2019de \u00e7a\u011fda\u015f sanat\u0131n geli\u015fimini destekleyen ve sanat\u0131n farkl\u0131 disiplinlerinde uluslararas\u0131 projelere hayat veren Akbank Sanat, sanat merkezini ta\u015f\u0131yor. Merkezin yeni adresi, ger\u00e7ekle\u015ftirilecek mimari renovasyon s\u00fcrecinin ard\u0131ndan Akbank\u2019a ait olan Galata\u2019daki Karak\u00f6y Yeni Han olacak. Titiz bir renovasyon s\u00fcreciyle yap\u0131n\u0131n sahip oldu\u011fu tarihi ve k\u00fclt\u00fcrel miras\u0131n korunmas\u0131 ve ayn\u0131 zamanda modern sanat\u0131n ihtiya\u00e7lar\u0131n\u0131 kar\u015f\u0131layacak, \u00e7a\u011fda\u015f bir mek\u00e2n yarat\u0131lmas\u0131 hedefleniyor. B\u00f6ylece Akbank Sanat, bu \u00f6zel mek\u00e2nda sanatseverlerle bulu\u015fmaya devam edecek.<\/p>\n\n\n\n<p>Bu s\u00fcre\u00e7te kurum, \u201cSanat Her Yerde\u201d mottosuyla, farkl\u0131 mek\u00e2nlarda sanat faaliyetlerini kesintisiz olarak s\u00fcrd\u00fcrecek.<\/p>\n\n\n\n<p>1893 y\u0131l\u0131nda in\u015fa edilen Karak\u00f6y Yeni Han, uzun y\u0131llar boyunca d\u00f6nemin ticari ve finansal kurumlar\u0131na ev sahipli\u011fi yapt\u0131. 1964 y\u0131l\u0131ndan bu yana ise Akbankl\u0131lara hizmet sundu. Yeni d\u00f6nemde binan\u0131n Akbank Sanat Merkezi olarak d\u00f6n\u00fc\u015ft\u00fcr\u00fclme s\u00fcrecini Mimar Han&nbsp;T\u00fcmertekin \u00fcstlenecek. B\u00f6ylece Karak\u00f6y Yeni Han, k\u00fclt\u00fcr ve sanat\u0131n yeni adresi olarak yolculu\u011funa devam edecek. &nbsp;<\/p>\n\n\n\n<p><strong>Akbank Sanat M\u00fcd\u00fcr\u00fc Derya Bigal\u0131<\/strong>, konuya ili\u015fkin a\u00e7\u0131klamas\u0131nda \u015funlar\u0131 kaydetti: \u201cAkbank Sanat olarak k\u00fclt\u00fcr ve sanata olan deste\u011fimizi g\u00fc\u00e7lendirmek hedefiyle sanat merkezimizi ta\u015f\u0131yoruz. 32 y\u0131ld\u0131r Beyo\u011flu\u2019nda yer alan, her y\u0131l 700\u2019\u00fcn \u00fczerinde etkinlik ve 200\u2019\u00fc a\u015fk\u0131n sergiye ev sahipli\u011fi yapan merkezimiz, sanatseverlerin kalbinde \u00f6nemli bir yer edindi. Bu b\u00f6lgenin uluslararas\u0131 k\u00fclt\u00fcr-sanat arenas\u0131nda \u00f6nemli bir u\u011frak yeri olmas\u0131nda rol almaktan b\u00fcy\u00fck bir gurur duyuyoruz. Beyo\u011flu\u2019yla duygusal ve sanatsal ba\u011flar\u0131m\u0131z\u0131 koruyarak bu kez \u015fehrin bir ba\u015fka ikonik b\u00f6lgesi olan Galata\u2019da, tarihin ve k\u00fclt\u00fcr\u00fcn i\u00e7 i\u00e7e ge\u00e7ti\u011fi bir yap\u0131 olan Karak\u00f6y Yeni Han\u2019da \u00e7al\u0131\u015fmalar\u0131m\u0131z\u0131 s\u00fcrd\u00fcrece\u011fiz. Farkl\u0131la\u015fan ihtiya\u00e7lara yan\u0131t vermek, artan ve \u00e7e\u015fitlenen faaliyetlerimize uygun bir mek\u00e2n yaratmak hedefiyle ger\u00e7ekle\u015ftirece\u011fimiz mimari renovasyon s\u00fcreciyle Karak\u00f6y Yeni Han\u2019a yeni bir kimlik ve de\u011fer kazand\u0131rmay\u0131 hedefliyoruz<\/p>\n\n\n\n<p>Ta\u015f\u0131nma s\u00fcrecinde ise sanat\u0131n geli\u015fimine katk\u0131 sa\u011flayan ve sanatseverlere zengin bir deneyim sunan faaliyetlerimizi farkl\u0131 mek\u00e2nlarda sanatseverlerle bulu\u015faca\u011f\u0131z. Akbank Sanat olarak, sanat\u0131 herkes i\u00e7in eri\u015filebilir k\u0131lma ve sanat\u00e7\u0131lar\u0131 destekleme misyonumuz do\u011frultusunda emin ad\u0131mlarla ilerlemeye devam edece\u011fiz.\u201d<\/p>\n","protected":false},"excerpt":{"rendered":"<p>Akbank Sanat, Karak\u00f6y Yeni Han\u2019a ta\u015f\u0131narak tarihi miras ile \u00e7a\u011fda\u015f sanat\u0131 bulu\u015fturmaya haz\u0131rlan\u0131yor. Renovasyon s\u00fcrecinde ise \u201cSanat Her Yerde\u201d mottosuyla etkinliklerini farkl\u0131 mek\u00e2nlarda s\u00fcrd\u00fcrecek. T\u00fcrkiye\u2019de&hellip;<\/p>\n","protected":false},"author":6,"featured_media":3979,"comment_status":"open","ping_status":"open","sticky":false,"template":"","format":"standard","meta":{"footnotes":""},"categories":[22],"tags":[],"class_list":["post-3978","post","type-post","status-publish","format-standard","has-post-thumbnail","hentry","category-kultursanat"],"_links":{"self":[{"href":"https:\/\/www.mallandmotto.com\/index.php\/wp-json\/wp\/v2\/posts\/3978","targetHints":{"allow":["GET"]}}],"collection":[{"href":"https:\/\/www.mallandmotto.com\/index.php\/wp-json\/wp\/v2\/posts"}],"about":[{"href":"https:\/\/www.mallandmotto.com\/index.php\/wp-json\/wp\/v2\/types\/post"}],"author":[{"embeddable":true,"href":"https:\/\/www.mallandmotto.com\/index.php\/wp-json\/wp\/v2\/users\/6"}],"replies":[{"embeddable":true,"href":"https:\/\/www.mallandmotto.com\/index.php\/wp-json\/wp\/v2\/comments?post=3978"}],"version-history":[{"count":1,"href":"https:\/\/www.mallandmotto.com\/index.php\/wp-json\/wp\/v2\/posts\/3978\/revisions"}],"predecessor-version":[{"id":3980,"href":"https:\/\/www.mallandmotto.com\/index.php\/wp-json\/wp\/v2\/posts\/3978\/revisions\/3980"}],"wp:featuredmedia":[{"embeddable":true,"href":"https:\/\/www.mallandmotto.com\/index.php\/wp-json\/wp\/v2\/media\/3979"}],"wp:attachment":[{"href":"https:\/\/www.mallandmotto.com\/index.php\/wp-json\/wp\/v2\/media?parent=3978"}],"wp:term":[{"taxonomy":"category","embeddable":true,"href":"https:\/\/www.mallandmotto.com\/index.php\/wp-json\/wp\/v2\/categories?post=3978"},{"taxonomy":"post_tag","embeddable":true,"href":"https:\/\/www.mallandmotto.com\/index.php\/wp-json\/wp\/v2\/tags?post=3978"}],"curies":[{"name":"wp","href":"https:\/\/api.w.org\/{rel}","templated":true}]}}