{"id":3984,"date":"2025-08-28T13:03:45","date_gmt":"2025-08-28T13:03:45","guid":{"rendered":"https:\/\/www.mallandmotto.com\/?p=3984"},"modified":"2025-08-28T13:03:46","modified_gmt":"2025-08-28T13:03:46","slug":"sonbahara-hazirlikta-ihtiyac-duyulan-tum-bakim-urunleri-trendyolda","status":"publish","type":"post","link":"https:\/\/www.mallandmotto.com\/index.php\/2025\/08\/28\/sonbahara-hazirlikta-ihtiyac-duyulan-tum-bakim-urunleri-trendyolda\/","title":{"rendered":"Sonbahara Haz\u0131rl\u0131kta \u0130htiya\u00e7 Duyulan\u00a0T\u00fcm\u00a0Bak\u0131m \u00dcr\u00fcnleri Trendyol\u2019da\u00a0"},"content":{"rendered":"\n<h3 class=\"wp-block-heading\"><strong>Yaz d\u00f6neminde g\u00fcne\u015ften koruma sa\u011flayan \u00fcr\u00fcnler \u00f6n plandayken, sonbahara ge\u00e7i\u015fle birlikte bak\u0131m rutinlerinin merkezine onar\u0131c\u0131 \u00fcr\u00fcnler yerle\u015fiyor. Trendyol, her ihtiya\u00e7 ve b\u00fct\u00e7eye hitap eden geni\u015f \u00fcr\u00fcn yelpazesiyle kullan\u0131c\u0131lar\u0131n mevsime sa\u011fl\u0131kl\u0131 bir g\u00f6r\u00fcn\u00fcmle ad\u0131m atmas\u0131na yard\u0131mc\u0131 oluyor.<\/strong><\/h3>\n\n\n\n<p>&nbsp;G\u00fcne\u015f \u0131\u015f\u0131nlar\u0131, deniz tuzu ve havuz suyunun etkileri yaz\u0131n sonunda sa\u00e7 ve cilt \u00fczerinde daha belirgin hale geliyor. Kuruluk, matl\u0131k, lekelenme ve hassasiyet gibi sorunlar onar\u0131c\u0131 bak\u0131m ihtiyac\u0131n\u0131&nbsp;art\u0131r\u0131yor.<\/p>\n\n\n\n<p>Trendyol verileri, yaz\u0131n son g\u00fcnlerinde t\u00fcketicilerin onar\u0131c\u0131 sa\u00e7 ve cilt bak\u0131m \u00fcr\u00fcnlerine ilgisinin artt\u0131\u011f\u0131n\u0131 g\u00f6steriyor. Platformun nemlendirici kremlerden serumlara, maskelerden peelinglere uzanan geni\u015f \u00fcr\u00fcn se\u00e7kisi, kullan\u0131c\u0131lar\u0131n mevsim ge\u00e7i\u015finde ihtiya\u00e7 duyduklar\u0131 etkili bak\u0131m rutinini kolayca olu\u015fturmalar\u0131na imk\u00e2n sa\u011fl\u0131yor.<br><br>&nbsp;<strong>Sa\u00e7 Bak\u0131m\u0131nda Onar\u0131m Aray\u0131\u015f\u0131 \u00d6ne \u00c7\u0131k\u0131yor<\/strong><\/p>\n\n\n\n<p>Yaz aylar\u0131n\u0131n ard\u0131ndan sa\u00e7larda en s\u0131k g\u00f6r\u00fclen sorunlar\u0131n ba\u015f\u0131nda nem kayb\u0131 ve k\u0131r\u0131lma geliyor. \u00d6zellikle onar\u0131m ve yo\u011fun bak\u0131m vaadi ta\u015f\u0131yan sa\u00e7 bak\u0131m ya\u011flar\u0131 ve maskeler, yaz\u0131n son g\u00fcnlerinde t\u00fcketici ilgisinin yo\u011funla\u015ft\u0131\u011f\u0131 \u00fcr\u00fcnler aras\u0131nda yer al\u0131yor.&nbsp;Trendyol\u2019da farkl\u0131 sa\u00e7 tiplerine uygun \u015fampuanlardan sa\u00e7 serumlar\u0131na, onar\u0131c\u0131 maskelerden besleyici ya\u011flara kadar y\u00fczlerce \u00fcr\u00fcn, sonbaharda g\u00fc\u00e7l\u00fc ve sa\u011fl\u0131kl\u0131 sa\u00e7lara ula\u015fmay\u0131 kolayla\u015ft\u0131r\u0131yor.<br>&nbsp;<br><strong>Cilt Bak\u0131m\u0131nda \u00d6ncelik Nem ve Bariyer G\u00fc\u00e7lendirme<\/strong><\/p>\n\n\n\n<p>Yaz boyunca d\u0131\u015f etkenler nedeniyle nemini kaybeden cilt, donuk ve yorgun bir g\u00f6r\u00fcn\u00fcme b\u00fcr\u00fcnebiliyor.&nbsp;Mevsim ge\u00e7i\u015finde uygulanan onar\u0131c\u0131 bak\u0131m ad\u0131mlar\u0131 ise&nbsp;cildin eski canl\u0131l\u0131\u011f\u0131n\u0131 kazanmas\u0131na yard\u0131mc\u0131 oluyor.&nbsp;\u00d6zellikle cilt bak\u0131m serumlar\u0131, nem deste\u011fi ve bariyer g\u00fc\u00e7lendirici \u00f6zellikleriyle \u00f6ne \u00e7\u0131kan \u00fcr\u00fcnler aras\u0131nda yer al\u0131yor.&nbsp;<br><br>&nbsp;C vitamini ayd\u0131nlat\u0131c\u0131 etkisiyle cilde parlakl\u0131k katarken, hyaluronik asit yo\u011fun nem deste\u011fi sunuyor. Niacinamide cilt bariyerini&nbsp;g\u00fc\u00e7lendirirken, peptidler elastikiyetin korunmas\u0131na katk\u0131 sa\u011fl\u0131yor. Trendyol\u2019da&nbsp;farkl\u0131&nbsp;i\u00e7eriklere sahip serum, nemlendirici, peeling ve maskelerden olu\u015fan geni\u015f \u00fcr\u00fcn se\u00e7kisi,&nbsp;cildine sa\u011fl\u0131k ve \u0131\u015f\u0131lt\u0131 kazand\u0131rmak&nbsp;isteyenleri bekliyor.<\/p>\n","protected":false},"excerpt":{"rendered":"<p>Yaz d\u00f6neminde g\u00fcne\u015ften koruma sa\u011flayan \u00fcr\u00fcnler \u00f6n plandayken, sonbahara ge\u00e7i\u015fle birlikte bak\u0131m rutinlerinin merkezine onar\u0131c\u0131 \u00fcr\u00fcnler yerle\u015fiyor. Trendyol, her ihtiya\u00e7 ve b\u00fct\u00e7eye hitap eden geni\u015f&hellip;<\/p>\n","protected":false},"author":6,"featured_media":3985,"comment_status":"open","ping_status":"open","sticky":false,"template":"","format":"standard","meta":{"footnotes":""},"categories":[12],"tags":[],"class_list":["post-3984","post","type-post","status-publish","format-standard","has-post-thumbnail","hentry","category-perakende"],"_links":{"self":[{"href":"https:\/\/www.mallandmotto.com\/index.php\/wp-json\/wp\/v2\/posts\/3984","targetHints":{"allow":["GET"]}}],"collection":[{"href":"https:\/\/www.mallandmotto.com\/index.php\/wp-json\/wp\/v2\/posts"}],"about":[{"href":"https:\/\/www.mallandmotto.com\/index.php\/wp-json\/wp\/v2\/types\/post"}],"author":[{"embeddable":true,"href":"https:\/\/www.mallandmotto.com\/index.php\/wp-json\/wp\/v2\/users\/6"}],"replies":[{"embeddable":true,"href":"https:\/\/www.mallandmotto.com\/index.php\/wp-json\/wp\/v2\/comments?post=3984"}],"version-history":[{"count":1,"href":"https:\/\/www.mallandmotto.com\/index.php\/wp-json\/wp\/v2\/posts\/3984\/revisions"}],"predecessor-version":[{"id":3986,"href":"https:\/\/www.mallandmotto.com\/index.php\/wp-json\/wp\/v2\/posts\/3984\/revisions\/3986"}],"wp:featuredmedia":[{"embeddable":true,"href":"https:\/\/www.mallandmotto.com\/index.php\/wp-json\/wp\/v2\/media\/3985"}],"wp:attachment":[{"href":"https:\/\/www.mallandmotto.com\/index.php\/wp-json\/wp\/v2\/media?parent=3984"}],"wp:term":[{"taxonomy":"category","embeddable":true,"href":"https:\/\/www.mallandmotto.com\/index.php\/wp-json\/wp\/v2\/categories?post=3984"},{"taxonomy":"post_tag","embeddable":true,"href":"https:\/\/www.mallandmotto.com\/index.php\/wp-json\/wp\/v2\/tags?post=3984"}],"curies":[{"name":"wp","href":"https:\/\/api.w.org\/{rel}","templated":true}]}}