{"id":3995,"date":"2025-08-28T13:10:17","date_gmt":"2025-08-28T13:10:17","guid":{"rendered":"https:\/\/www.mallandmotto.com\/?p=3995"},"modified":"2025-08-28T13:10:17","modified_gmt":"2025-08-28T13:10:17","slug":"pentisiz-bir-manifestival-dusunulemez","status":"publish","type":"post","link":"https:\/\/www.mallandmotto.com\/index.php\/2025\/08\/28\/pentisiz-bir-manifestival-dusunulemez\/","title":{"rendered":"Penti\u2019siz Bir \u201cManifestival\u201d D\u00fc\u015f\u00fcn\u00fclemez"},"content":{"rendered":"\n<h3 class=\"wp-block-heading\"><strong>T\u00fcrkiye\u2019nin lider i\u00e7 giyim markas\u0131 Penti, herkesi yeniden Manifestival\u2019e davet ediyor.\u00a0Penti; 30-31 A\u011fustos tarihlerinde Lifepark \u0130stanbul\u2019da ikinci kez ger\u00e7ekle\u015fecek Manifestival\u2019de bu kez \u2018Dans Sponsoru\u2019 oluyor!<\/strong><\/h3>\n\n\n\n<p>\u0130ki g\u00fcn boyunca m\u00fczik, dans ve \u00f6zg\u00fcn deneyimlerin i\u00e7 i\u00e7e ge\u00e7ti\u011fi renkli atmosferde Penti e\u011flence dolu i\u00e7erikleriyle festival ruhuna ilham verirken dans konusunda yetene\u011fini sergileyen gruplara yine Youtube\u2019da yer alma f\u0131rsat\u0131 sunulacak.&nbsp;<\/p>\n\n\n\n<p>Ge\u00e7ti\u011fimiz festivalde alanda konumlanan&nbsp;<strong>Penti Dance Zone\u2019da<\/strong>&nbsp;kat\u0131l\u0131mc\u0131lara&nbsp;<strong>Ezgi G\u00fc\u00e7l\u00fc&nbsp;<\/strong>ile birlikte \u00f6zg\u00fcrce kendilerini ifade edebilecekleri dinamik bir sahne sunan ve kazanan gruplara Manifest\u2019in Youtube kanal\u0131nda \u00e7\u0131kma \u015fans\u0131 sunan Penti bu sefer de dans\u0131n y\u0131ld\u0131zlar\u0131n\u0131 bekliyor!<\/p>\n\n\n\n<p>Ezgi G\u00fc\u00e7l\u00fc\u2019n\u00fcn enerjisiyle renklenecek yar\u0131\u015fmalarda performanslar\u0131n\u0131 sergileyecek olan dans gruplar\u0131ndan her g\u00fcn bir kazanan grup \u00f6zel \u00f6d\u00fcllerle bulu\u015furken birinci ve ikinci se\u00e7ilen grup yeniden Manifestival\u2019in Youtube kanal\u0131na \u00e7\u0131kma f\u0131rsat\u0131 yakalayacak!&nbsp;<\/p>\n\n\n\n<p>\u00d6d\u00fcll\u00fc oyunlar e\u011flenceli anlara sahne olurken, farkl\u0131 saatlerde festival alan\u0131nda dola\u015facak Penti k\u0131zlar\u0131 bez \u00e7antalar, anahtarl\u0131klar, yelpaze gibi s\u00fcrpriz hediyelerle kat\u0131l\u0131mc\u0131lara unutulmaz anlar ya\u015fatacak.&nbsp;<\/p>\n\n\n\n<p>Festival boyunca a\u00e7\u0131k olacak Penti Pop-Up ma\u011fazas\u0131nda i\u00e7 giyimden aktif giyime, aksesuardan \u00f6zel par\u00e7alara uzanan se\u00e7kiler ziyaret\u00e7ilerle bulu\u015facak.<\/p>\n\n\n\n<p>Penti\u2019nin ilham veren enerjisiyle b\u00fct\u00fcnle\u015fen Manifestival, m\u00fczi\u011fi, dans\u0131, yarat\u0131c\u0131l\u0131\u011f\u0131 ve e\u011flenceyi bir araya getirerek yaz\u0131n en keyifli hafta sonlar\u0131ndan birine ev sahipli\u011fi yapacak.<\/p>\n\n\n\n<p><strong>Biz Manifestivaldeyiz, sen nerdesin?<\/strong><\/p>\n","protected":false},"excerpt":{"rendered":"<p>T\u00fcrkiye\u2019nin lider i\u00e7 giyim markas\u0131 Penti, herkesi yeniden Manifestival\u2019e davet ediyor.\u00a0Penti; 30-31 A\u011fustos tarihlerinde Lifepark \u0130stanbul\u2019da ikinci kez ger\u00e7ekle\u015fecek Manifestival\u2019de bu kez \u2018Dans Sponsoru\u2019 oluyor!&hellip;<\/p>\n","protected":false},"author":6,"featured_media":3996,"comment_status":"open","ping_status":"open","sticky":false,"template":"","format":"standard","meta":{"footnotes":""},"categories":[12],"tags":[],"class_list":["post-3995","post","type-post","status-publish","format-standard","has-post-thumbnail","hentry","category-perakende"],"_links":{"self":[{"href":"https:\/\/www.mallandmotto.com\/index.php\/wp-json\/wp\/v2\/posts\/3995","targetHints":{"allow":["GET"]}}],"collection":[{"href":"https:\/\/www.mallandmotto.com\/index.php\/wp-json\/wp\/v2\/posts"}],"about":[{"href":"https:\/\/www.mallandmotto.com\/index.php\/wp-json\/wp\/v2\/types\/post"}],"author":[{"embeddable":true,"href":"https:\/\/www.mallandmotto.com\/index.php\/wp-json\/wp\/v2\/users\/6"}],"replies":[{"embeddable":true,"href":"https:\/\/www.mallandmotto.com\/index.php\/wp-json\/wp\/v2\/comments?post=3995"}],"version-history":[{"count":1,"href":"https:\/\/www.mallandmotto.com\/index.php\/wp-json\/wp\/v2\/posts\/3995\/revisions"}],"predecessor-version":[{"id":3997,"href":"https:\/\/www.mallandmotto.com\/index.php\/wp-json\/wp\/v2\/posts\/3995\/revisions\/3997"}],"wp:featuredmedia":[{"embeddable":true,"href":"https:\/\/www.mallandmotto.com\/index.php\/wp-json\/wp\/v2\/media\/3996"}],"wp:attachment":[{"href":"https:\/\/www.mallandmotto.com\/index.php\/wp-json\/wp\/v2\/media?parent=3995"}],"wp:term":[{"taxonomy":"category","embeddable":true,"href":"https:\/\/www.mallandmotto.com\/index.php\/wp-json\/wp\/v2\/categories?post=3995"},{"taxonomy":"post_tag","embeddable":true,"href":"https:\/\/www.mallandmotto.com\/index.php\/wp-json\/wp\/v2\/tags?post=3995"}],"curies":[{"name":"wp","href":"https:\/\/api.w.org\/{rel}","templated":true}]}}