{"id":4080,"date":"2025-08-29T08:09:40","date_gmt":"2025-08-29T08:09:40","guid":{"rendered":"https:\/\/www.mallandmotto.com\/?p=4080"},"modified":"2025-08-29T08:09:40","modified_gmt":"2025-08-29T08:09:40","slug":"negmar-turkiyenin-deniz-yollarinda-kadin-liderliginde-fark-yaratiyor","status":"publish","type":"post","link":"https:\/\/www.mallandmotto.com\/index.php\/2025\/08\/29\/negmar-turkiyenin-deniz-yollarinda-kadin-liderliginde-fark-yaratiyor\/","title":{"rendered":"Negmar, T\u00fcrkiye\u2019nin Deniz Yollar\u0131nda Kad\u0131n Liderli\u011finde Fark Yarat\u0131yor"},"content":{"rendered":"\n<h3 class=\"wp-block-heading\">Di\u015f hekimli\u011finden denizcili\u011fe uzanan Aynur Rona liderli\u011finde NEGMAR, s\u00fcrd\u00fcr\u00fclebilir ta\u015f\u0131mac\u0131l\u0131k, liman yat\u0131r\u0131mlar\u0131 ve dijitalle\u015fmeyle kamuya de\u011fer kat\u0131yor.<\/h3>\n\n\n\n<p>NEGMAR, sadece bir ta\u015f\u0131mac\u0131l\u0131k firmas\u0131 de\u011fil; stratejik altyap\u0131 yat\u0131r\u0131mlar\u0131, dijitalle\u015fme ad\u0131mlar\u0131 ve kamu yarar\u0131na olan yakla\u015f\u0131m\u0131yla T\u00fcrkiye\u2019nin deniz yollar\u0131nda g\u00fc\u00e7l\u00fc bir rol oynuyor. Narl\u0131 Feribot \u0130\u015fletmecili\u011fi A.\u015e. ve G\u00f6k Denizcilik Liman \u0130\u015fletmesi gibi grup \u015firketleriyle b\u00f6lgesel kalk\u0131nman\u0131n ta\u015f\u0131y\u0131c\u0131 kolonu olan firma, ayn\u0131 zamanda \u00e7evreci ve s\u00fcrd\u00fcr\u00fclebilir bir vizyonla hareket ediyor. Bu g\u00fc\u00e7l\u00fc yap\u0131n\u0131n y\u00f6netiminde ise bir kad\u0131n var: Di\u015f hekimli\u011finden denizcili\u011fe uzanan yolculu\u011funda fark yaratmay\u0131 s\u00fcrd\u00fcren Aynur Rona.<\/p>\n\n\n\n<p><strong>\u201cBiz denizi yaln\u0131zca ge\u00e7ilecek bir yol de\u011fil, de\u011fer \u00fcretilecek bir alan olarak g\u00f6r\u00fcyoruz\u201d<\/strong><\/p>\n\n\n\n<p>\u201cNEGMAR olarak sadece ta\u015f\u0131m\u0131yoruz; b\u00f6lgeye, \u00e7evreye ve \u00fclkeye de\u011fer kat\u0131yoruz. Eskihisar\u2013Yalova hatt\u0131nda d\u00f6rt feribotumuzla y\u0131lda 1 milyon arac\u0131 deniz \u00fczerinden ta\u015f\u0131yarak hem trafik y\u00fck\u00fcn\u00fc azalt\u0131yor hem de karbon sal\u0131m\u0131n\u0131 minimuma indiriyoruz.\u201d<\/p>\n\n\n\n<p>Feribotlarda ilk kez hayata ge\u00e7irilen modern kafe\u2013market konsepti, dijital biletleme uygulamalar\u0131 ve yolcu konforuna odaklanan yeni d\u00fczenlemeler, NEGMAR\u2019\u0131 klasik bir ta\u015f\u0131mac\u0131l\u0131k firmas\u0131ndan farkl\u0131 bir yere konumland\u0131r\u0131yor. Aynur Rona, \u201cKaptanlar\u0131m\u0131zdan personelimize kadar t\u00fcm ekipte kalite ve g\u00fcveni \u00f6nceleyen bir sistem kurduk. Kad\u0131n istihdam\u0131 da bizim i\u00e7in sadece istatistik de\u011fil, stratejik bir vizyondur. Yak\u0131n gelecekte kad\u0131n kaptanlar\u0131m\u0131z\u0131n direksiyon ba\u015f\u0131nda olmas\u0131n\u0131 hedefliyoruz.\u201d diyor.<\/p>\n\n\n\n<p><strong>Sadece ta\u015f\u0131ma de\u011fil, limanlarda da d\u00f6n\u00fc\u015f\u00fcm<\/strong><\/p>\n\n\n\n<p>NEGMAR,&nbsp;<strong>Eskihisar ve Yalova-Tav\u015fanl\u0131 limanlar\u0131yla<\/strong>, ta\u015f\u0131mac\u0131l\u0131\u011f\u0131n \u00f6tesine ge\u00e7iyor. Bu limanlar yaln\u0131zca birer \u00e7\u0131k\u0131\u015f noktas\u0131 de\u011fil; ayn\u0131 zamanda b\u00f6lge ekonomisinin can damar\u0131. Yerel istihdam, turizme katk\u0131, ula\u015f\u0131m a\u011flar\u0131n\u0131n geli\u015ftirilmesi gibi bir\u00e7ok sosyal fayda sa\u011flayan bu yat\u0131r\u0131mlar, \u00f6zel sekt\u00f6r\u00fcn kamu yarar\u0131na nas\u0131l katk\u0131 sunabilece\u011fini kan\u0131tl\u0131yor. Eskihisar Liman alan\u0131m\u0131zda k\u0131sa s\u00fcre \u00f6nce elektrikli ara\u00e7 \u015farj istasyonu hizmete sunduk; yeni ihtiya\u00e7lara an\u0131nda \u00e7\u00f6z\u00fcmler \u00fcretiyoruz.<\/p>\n\n\n\n<p><strong>\u201cTren feribotuyla s\u0131n\u0131rlar\u0131 a\u015ft\u0131k\u201d<\/strong><\/p>\n\n\n\n<p>Aynur Rona, NEGMAR\u2019\u0131n yaln\u0131zca k\u0131sa mesafeli yolcu ta\u015f\u0131mac\u0131l\u0131\u011f\u0131yla s\u0131n\u0131rl\u0131 kalmad\u0131\u011f\u0131n\u0131 \u015fu s\u00f6zlerle anlat\u0131yor:<\/p>\n\n\n\n<p>\u201c<strong>Erdeniz Tren Feribotu\u2019yla<\/strong>&nbsp;Asya ile Avrupa aras\u0131nda dev bir lojistik k\u00f6pr\u00fc kurduk. 60 vagon kapasiteli bu gemi, \u00c7in\u2019den Avrupa\u2019ya uzanan stratejik bir hatt\u0131n deniz aya\u011f\u0131n\u0131 olu\u015fturuyor. Hem y\u00fck g\u00fcvenli\u011fi hem \u00e7evreci ta\u015f\u0131mac\u0131l\u0131k a\u00e7\u0131s\u0131ndan \u00e7ok \u00f6nemli bir proje.\u201d<\/p>\n\n\n\n<p><strong>\u0130stinye\u2013\u00c7ubuklu hatt\u0131nda ger\u00e7ek tablo: NEGMAR 70 milyon zarar etti ama seferleri s\u00fcrd\u00fcrd\u00fc<\/strong><\/p>\n\n\n\n<p>\u0130BB\u2019nin s\u0131k\u00e7a zarar etti\u011fini belirtti\u011fi&nbsp;<strong>\u0130stinye\u2013\u00c7ubuklu hatt\u0131<\/strong>, kamuoyunda tart\u0131\u015fma konusu olurken, Aynur Rona \u00f6nemli bir noktaya dikkat \u00e7ekiyor:<\/p>\n\n\n\n<p>\u201cBu hatta 70 milyon TL\u2019den fazla zarar eden biziz. Ancak kamu ula\u015f\u0131m\u0131n\u0131n devaml\u0131l\u0131\u011f\u0131na olan inanc\u0131m\u0131zla bu hatt\u0131 ayakta tuttuk. Hatta belediyeye gelir sa\u011flamak amac\u0131yla iskeleleri kiralamak \u00fczere teklif verdik. Ancak bu teklifimiz reddedildi.\u201d<\/p>\n\n\n\n<p>NEGMAR, bu hatt\u0131n s\u00fcrmesi i\u00e7in&nbsp;<strong>elini ta\u015f\u0131n alt\u0131na koyarken<\/strong>, ula\u015f\u0131ma kesintisiz katk\u0131 sunmaya devam etti. Bu durum, \u00f6zel sekt\u00f6r\u00fcn kamu hizmetine ne \u00f6l\u00e7\u00fcde katk\u0131 sa\u011flayabilece\u011fini g\u00f6steriyor.<\/p>\n\n\n\n<p><strong>NEGMAR gelece\u011fi ta\u015f\u0131yor<\/strong><\/p>\n\n\n\n<p>Yat\u0131r\u0131mlar sadece denizde de\u011fil: sa\u011fl\u0131kl\u0131 ya\u015fam alan\u0131ndaki g\u0131dadan, yaz\u0131l\u0131m ve savunma teknolojileriyle dijital d\u00fcnyada, tren feribotu ve liman i\u015fletmeleriyle de k\u00fcresel ta\u015f\u0131mac\u0131l\u0131kta s\u00f6z sahibi bir yap\u0131 in\u015fa ediliyor.<\/p>\n\n\n\n<p><strong>\u201cNEGMAR\u2019\u0131n Limanlarda feribotlarla b\u0131rakt\u0131\u011f\u0131 mavi izde umut, vizyon, sorumluluk ve gelecek var.\u201d<\/strong><\/p>\n\n\n\n<p>Aynur Rona, s\u00f6yle\u015fiyi \u015fu s\u00f6zlerle sonland\u0131r\u0131yor:<\/p>\n\n\n\n<p>\u201cDenizcilik zordur, ama ayn\u0131 zamanda b\u00fcy\u00fck bir sorumluluktur. Biz hem bug\u00fcn\u00fc ta\u015f\u0131yoruz hem de gelecek nesiller i\u00e7in do\u011fay\u0131, ekonomiyi ve toplumu g\u00f6zeten bir yap\u0131 in\u015fa ediyoruz. Selametle.\u201d<\/p>\n","protected":false},"excerpt":{"rendered":"<p>Di\u015f hekimli\u011finden denizcili\u011fe uzanan Aynur Rona liderli\u011finde NEGMAR, s\u00fcrd\u00fcr\u00fclebilir ta\u015f\u0131mac\u0131l\u0131k, liman yat\u0131r\u0131mlar\u0131 ve dijitalle\u015fmeyle kamuya de\u011fer kat\u0131yor. NEGMAR, sadece bir ta\u015f\u0131mac\u0131l\u0131k firmas\u0131 de\u011fil; stratejik altyap\u0131&hellip;<\/p>\n","protected":false},"author":6,"featured_media":4081,"comment_status":"open","ping_status":"open","sticky":false,"template":"","format":"standard","meta":{"footnotes":""},"categories":[16],"tags":[],"class_list":["post-4080","post","type-post","status-publish","format-standard","has-post-thumbnail","hentry","category-haber"],"_links":{"self":[{"href":"https:\/\/www.mallandmotto.com\/index.php\/wp-json\/wp\/v2\/posts\/4080","targetHints":{"allow":["GET"]}}],"collection":[{"href":"https:\/\/www.mallandmotto.com\/index.php\/wp-json\/wp\/v2\/posts"}],"about":[{"href":"https:\/\/www.mallandmotto.com\/index.php\/wp-json\/wp\/v2\/types\/post"}],"author":[{"embeddable":true,"href":"https:\/\/www.mallandmotto.com\/index.php\/wp-json\/wp\/v2\/users\/6"}],"replies":[{"embeddable":true,"href":"https:\/\/www.mallandmotto.com\/index.php\/wp-json\/wp\/v2\/comments?post=4080"}],"version-history":[{"count":1,"href":"https:\/\/www.mallandmotto.com\/index.php\/wp-json\/wp\/v2\/posts\/4080\/revisions"}],"predecessor-version":[{"id":4082,"href":"https:\/\/www.mallandmotto.com\/index.php\/wp-json\/wp\/v2\/posts\/4080\/revisions\/4082"}],"wp:featuredmedia":[{"embeddable":true,"href":"https:\/\/www.mallandmotto.com\/index.php\/wp-json\/wp\/v2\/media\/4081"}],"wp:attachment":[{"href":"https:\/\/www.mallandmotto.com\/index.php\/wp-json\/wp\/v2\/media?parent=4080"}],"wp:term":[{"taxonomy":"category","embeddable":true,"href":"https:\/\/www.mallandmotto.com\/index.php\/wp-json\/wp\/v2\/categories?post=4080"},{"taxonomy":"post_tag","embeddable":true,"href":"https:\/\/www.mallandmotto.com\/index.php\/wp-json\/wp\/v2\/tags?post=4080"}],"curies":[{"name":"wp","href":"https:\/\/api.w.org\/{rel}","templated":true}]}}