{"id":4083,"date":"2025-08-29T08:12:38","date_gmt":"2025-08-29T08:12:38","guid":{"rendered":"https:\/\/www.mallandmotto.com\/?p=4083"},"modified":"2025-08-29T10:08:12","modified_gmt":"2025-08-29T10:08:12","slug":"umudum-egitim-burs-programi-basvurulari-basliyor","status":"publish","type":"post","link":"https:\/\/www.mallandmotto.com\/index.php\/2025\/08\/29\/umudum-egitim-burs-programi-basvurulari-basliyor\/","title":{"rendered":"Umudum E\u011fitim Burs Program\u0131\u201d Ba\u015fvurular\u0131 Ba\u015fl\u0131yor"},"content":{"rendered":"\n<h3 class=\"wp-block-heading\"><strong>Kanserli \u00c7ocuklara Umut Vakf\u0131\u2019n\u0131n (KA\u00c7UV), kanser tedavisi g\u00f6ren ve ge\u00e7mi\u015fte \u00e7ocukluk \u00e7a\u011f\u0131 kanseri atlatm\u0131\u015f \u00e7ocuklar\u0131n ve gen\u00e7lerin e\u011fitimlerine ara vermeden devam edebilmelerine destek olmak i\u00e7in y\u00fcr\u00fctt\u00fc\u011f\u00fc \u201cUmudum E\u011fitim Burs Program\u0131\u201dn\u0131n ba\u015fvurular\u0131 1 Eyl\u00fcl Pazartesi ba\u015fl\u0131yor. Ge\u00e7ti\u011fimiz y\u0131l 300 \u00f6\u011frencinin burs ald\u0131\u011f\u0131 ve her \u00e7ocu\u011fun tedavi s\u00fcrecinde dahi okuluna, gelece\u011fine ve hayallerine umutla ba\u011flanabilmesini hedefleyen burs program\u0131na ba\u015fvurular 30 Eyl\u00fcl tarihine kadar devam edecek.<\/strong><\/h3>\n\n\n\n<p>Kanser tan\u0131s\u0131 alm\u0131\u015f \u00e7ocuklara ve ailelerine maddi ve psikososyal destekler vermek amac\u0131yla kurulmu\u015f olan&nbsp;<strong>Kanserli \u00c7ocuklara Umut Vakf\u0131 (KA\u00c7UV),<\/strong>&nbsp;\u00e7ocuklar\u0131n ve gen\u00e7lerin e\u011fitimlerine de destek olarak gelecek hayallerine umut oluyor. KA\u00c7UV\u2019un, kanser tedavisi g\u00f6ren ve tedavisi tamamlanm\u0131\u015f \u00e7ocuklar\u0131n ve gen\u00e7lerin e\u011fitimlerinin yar\u0131m kalmamas\u0131 i\u00e7in 2019 y\u0131l\u0131ndan bu yana y\u00fcr\u00fctt\u00fc\u011f\u00fc&nbsp;<strong>Umudum E\u011fitim Burs Program\u0131<\/strong>\u2018n\u0131n 2025\u20132026 d\u00f6nemi ba\u015fvurular\u0131,&nbsp;<strong>1 Eyl\u00fcl Pazartesi&nbsp;<\/strong>g\u00fcn\u00fc ba\u015fl\u0131yor.&nbsp;<strong>1\u201330 Eyl\u00fcl<\/strong>&nbsp;tarihleri aras\u0131nda ba\u015fvurular\u0131n kabul edilece\u011fi program, \u00e7ocuklar\u0131n tedavi s\u00fcrecinde e\u011fitimlerini daha rahat s\u00fcrd\u00fcrebilmelerini sa\u011fl\u0131yor.<\/p>\n\n\n\n<p>Eyl\u00fcl\u2013Haziran d\u00f6nemini kapsayan 10 ay boyunca \u00f6\u011frencilere verilen maddi deste\u011fin yan\u0131 s\u0131ra, t\u00fcm kademelerde \u00e7evrim i\u00e7i e\u011fitimler, etkinlikler ve ki\u015fisel geli\u015fim f\u0131rsatlar\u0131 ile \u00f6\u011frencilerin sosyal ve k\u00fclt\u00fcrel geli\u015fimlerine de e\u015flik eden&nbsp;<strong>Umudum E\u011fitim Burs Program\u0131<\/strong>&nbsp;sayesinde her \u00e7ocuk, tedavi s\u00fcrecinde dahi okuluna ve hayallerine ba\u011fl\u0131 kalabiliyor.&nbsp;<strong>Umudum E\u011fitim Burs Program\u0131<\/strong>&nbsp;kapsam\u0131nda<strong>&nbsp;<\/strong>\u00fcniversite \u00f6\u011frencilerine ayr\u0131ca staj ve mentorluk olanaklar\u0131 da sunuluyor.<\/p>\n\n\n\n<p><strong>Her y\u0131l 300 \u00e7ocu\u011fa burs veriliyor<\/strong><\/p>\n\n\n\n<p>0\u201318 ya\u015flar\u0131 aras\u0131nda kanser tan\u0131s\u0131 alm\u0131\u015f, tedavisi devam eden veya \u00e7ocukluk \u00e7a\u011f\u0131 kanserini ge\u00e7mi\u015fte atlat\u0131p tedavisini tamamlam\u0131\u015f \u00f6\u011frenciler bu burs program\u0131na ba\u015fvurabiliyor. Okul \u00f6ncesi, ilkokul, ortaokul, lise ve \u00fcniversite \u00f6\u011frencilerinin ba\u015fvurabildi\u011fi bu program kapsam\u0131nda, 2024-2025 e\u011fitim-\u00f6\u011fretim d\u00f6neminde, 52 farkl\u0131 \u015fehirden 5 okul \u00f6ncesi, 70 ilkokul, 46 ortaokul, 55 lise ve 124 \u00fcniversite \u00f6\u011frencisi burs deste\u011fi ald\u0131. \u0130lk olarak 2019-2020 e\u011fitim-\u00f6\u011fretim y\u0131l\u0131nda 13 \u00fcniversite \u00f6\u011frencisiyle ba\u015flayan&nbsp;<strong>Umudum E\u011fitim Burs Program\u0131,<\/strong>&nbsp;her y\u0131l ortalama 300 \u00e7ocu\u011fa burs vererek, \u00e7ocuklar\u0131n ve gen\u00e7lerin e\u011fitim hayatlar\u0131n\u0131n yar\u0131da kalmamas\u0131n\u0131 sa\u011fl\u0131yor.<\/p>\n\n\n\n<p>Ba\u015fvuru ko\u015fullar\u0131na ve s\u00fcre\u00e7le ilgili t\u00fcm detaylara KA\u00c7UV\u2019un resmi internet sitesi&nbsp;<a href=\"https:\/\/kacuv.org\/\" target=\"_blank\" rel=\"noreferrer noopener\">kacuv.org<\/a>&nbsp;adresinden ula\u015f\u0131labiliyor.<\/p>\n\n\n\n<p><\/p>\n","protected":false},"excerpt":{"rendered":"<p>Kanserli \u00c7ocuklara Umut Vakf\u0131\u2019n\u0131n (KA\u00c7UV), kanser tedavisi g\u00f6ren ve ge\u00e7mi\u015fte \u00e7ocukluk \u00e7a\u011f\u0131 kanseri atlatm\u0131\u015f \u00e7ocuklar\u0131n ve gen\u00e7lerin e\u011fitimlerine ara vermeden devam edebilmelerine destek olmak i\u00e7in&hellip;<\/p>\n","protected":false},"author":6,"featured_media":4084,"comment_status":"open","ping_status":"open","sticky":false,"template":"","format":"standard","meta":{"footnotes":""},"categories":[1],"tags":[],"class_list":["post-4083","post","type-post","status-publish","format-standard","has-post-thumbnail","hentry","category-serbest"],"_links":{"self":[{"href":"https:\/\/www.mallandmotto.com\/index.php\/wp-json\/wp\/v2\/posts\/4083","targetHints":{"allow":["GET"]}}],"collection":[{"href":"https:\/\/www.mallandmotto.com\/index.php\/wp-json\/wp\/v2\/posts"}],"about":[{"href":"https:\/\/www.mallandmotto.com\/index.php\/wp-json\/wp\/v2\/types\/post"}],"author":[{"embeddable":true,"href":"https:\/\/www.mallandmotto.com\/index.php\/wp-json\/wp\/v2\/users\/6"}],"replies":[{"embeddable":true,"href":"https:\/\/www.mallandmotto.com\/index.php\/wp-json\/wp\/v2\/comments?post=4083"}],"version-history":[{"count":2,"href":"https:\/\/www.mallandmotto.com\/index.php\/wp-json\/wp\/v2\/posts\/4083\/revisions"}],"predecessor-version":[{"id":4119,"href":"https:\/\/www.mallandmotto.com\/index.php\/wp-json\/wp\/v2\/posts\/4083\/revisions\/4119"}],"wp:featuredmedia":[{"embeddable":true,"href":"https:\/\/www.mallandmotto.com\/index.php\/wp-json\/wp\/v2\/media\/4084"}],"wp:attachment":[{"href":"https:\/\/www.mallandmotto.com\/index.php\/wp-json\/wp\/v2\/media?parent=4083"}],"wp:term":[{"taxonomy":"category","embeddable":true,"href":"https:\/\/www.mallandmotto.com\/index.php\/wp-json\/wp\/v2\/categories?post=4083"},{"taxonomy":"post_tag","embeddable":true,"href":"https:\/\/www.mallandmotto.com\/index.php\/wp-json\/wp\/v2\/tags?post=4083"}],"curies":[{"name":"wp","href":"https:\/\/api.w.org\/{rel}","templated":true}]}}