{"id":4233,"date":"2025-09-01T09:18:10","date_gmt":"2025-09-01T09:18:10","guid":{"rendered":"https:\/\/www.mallandmotto.com\/?p=4233"},"modified":"2025-09-01T09:18:10","modified_gmt":"2025-09-01T09:18:10","slug":"solende-ust-duzey-atama","status":"publish","type":"post","link":"https:\/\/www.mallandmotto.com\/index.php\/2025\/09\/01\/solende-ust-duzey-atama\/","title":{"rendered":"\u015e\u00f6len\u2019de \u00dcst D\u00fczey Atama"},"content":{"rendered":"\n<h3 class=\"wp-block-heading\"><strong>At\u0131\u015ft\u0131rmal\u0131k sekt\u00f6r\u00fcn\u00fcn lider markas\u0131 \u015e\u00f6len, global pazarlardaki varl\u0131\u011f\u0131n\u0131 ve ihracat faaliyetlerini daha da g\u00fc\u00e7lendirmek amac\u0131yla deneyimli y\u00f6netici Hayat Kapukaya Turaman\u2019\u0131 \u0130hracat Genel M\u00fcd\u00fcr\u00fc olarak g\u00f6revlendirdi.\u00a0<\/strong><\/h3>\n\n\n\n<p>Marmara \u00dcniversitesi \u0130\u015fletme B\u00f6l\u00fcm\u00fc mezunu olan Turaman, Ko\u00e7 \u00dcniversitesi\u2019nde MBA program\u0131n\u0131 tamamlad\u0131. Kariyerine 1997 y\u0131l\u0131nda Tab G\u0131da\u2019da \u00dcr\u00fcn Y\u00f6neticisi olarak ba\u015flayan Turaman, sonras\u0131nda Mey \u0130\u00e7ki\u2019de \u00dcr\u00fcn M\u00fcd\u00fcr\u00fc olarak devam etti. 2007 y\u0131l\u0131ndan itibaren ise \u015e\u00f6len b\u00fcnyesinde; Marka M\u00fcd\u00fcr\u00fc, Pazarlama M\u00fcd\u00fcr\u00fc, K\u0131demli Pazarlama M\u00fcd\u00fcr\u00fc, T\u00fcrkiye Pazarlama Direkt\u00f6r\u00fc ve Yurtd\u0131\u015f\u0131 Pazarlama Direkt\u00f6r\u00fc gibi kritik pozisyonlarda g\u00f6rev ald\u0131. Bu s\u00fcre i\u00e7inde Biscolata, Luppo ve Greta gibi \u00f6nemli markalar\u0131n yarat\u0131lmas\u0131nda ve pek \u00e7ok \u00f6d\u00fcll\u00fc kampanyalar\u0131n hayata ge\u00e7irilmesinde \u00f6nemli rol oynad\u0131. \u015e\u00f6len\u2019in hem yurt i\u00e7i hem de yurt d\u0131\u015f\u0131 ba\u015far\u0131lar\u0131nda kayda de\u011fer katk\u0131lar\u0131 olan Kapukaya Turaman, yeni g\u00f6revinde \u015firketin uluslararas\u0131 b\u00fcy\u00fcme yolculu\u011funa y\u00f6n verecek.<\/p>\n","protected":false},"excerpt":{"rendered":"<p>At\u0131\u015ft\u0131rmal\u0131k sekt\u00f6r\u00fcn\u00fcn lider markas\u0131 \u015e\u00f6len, global pazarlardaki varl\u0131\u011f\u0131n\u0131 ve ihracat faaliyetlerini daha da g\u00fc\u00e7lendirmek amac\u0131yla deneyimli y\u00f6netici Hayat Kapukaya Turaman\u2019\u0131 \u0130hracat Genel M\u00fcd\u00fcr\u00fc olarak g\u00f6revlendirdi.\u00a0&hellip;<\/p>\n","protected":false},"author":6,"featured_media":4234,"comment_status":"open","ping_status":"open","sticky":false,"template":"","format":"standard","meta":{"footnotes":""},"categories":[18],"tags":[],"class_list":["post-4233","post","type-post","status-publish","format-standard","has-post-thumbnail","hentry","category-atamalar"],"_links":{"self":[{"href":"https:\/\/www.mallandmotto.com\/index.php\/wp-json\/wp\/v2\/posts\/4233","targetHints":{"allow":["GET"]}}],"collection":[{"href":"https:\/\/www.mallandmotto.com\/index.php\/wp-json\/wp\/v2\/posts"}],"about":[{"href":"https:\/\/www.mallandmotto.com\/index.php\/wp-json\/wp\/v2\/types\/post"}],"author":[{"embeddable":true,"href":"https:\/\/www.mallandmotto.com\/index.php\/wp-json\/wp\/v2\/users\/6"}],"replies":[{"embeddable":true,"href":"https:\/\/www.mallandmotto.com\/index.php\/wp-json\/wp\/v2\/comments?post=4233"}],"version-history":[{"count":1,"href":"https:\/\/www.mallandmotto.com\/index.php\/wp-json\/wp\/v2\/posts\/4233\/revisions"}],"predecessor-version":[{"id":4235,"href":"https:\/\/www.mallandmotto.com\/index.php\/wp-json\/wp\/v2\/posts\/4233\/revisions\/4235"}],"wp:featuredmedia":[{"embeddable":true,"href":"https:\/\/www.mallandmotto.com\/index.php\/wp-json\/wp\/v2\/media\/4234"}],"wp:attachment":[{"href":"https:\/\/www.mallandmotto.com\/index.php\/wp-json\/wp\/v2\/media?parent=4233"}],"wp:term":[{"taxonomy":"category","embeddable":true,"href":"https:\/\/www.mallandmotto.com\/index.php\/wp-json\/wp\/v2\/categories?post=4233"},{"taxonomy":"post_tag","embeddable":true,"href":"https:\/\/www.mallandmotto.com\/index.php\/wp-json\/wp\/v2\/tags?post=4233"}],"curies":[{"name":"wp","href":"https:\/\/api.w.org\/{rel}","templated":true}]}}