{"id":4237,"date":"2025-09-01T09:20:24","date_gmt":"2025-09-01T09:20:24","guid":{"rendered":"https:\/\/www.mallandmotto.com\/?p=4237"},"modified":"2025-09-01T09:20:25","modified_gmt":"2025-09-01T09:20:25","slug":"sneaks-upta-ust-duzey-atama","status":"publish","type":"post","link":"https:\/\/www.mallandmotto.com\/index.php\/2025\/09\/01\/sneaks-upta-ust-duzey-atama\/","title":{"rendered":"Sneaks Up\u2019Ta \u00dcst D\u00fczey Atama"},"content":{"rendered":"\n<h3 class=\"wp-block-heading\"><strong>Sneaks Up E-Ticaret ve Pazarlama Direkt\u00f6r\u00fc Serkan Nazl\u0131ben, E-Ticaret, Pazarlama ve Stratejik B\u00fcy\u00fcmeden Sorumlu Genel M\u00fcd\u00fcr Yard\u0131mc\u0131s\u0131 olarak atand\u0131. Nazl\u0131ben, yeni g\u00f6revinde markan\u0131n dijital d\u00fcnyadaki etkisini g\u00fc\u00e7lendirirken, yarat\u0131c\u0131 pazarlama stratejileriyle markan\u0131n b\u00fcy\u00fcme ve d\u00f6n\u00fc\u015f\u00fcm yolculu\u011funu h\u0131zland\u0131rmay\u0131 ve Sneaks Up\u2019\u0131 daha geni\u015f kitlelerle bulu\u015fturmay\u0131 hedefliyor.<\/strong><\/h3>\n\n\n\n<p>T\u00fcrkiye\u2019de sneaker k\u00fclt\u00fcr\u00fc ve sokak stilini bir ya\u015fam tarz\u0131 olarak benimseyen spor perakende markas\u0131 Sneaks Up\u2019\u0131n \u00fcst y\u00f6netiminde yeni bir atama ger\u00e7ekle\u015fti. Sneaks Up E-Ticaret, Pazarlama ve Stratejik B\u00fcy\u00fcmeden Sorumlu Genel M\u00fcd\u00fcr Yard\u0131mc\u0131l\u0131\u011f\u0131 g\u00f6revine atanan Serkan Nazl\u0131ben, kariyeri boyunca T\u00fcrkiye\u2019de perakende sekt\u00f6r\u00fcnde sat\u0131\u015f, karl\u0131l\u0131k, m\u00fc\u015fteri memnuniyeti, markala\u015fma, kar-zarar hedeflerine ula\u015f\u0131lmas\u0131 dahil olmak \u00fczere s\u00fcrd\u00fcr\u00fclebilir b\u00fcy\u00fcmeye y\u00f6nelik e-ticaret i\u015f stratejileri hayata ge\u00e7irdi.&nbsp;<\/p>\n\n\n\n<p>Nazl\u0131ben, Sneaks Up\u2019\u0131n dijital d\u00fcnyadaki b\u00fcy\u00fcmesinin yan\u0131nda basketbol, hiphop, sneaker k\u00fclt\u00fcr\u00fcyle ba\u011f\u0131n\u0131 g\u00fc\u00e7lendiren projelerde ve markan\u0131n s\u00fcrd\u00fcr\u00fclebilirlik hedeflerine ula\u015fmas\u0131nda \u00f6nemli g\u00f6revler ald\u0131. Sneaks Up\u2019\u0131n dijitalle\u015fme s\u00fcreci ve e-ticaret altyap\u0131s\u0131n\u0131 geli\u015ftirme konusunda \u00f6nemli bir rol oynayan Nazl\u0131ben, markan\u0131n kurumsalla\u015fma s\u00fcrecinde yeni bir ad\u0131m olan bu g\u00f6revinde ise, stratejik i\u015f birliklerini, geni\u015fleyen Sneaks Up ekosistemini b\u00fcy\u00fctmeyi ayr\u0131ca yeni pazarlara ve \u00fclkelere a\u00e7\u0131lma yolculu\u011funa katk\u0131da bulunmay\u0131 hedefliyor.&nbsp;<\/p>\n\n\n\n<p>Sneaks Up\u2019\u0131n hem T\u00fcrkiye\u2019de 65\u2019in \u00fczerindeki ma\u011fazas\u0131 hem de online sat\u0131\u015f kanallar\u0131ndaki perakende faaliyetlerinin kar ve zarar sorumlulu\u011funu \u00fcstlenen; m\u00fc\u015fteri deneyimi ve m\u00fc\u015fteri hizmetleri operasyonlar\u0131n\u0131n yan\u0131nda t\u00fcm pazarlama ve kurumsal ileti\u015fim faaliyetlerini y\u00f6neten Nazl\u0131ben, 2008 y\u0131l\u0131nda Ege \u00dcniversitesi Tekstil M\u00fchendisli\u011fi B\u00f6l\u00fcm\u00fc\u2019nden mezun oldu.<\/p>\n","protected":false},"excerpt":{"rendered":"<p>Sneaks Up E-Ticaret ve Pazarlama Direkt\u00f6r\u00fc Serkan Nazl\u0131ben, E-Ticaret, Pazarlama ve Stratejik B\u00fcy\u00fcmeden Sorumlu Genel M\u00fcd\u00fcr Yard\u0131mc\u0131s\u0131 olarak atand\u0131. Nazl\u0131ben, yeni g\u00f6revinde markan\u0131n dijital d\u00fcnyadaki&hellip;<\/p>\n","protected":false},"author":6,"featured_media":4238,"comment_status":"open","ping_status":"open","sticky":false,"template":"","format":"standard","meta":{"footnotes":""},"categories":[18],"tags":[],"class_list":["post-4237","post","type-post","status-publish","format-standard","has-post-thumbnail","hentry","category-atamalar"],"_links":{"self":[{"href":"https:\/\/www.mallandmotto.com\/index.php\/wp-json\/wp\/v2\/posts\/4237","targetHints":{"allow":["GET"]}}],"collection":[{"href":"https:\/\/www.mallandmotto.com\/index.php\/wp-json\/wp\/v2\/posts"}],"about":[{"href":"https:\/\/www.mallandmotto.com\/index.php\/wp-json\/wp\/v2\/types\/post"}],"author":[{"embeddable":true,"href":"https:\/\/www.mallandmotto.com\/index.php\/wp-json\/wp\/v2\/users\/6"}],"replies":[{"embeddable":true,"href":"https:\/\/www.mallandmotto.com\/index.php\/wp-json\/wp\/v2\/comments?post=4237"}],"version-history":[{"count":1,"href":"https:\/\/www.mallandmotto.com\/index.php\/wp-json\/wp\/v2\/posts\/4237\/revisions"}],"predecessor-version":[{"id":4239,"href":"https:\/\/www.mallandmotto.com\/index.php\/wp-json\/wp\/v2\/posts\/4237\/revisions\/4239"}],"wp:featuredmedia":[{"embeddable":true,"href":"https:\/\/www.mallandmotto.com\/index.php\/wp-json\/wp\/v2\/media\/4238"}],"wp:attachment":[{"href":"https:\/\/www.mallandmotto.com\/index.php\/wp-json\/wp\/v2\/media?parent=4237"}],"wp:term":[{"taxonomy":"category","embeddable":true,"href":"https:\/\/www.mallandmotto.com\/index.php\/wp-json\/wp\/v2\/categories?post=4237"},{"taxonomy":"post_tag","embeddable":true,"href":"https:\/\/www.mallandmotto.com\/index.php\/wp-json\/wp\/v2\/tags?post=4237"}],"curies":[{"name":"wp","href":"https:\/\/api.w.org\/{rel}","templated":true}]}}