{"id":4245,"date":"2025-09-01T12:05:40","date_gmt":"2025-09-01T12:05:40","guid":{"rendered":"https:\/\/www.mallandmotto.com\/?p=4245"},"modified":"2025-09-01T12:05:40","modified_gmt":"2025-09-01T12:05:40","slug":"bilun-yilmaz-eczacibasi-spor-kulubunun-kulup-menajeri-olarak-atandi","status":"publish","type":"post","link":"https:\/\/www.mallandmotto.com\/index.php\/2025\/09\/01\/bilun-yilmaz-eczacibasi-spor-kulubunun-kulup-menajeri-olarak-atandi\/","title":{"rendered":"Bilun Y\u0131lmaz, Eczac\u0131ba\u015f\u0131 Spor Kul\u00fcb\u00fc\u2019n\u00fcn Kul\u00fcp Menajeri Olarak Atand\u0131"},"content":{"rendered":"\n<h3 class=\"wp-block-heading\"><strong>Eczac\u0131ba\u015f\u0131 Spor Kul\u00fcb\u00fc\u2019nde Kul\u00fcp M\u00fcd\u00fcr\u00fc olarak g\u00f6rev yapan Bilun Y\u0131lmaz, Kul\u00fcp Menajeri olarak g\u00f6reve ba\u015flad\u0131<\/strong>.<\/h3>\n\n\n\n<p>T\u00fcrk voleybolunun \u00f6nc\u00fc kul\u00fcplerinden ve bug\u00fcne kadar binlerce sporcuyu T\u00fcrk voleyboluna kazand\u0131rm\u0131\u015f olan Eczac\u0131ba\u015f\u0131 Spor Kul\u00fcb\u00fc, Eczac\u0131ba\u015f\u0131 Dynavit Tak\u0131m\u0131\u2019nda \u00f6nemli bir atamaya imza att\u0131. Bilun Y\u0131lmaz, Kul\u00fcp Menajeri olarak g\u00f6reve ba\u015flad\u0131.<\/p>\n\n\n\n<p>Hem ulusal hem de uluslararas\u0131 arenada say\u0131s\u0131z ba\u015far\u0131ya imza atan Eczac\u0131ba\u015f\u0131 Spor Kul\u00fcb\u00fc, ge\u00e7mi\u015fte oldu\u011fu gibi gelecekte de yetenekli sporcular\u0131 ve g\u00fc\u00e7l\u00fc y\u00f6netim ekibiyle voleybolun geli\u015fimine katk\u0131 sa\u011flamaya devam &nbsp;ediyor. Voleybol camias\u0131nda uzun y\u0131llard\u0131r \u00e7e\u015fitli g\u00f6revler \u00fcstlenen ve 2023 y\u0131l\u0131ndan bu yana Eczac\u0131ba\u015f\u0131 Spor Kul\u00fcb\u00fc\u2019nde Kul\u00fcp M\u00fcd\u00fcr\u00fc olarak g\u00f6rev yapan Bilun Y\u0131lmaz, yeni g\u00f6revinde deneyim ve birikimiyle kul\u00fcbe de\u011fer katmaya devam edecek.<\/p>\n\n\n\n<p><strong>Bilun Y\u0131lmaz Hakk\u0131nda<\/strong><\/p>\n\n\n\n<p>E\u011fitimini \u0130talyan Lisesi\u2019nin ard\u0131ndan Bah\u00e7e\u015fehir \u00dcniversitesi ve Amsterdam \u00dcniversitesi\u2019nde y\u00fcksek lisans derecesiyle tamamlayan Y\u0131lmaz, aktif voleybol kariyerinin ard\u0131ndan s\u0131ras\u0131yla Ye\u015filyurt, \u00c7anakkale Belediyespor ve Vak\u0131fBank kul\u00fcplerinde tak\u0131m menajeri olarak g\u00f6rev ald\u0131.&nbsp;<\/p>\n","protected":false},"excerpt":{"rendered":"<p>Eczac\u0131ba\u015f\u0131 Spor Kul\u00fcb\u00fc\u2019nde Kul\u00fcp M\u00fcd\u00fcr\u00fc olarak g\u00f6rev yapan Bilun Y\u0131lmaz, Kul\u00fcp Menajeri olarak g\u00f6reve ba\u015flad\u0131. T\u00fcrk voleybolunun \u00f6nc\u00fc kul\u00fcplerinden ve bug\u00fcne kadar binlerce sporcuyu T\u00fcrk&hellip;<\/p>\n","protected":false},"author":6,"featured_media":4246,"comment_status":"open","ping_status":"open","sticky":false,"template":"","format":"standard","meta":{"footnotes":""},"categories":[18],"tags":[],"class_list":["post-4245","post","type-post","status-publish","format-standard","has-post-thumbnail","hentry","category-atamalar"],"_links":{"self":[{"href":"https:\/\/www.mallandmotto.com\/index.php\/wp-json\/wp\/v2\/posts\/4245","targetHints":{"allow":["GET"]}}],"collection":[{"href":"https:\/\/www.mallandmotto.com\/index.php\/wp-json\/wp\/v2\/posts"}],"about":[{"href":"https:\/\/www.mallandmotto.com\/index.php\/wp-json\/wp\/v2\/types\/post"}],"author":[{"embeddable":true,"href":"https:\/\/www.mallandmotto.com\/index.php\/wp-json\/wp\/v2\/users\/6"}],"replies":[{"embeddable":true,"href":"https:\/\/www.mallandmotto.com\/index.php\/wp-json\/wp\/v2\/comments?post=4245"}],"version-history":[{"count":1,"href":"https:\/\/www.mallandmotto.com\/index.php\/wp-json\/wp\/v2\/posts\/4245\/revisions"}],"predecessor-version":[{"id":4247,"href":"https:\/\/www.mallandmotto.com\/index.php\/wp-json\/wp\/v2\/posts\/4245\/revisions\/4247"}],"wp:featuredmedia":[{"embeddable":true,"href":"https:\/\/www.mallandmotto.com\/index.php\/wp-json\/wp\/v2\/media\/4246"}],"wp:attachment":[{"href":"https:\/\/www.mallandmotto.com\/index.php\/wp-json\/wp\/v2\/media?parent=4245"}],"wp:term":[{"taxonomy":"category","embeddable":true,"href":"https:\/\/www.mallandmotto.com\/index.php\/wp-json\/wp\/v2\/categories?post=4245"},{"taxonomy":"post_tag","embeddable":true,"href":"https:\/\/www.mallandmotto.com\/index.php\/wp-json\/wp\/v2\/tags?post=4245"}],"curies":[{"name":"wp","href":"https:\/\/api.w.org\/{rel}","templated":true}]}}