{"id":4252,"date":"2025-09-02T06:28:33","date_gmt":"2025-09-02T06:28:33","guid":{"rendered":"https:\/\/www.mallandmotto.com\/?p=4252"},"modified":"2025-09-02T06:28:34","modified_gmt":"2025-09-02T06:28:34","slug":"istanbul-devlet-senfoni-orkestrasi-romanyada","status":"publish","type":"post","link":"https:\/\/www.mallandmotto.com\/index.php\/2025\/09\/02\/istanbul-devlet-senfoni-orkestrasi-romanyada\/","title":{"rendered":"\u0130stanbul Devlet Senfoni Orkestras\u0131 Romanya\u2019da"},"content":{"rendered":"\n<h3 class=\"wp-block-heading\"><strong>\u0130stanbul Devlet Senfoni Orkestras\u0131 (\u0130DSO), Romanya\u2019n\u0131n en sayg\u0131n k\u00fclt\u00fcrel etkinli\u011fi olan ve iki y\u0131lda bir d\u00fczenlenen George Enescu Festivali\u2019nde sahne almaya haz\u0131rlan\u0131yor. 7\u201312 Eyl\u00fcl tarihleri aras\u0131ndaki turne kapsam\u0131nda \u015eef Hasan Niyazi Tura y\u00f6netiminde konser verecek olan \u0130DSO, d\u00fcnyaca \u00fcnl\u00fc Rumen kemanc\u0131 Vlad Stanculeasa\u2019ya e\u015flik edecek. Uluslararas\u0131 alanda tan\u0131nm\u0131\u015f \u015fef, solist ve orkestralar\u0131n bulu\u015ftu\u011fu festival, 67 y\u0131ll\u0131k tarihinde ilk kez bir T\u00fcrk orkestras\u0131n\u0131 a\u011f\u0131rlayacak.<\/strong><\/h3>\n\n\n\n<p>\u0130stanbul Devlet Senfoni Orkestras\u0131 (\u0130DSO), 67 y\u0131ll\u0131k tarihinde ilk kez bir T\u00fcrk orkestras\u0131na ev sahipli\u011fi yapacak George Enescu Festivali\u2019nin 27\u2019nci edisyonunda, T\u00fcrkiye\u2019yi temsil edecek.&nbsp;<\/p>\n\n\n\n<p>Festival \u00e7er\u00e7evesinde 7\u201312 Eyl\u00fcl tarihleri aras\u0131nda \u00fc\u00e7 \u015fehirde konser vermeye haz\u0131rlanan \u0130DSO, bu tarihi davet kapsam\u0131nda &nbsp;7\u20138 Eyl\u00fcl\u2019de K\u00f6stence, 10 Eyl\u00fcl\u2019de T\u00e2rgu Mure\u0219 ve 12 Eyl\u00fcl\u2019de Craiova \u015fehirlerinde sahne alacak. Konserlerde orkestray\u0131 \u015eef Hasan Niyazi Tura y\u00f6netirken, solist olarak d\u00fcnyaca \u00fcnl\u00fc Romen kemanc\u0131 &nbsp;Vlad Stanculeasa yer alacak. Programda Enescu\u2019nun \u201cKeman ve Orkestra i\u00e7in Balad\u201d\u0131, Mendelssohn\u2019un Keman Kon\u00e7ertosu, Cemal Re\u015fit Rey\u2019in \u201cG\u00fcne\u015fli Manzaralar\u201d adl\u0131 eseri ve Beethoven\u2019\u0131n 1. Senfonisi seslendirilecek.&nbsp;<\/p>\n\n\n\n<p>Romanya K\u00fclt\u00fcr Bakanl\u0131\u011f\u0131 ve ba\u011fl\u0131 kurumlar\u0131n yan\u0131 s\u0131ra \u0130stanbul Dimitrie Cantemir Romen K\u00fclt\u00fcr Merkezi taraf\u0131ndan desteklenen turne, T\u00fcrkiye taraf\u0131ndan K\u00fclt\u00fcr ve Turizm Bakanl\u0131\u011f\u0131, G\u00fczel Sanatlar Genel M\u00fcd\u00fcrl\u00fc\u011f\u00fc, DenizBank ve Yunus Emre Enstit\u00fcs\u00fc i\u015f birli\u011fiyle hayata ge\u00e7irilecek.<\/p>\n\n\n\n<p><strong>T\u00fcrkiye ve Romanya aras\u0131ndaki k\u00fclt\u00fcrel i\u015f birli\u011fi geli\u015fiyor<\/strong><\/p>\n\n\n\n<p>Festivalin \u00f6nemi hakk\u0131nda konu\u015fan, \u0130DSO M\u00fcd\u00fcr\u00fc Aycan K\u00fc\u00e7\u00fck\u00f6zkan, \u201cFestival tarihinde ilk kez bir T\u00fcrk Orkestras\u0131\u2019n\u0131n davet edilmesi, yaln\u0131zca sanat alan\u0131nda de\u011fil, ayn\u0131 zamanda k\u00fclt\u00fcrel diplomasi a\u00e7\u0131s\u0131ndan da b\u00fcy\u00fck \u00f6nem ta\u015f\u0131yor. Bu proje, T\u00fcrk\u2013Romen dostlu\u011funu g\u00fc\u00e7lendirmeyi, iki \u00fclke aras\u0131ndaki k\u00fclt\u00fcrel i\u015f birli\u011fini geli\u015ftirmeyi ve T\u00fcrk sanat\u00e7\u0131lara Avrupa\u2019n\u0131n en \u00f6nemli sahnelerinde yer alma f\u0131rsat\u0131 sunuyor. Bu a\u00e7\u0131dan son derece mutlu ve gururluyuz\u201d dedi.<\/p>\n\n\n\n<p><strong>Festivale d\u00fcnyan\u0131n d\u00f6rt bir yan\u0131ndan 4 binden fazla sanat\u00e7\u0131 kat\u0131lacak<\/strong><\/p>\n\n\n\n<p>24 A\u011fustos &#8211; 21 Eyl\u00fcl tarihleri aras\u0131nda b\u00fcy\u00fck besteci George Enescu\u2019yu \u00f6l\u00fcm\u00fcn\u00fcn 70. y\u0131l d\u00f6n\u00fcm\u00fcnde anacak olan festivale d\u00fcnyan\u0131n d\u00f6rt bir yan\u0131ndan 4 binden fazla sanat\u00e7\u0131, \u015fef ve orkestra yedi b\u00fcy\u00fck seriden olu\u015fan 95&#8217;ten fazla konser ve performansla kat\u0131lacak. Programda, B\u00fckre\u015f Ulusal Operas\u0131 prod\u00fcksiyonunda Stefano Poda imzal\u0131 Oedipe de dahil olmak \u00fczere George Enescu&#8217;nun 45&#8217;ten fazla eseri, senfonileri, Rumen Rapsodileri, orkestra i\u00e7in s\u00fcitler ve \u00e7ok say\u0131da oda ve koro eseri yer alacak.<\/p>\n","protected":false},"excerpt":{"rendered":"<p>\u0130stanbul Devlet Senfoni Orkestras\u0131 (\u0130DSO), Romanya\u2019n\u0131n en sayg\u0131n k\u00fclt\u00fcrel etkinli\u011fi olan ve iki y\u0131lda bir d\u00fczenlenen George Enescu Festivali\u2019nde sahne almaya haz\u0131rlan\u0131yor. 7\u201312 Eyl\u00fcl tarihleri&hellip;<\/p>\n","protected":false},"author":6,"featured_media":4253,"comment_status":"open","ping_status":"open","sticky":false,"template":"","format":"standard","meta":{"footnotes":""},"categories":[22],"tags":[],"class_list":["post-4252","post","type-post","status-publish","format-standard","has-post-thumbnail","hentry","category-kultursanat"],"_links":{"self":[{"href":"https:\/\/www.mallandmotto.com\/index.php\/wp-json\/wp\/v2\/posts\/4252","targetHints":{"allow":["GET"]}}],"collection":[{"href":"https:\/\/www.mallandmotto.com\/index.php\/wp-json\/wp\/v2\/posts"}],"about":[{"href":"https:\/\/www.mallandmotto.com\/index.php\/wp-json\/wp\/v2\/types\/post"}],"author":[{"embeddable":true,"href":"https:\/\/www.mallandmotto.com\/index.php\/wp-json\/wp\/v2\/users\/6"}],"replies":[{"embeddable":true,"href":"https:\/\/www.mallandmotto.com\/index.php\/wp-json\/wp\/v2\/comments?post=4252"}],"version-history":[{"count":1,"href":"https:\/\/www.mallandmotto.com\/index.php\/wp-json\/wp\/v2\/posts\/4252\/revisions"}],"predecessor-version":[{"id":4254,"href":"https:\/\/www.mallandmotto.com\/index.php\/wp-json\/wp\/v2\/posts\/4252\/revisions\/4254"}],"wp:featuredmedia":[{"embeddable":true,"href":"https:\/\/www.mallandmotto.com\/index.php\/wp-json\/wp\/v2\/media\/4253"}],"wp:attachment":[{"href":"https:\/\/www.mallandmotto.com\/index.php\/wp-json\/wp\/v2\/media?parent=4252"}],"wp:term":[{"taxonomy":"category","embeddable":true,"href":"https:\/\/www.mallandmotto.com\/index.php\/wp-json\/wp\/v2\/categories?post=4252"},{"taxonomy":"post_tag","embeddable":true,"href":"https:\/\/www.mallandmotto.com\/index.php\/wp-json\/wp\/v2\/tags?post=4252"}],"curies":[{"name":"wp","href":"https:\/\/api.w.org\/{rel}","templated":true}]}}