{"id":4283,"date":"2025-09-02T11:57:40","date_gmt":"2025-09-02T11:57:40","guid":{"rendered":"https:\/\/www.mallandmotto.com\/?p=4283"},"modified":"2025-09-02T11:57:41","modified_gmt":"2025-09-02T11:57:41","slug":"bekle-beni-23-eylulde-raflarda","status":"publish","type":"post","link":"https:\/\/www.mallandmotto.com\/index.php\/2025\/09\/02\/bekle-beni-23-eylulde-raflarda\/","title":{"rendered":"Bekle Beni\u00a023 Eyl\u00fcl\u2019de Raflarda"},"content":{"rendered":"\n<h3 class=\"wp-block-heading\"><strong>\u0130stanbul\u2019un farkl\u0131 noktalar\u0131nda g\u00f6r\u00fclen Livaneli imzal\u0131 \u201c<em>Bekle Beni<\/em>\u201d afi\u015fleri edebiyatseverlerde merak uyand\u0131rm\u0131\u015ft\u0131. Can Yay\u0131nlar\u0131, ilgi uyand\u0131ran afi\u015flerin ard\u0131ndan Z\u00fclf\u00fc Livaneli\u2019nin yeni roman\u0131n\u0131n ad\u0131n\u0131 ve kapa\u011f\u0131n\u0131 ilk kez a\u00e7\u0131klad\u0131.\u00a0<em>Bekle Beni<\/em>\u00a023 Eyl\u00fcl\u2019de okurla bulu\u015facak.<\/strong><\/h3>\n\n\n\n<p>Can Yay\u0131nlar\u0131, Z\u00fclf\u00fc Livaneli\u2019nin yeni roman\u0131n\u0131n ad\u0131n\u0131, kapa\u011f\u0131n\u0131 ve yay\u0131m tarihini duyurdu.&nbsp;<strong><em>Bekle Beni<\/em>, 23 Eyl\u00fcl\u2019den itibaren t\u00fcm T\u00fcrkiye\u2019de raflarda olacak<\/strong>. Duyuruyla birlikte roman\u0131n kapak tasar\u0131m\u0131 da ilk kez payla\u015f\u0131ld\u0131.<\/p>\n\n\n\n<p>A\u00e7\u0131klaman\u0131n hemen ard\u0131ndan dikkatler roman\u0131n i\u00e7eri\u011fine \u00e7evrildi. Yay\u0131nevi, okur ve bas\u0131n\u0131n artan ilgisi kar\u015f\u0131s\u0131nda, konuya ili\u015fkin ayr\u0131nt\u0131lar\u0131n yay\u0131m tarihine kadar planlanan takvim do\u011frultusunda kademeli olarak payla\u015f\u0131laca\u011f\u0131n\u0131 bildiriyor. Roman\u0131n i\u00e7eri\u011fine dair ilk bilgilerin \u00f6n\u00fcm\u00fczdeki g\u00fcnlerde Can Yay\u0131nlar\u0131\u2019n\u0131n resm\u00ee kanallar\u0131 \u00fczerinden payla\u015f\u0131lmas\u0131 bekleniyor.<\/p>\n","protected":false},"excerpt":{"rendered":"<p>\u0130stanbul\u2019un farkl\u0131 noktalar\u0131nda g\u00f6r\u00fclen Livaneli imzal\u0131 \u201cBekle Beni\u201d afi\u015fleri edebiyatseverlerde merak uyand\u0131rm\u0131\u015ft\u0131. Can Yay\u0131nlar\u0131, ilgi uyand\u0131ran afi\u015flerin ard\u0131ndan Z\u00fclf\u00fc Livaneli\u2019nin yeni roman\u0131n\u0131n ad\u0131n\u0131 ve kapa\u011f\u0131n\u0131&hellip;<\/p>\n","protected":false},"author":6,"featured_media":4284,"comment_status":"open","ping_status":"open","sticky":false,"template":"","format":"standard","meta":{"footnotes":""},"categories":[22],"tags":[],"class_list":["post-4283","post","type-post","status-publish","format-standard","has-post-thumbnail","hentry","category-kultursanat"],"_links":{"self":[{"href":"https:\/\/www.mallandmotto.com\/index.php\/wp-json\/wp\/v2\/posts\/4283","targetHints":{"allow":["GET"]}}],"collection":[{"href":"https:\/\/www.mallandmotto.com\/index.php\/wp-json\/wp\/v2\/posts"}],"about":[{"href":"https:\/\/www.mallandmotto.com\/index.php\/wp-json\/wp\/v2\/types\/post"}],"author":[{"embeddable":true,"href":"https:\/\/www.mallandmotto.com\/index.php\/wp-json\/wp\/v2\/users\/6"}],"replies":[{"embeddable":true,"href":"https:\/\/www.mallandmotto.com\/index.php\/wp-json\/wp\/v2\/comments?post=4283"}],"version-history":[{"count":1,"href":"https:\/\/www.mallandmotto.com\/index.php\/wp-json\/wp\/v2\/posts\/4283\/revisions"}],"predecessor-version":[{"id":4285,"href":"https:\/\/www.mallandmotto.com\/index.php\/wp-json\/wp\/v2\/posts\/4283\/revisions\/4285"}],"wp:featuredmedia":[{"embeddable":true,"href":"https:\/\/www.mallandmotto.com\/index.php\/wp-json\/wp\/v2\/media\/4284"}],"wp:attachment":[{"href":"https:\/\/www.mallandmotto.com\/index.php\/wp-json\/wp\/v2\/media?parent=4283"}],"wp:term":[{"taxonomy":"category","embeddable":true,"href":"https:\/\/www.mallandmotto.com\/index.php\/wp-json\/wp\/v2\/categories?post=4283"},{"taxonomy":"post_tag","embeddable":true,"href":"https:\/\/www.mallandmotto.com\/index.php\/wp-json\/wp\/v2\/tags?post=4283"}],"curies":[{"name":"wp","href":"https:\/\/api.w.org\/{rel}","templated":true}]}}