{"id":4363,"date":"2025-09-03T10:47:55","date_gmt":"2025-09-03T10:47:55","guid":{"rendered":"https:\/\/www.mallandmotto.com\/?p=4363"},"modified":"2025-09-03T10:47:55","modified_gmt":"2025-09-03T10:47:55","slug":"kanto-hindistan-promiyerini-jagran-festivalinde-yapacak","status":"publish","type":"post","link":"https:\/\/www.mallandmotto.com\/index.php\/2025\/09\/03\/kanto-hindistan-promiyerini-jagran-festivalinde-yapacak\/","title":{"rendered":"\u201cKanto\u201d Hindistan Pr\u00f6miyerini Jagran Festivali\u2019nde Yapacak"},"content":{"rendered":"\n<h3 class=\"wp-block-heading\"><strong>Ensar Altay\u2019\u0131n ilk uzun metraj kurmaca filmi\u00a0\u201cKanto\u201d,\u00a04-7 Eyl\u00fcl tarihleri aras\u0131nda d\u00fczenlenecek Hindistan\u2019\u0131n \u00f6nemli sinema etkinliklerinden\u00a0Jagran Film Festivali\u2019nde\u00a0seyirciyle bulu\u015facak.<\/strong><br><br><\/h3>\n\n\n\n<p>T.C. K\u00fclt\u00fcr ve Turizm Bakanl\u0131\u011f\u0131 Sinema Genel M\u00fcd\u00fcrl\u00fc\u011f\u00fc destekli, TRT Sinema ortak yap\u0131m\u0131&nbsp;<strong>\u201cKanto\u201d<\/strong>, ge\u00e7ti\u011fimiz haziranda d\u00fcnya pr\u00f6miyerini ger\u00e7ekle\u015ftirdi\u011fi 27. \u015eanghay Uluslararas\u0131 Film Festivali\u2019nin ard\u0131ndan yolculu\u011funu Hindistan\u2019da s\u00fcrd\u00fcr\u00fcyor. Uluslararas\u0131 se\u00e7kide yer ald\u0131\u011f\u0131 Jagran Film Festivali\u2019nde Hindistan pr\u00f6miyerini yaparak farkl\u0131 co\u011frafyalardan sinemaseverlerle bulu\u015facak.<\/p>\n\n\n\n<p><strong>Aile Ba\u011flar\u0131 ve Gizemli Bir Kaybolu\u015fun \u0130zinde<\/strong><\/p>\n\n\n\n<p>Altay\u2019\u0131n \u201cGuardian of Angels\u201d ve \u201cKodokushi\u201d gibi belgeselleriyle tan\u0131nan y\u00f6netmenlik yolculu\u011funda ilk uzun metraj kurmacas\u0131 olan \u201cKanto\u201d,hayat\u0131n\u0131 ailesine adayarak ge\u00e7iren Sude\u2019nin hik\u00e2yesine odaklan\u0131yor. D\u00fczenli bir i\u015fe ba\u015flamaya haz\u0131rlan\u0131rken kay\u0131nvalidesinin gizemli bir \u015fekilde ortadan kaybolmas\u0131yla de\u011fi\u015fen hayat\u0131n\u0131 anlatan film, ge\u00e7mi\u015fin g\u00f6m\u00fcl\u00fc s\u0131rlar\u0131yla y\u00fczle\u015fme s\u00fcrecinde aile ba\u011flar\u0131 ile bireysel fedakarl\u0131klar aras\u0131ndaki hassas dengeyi sorguluyor.<\/p>\n\n\n\n<p><strong>Uluslararas\u0131 Yolculu\u011funa Devam Ediyor<\/strong><\/p>\n\n\n\n<p>Saraybosna Film Festivali kapsam\u0131nda \u201cCinelink Work in Progress\u201d b\u00f6l\u00fcm\u00fcnde&nbsp;<strong>Cinelink Impact \u00d6d\u00fcl\u00fc\u2019<\/strong>ne lay\u0131k g\u00f6r\u00fclen \u201cKanto\u201d, g\u00fc\u00e7l\u00fc oyuncu kadrosuyla da dikkat \u00e7ekiyor. Ba\u015frollerde&nbsp;<strong>Didem \u0130nselel, Sinan Albayrak, Y\u0131ld\u0131z K\u00fclt\u00fcr, Ece Ba\u011fc\u0131<\/strong>&nbsp;ve&nbsp;<strong>Z\u00fcleyha Y\u0131ld\u0131z<\/strong>&nbsp;yer al\u0131rken, g\u00f6r\u00fcnt\u00fc y\u00f6netmenli\u011fini&nbsp;<strong>K\u00fcr\u015fat \u00dcresin<\/strong>, yap\u0131mc\u0131l\u0131\u011f\u0131n\u0131 ise&nbsp;<strong>S\u00fcleyman Civliz<\/strong>&nbsp;ve&nbsp;<strong>Ensar Altay<\/strong>&nbsp;\u00fcstleniyor.<\/p>\n\n\n\n<p><strong><u>K<\/u><\/strong><strong><u>\u00dc<\/u><\/strong><strong><u>NYE<\/u><\/strong><\/p>\n\n\n\n<p><strong><u>F\u0130LM\u0130<\/u><\/strong><strong><u>N ADI:<\/u><\/strong>&nbsp;KANTO<\/p>\n\n\n\n<p><strong><u>Y<\/u><\/strong><strong><u>\u00d6<\/u><\/strong><strong><u>NETMEN:<\/u><\/strong><strong>&nbsp;<\/strong>ENSAR ALTAY<\/p>\n\n\n\n<p><strong><u>YAPIMCI:<\/u><\/strong><strong>&nbsp;<\/strong>S\u00dcLEYMAN C\u0130VL\u0130Z<\/p>\n\n\n\n<p>&nbsp; &nbsp; &nbsp; &nbsp; &nbsp; &nbsp; &nbsp; &nbsp; &nbsp; &nbsp; &nbsp;ENSAR ALTAY<\/p>\n\n\n\n<p><strong><u>G\u00d6R<\/u><\/strong><strong><u>\u00dcNT<\/u><\/strong><strong><u>\u00dc&nbsp;<\/u><\/strong><strong><u>Y<\/u><\/strong><strong><u>\u00d6<\/u><\/strong><strong><u>NETMEN<\/u><\/strong><strong><u>\u0130:<\/u><\/strong>&nbsp;K\u00dcR\u015eAT&nbsp;\u00dcRES\u0130N<\/p>\n\n\n\n<p><strong><u>OYUNCULAR:<\/u><\/strong><strong>&nbsp;<\/strong>D\u0130DEM&nbsp;\u0130NSELEL,&nbsp;S\u0130NAN ALBAYRAK, YILDIZ K\u00dcLT\u00dcR, ECE BA\u011eCI,&nbsp;Z\u00dcLEYHA YILDIZ<\/p>\n","protected":false},"excerpt":{"rendered":"<p>Ensar Altay\u2019\u0131n ilk uzun metraj kurmaca filmi\u00a0\u201cKanto\u201d,\u00a04-7 Eyl\u00fcl tarihleri aras\u0131nda d\u00fczenlenecek Hindistan\u2019\u0131n \u00f6nemli sinema etkinliklerinden\u00a0Jagran Film Festivali\u2019nde\u00a0seyirciyle bulu\u015facak. T.C. K\u00fclt\u00fcr ve Turizm Bakanl\u0131\u011f\u0131 Sinema Genel&hellip;<\/p>\n","protected":false},"author":6,"featured_media":4364,"comment_status":"open","ping_status":"open","sticky":false,"template":"","format":"standard","meta":{"footnotes":""},"categories":[22],"tags":[],"class_list":["post-4363","post","type-post","status-publish","format-standard","has-post-thumbnail","hentry","category-kultursanat"],"_links":{"self":[{"href":"https:\/\/www.mallandmotto.com\/index.php\/wp-json\/wp\/v2\/posts\/4363","targetHints":{"allow":["GET"]}}],"collection":[{"href":"https:\/\/www.mallandmotto.com\/index.php\/wp-json\/wp\/v2\/posts"}],"about":[{"href":"https:\/\/www.mallandmotto.com\/index.php\/wp-json\/wp\/v2\/types\/post"}],"author":[{"embeddable":true,"href":"https:\/\/www.mallandmotto.com\/index.php\/wp-json\/wp\/v2\/users\/6"}],"replies":[{"embeddable":true,"href":"https:\/\/www.mallandmotto.com\/index.php\/wp-json\/wp\/v2\/comments?post=4363"}],"version-history":[{"count":1,"href":"https:\/\/www.mallandmotto.com\/index.php\/wp-json\/wp\/v2\/posts\/4363\/revisions"}],"predecessor-version":[{"id":4365,"href":"https:\/\/www.mallandmotto.com\/index.php\/wp-json\/wp\/v2\/posts\/4363\/revisions\/4365"}],"wp:featuredmedia":[{"embeddable":true,"href":"https:\/\/www.mallandmotto.com\/index.php\/wp-json\/wp\/v2\/media\/4364"}],"wp:attachment":[{"href":"https:\/\/www.mallandmotto.com\/index.php\/wp-json\/wp\/v2\/media?parent=4363"}],"wp:term":[{"taxonomy":"category","embeddable":true,"href":"https:\/\/www.mallandmotto.com\/index.php\/wp-json\/wp\/v2\/categories?post=4363"},{"taxonomy":"post_tag","embeddable":true,"href":"https:\/\/www.mallandmotto.com\/index.php\/wp-json\/wp\/v2\/tags?post=4363"}],"curies":[{"name":"wp","href":"https:\/\/api.w.org\/{rel}","templated":true}]}}