{"id":4372,"date":"2025-09-03T10:52:46","date_gmt":"2025-09-03T10:52:46","guid":{"rendered":"https:\/\/www.mallandmotto.com\/?p=4372"},"modified":"2025-09-03T10:52:46","modified_gmt":"2025-09-03T10:52:46","slug":"samsun-diyarbakir-ve-istanbulda-kitapseverler-bulusuyor","status":"publish","type":"post","link":"https:\/\/www.mallandmotto.com\/index.php\/2025\/09\/03\/samsun-diyarbakir-ve-istanbulda-kitapseverler-bulusuyor\/","title":{"rendered":"Samsun, Diyarbak\u0131r ve \u0130stanbul\u2018da\u00a0Kitapseverler Bulu\u015fuyor"},"content":{"rendered":"\n<h3 class=\"wp-block-heading\"><strong>T\u00fcrkiye fuarc\u0131l\u0131k sekt\u00f6r\u00fcn\u00fcn lider kurulu\u015fu T\u00fcyap Fuarc\u0131l\u0131k Grubu, 2025 y\u0131l\u0131n\u0131n ikinci yar\u0131s\u0131nda da edebiyat ve k\u00fclt\u00fcr d\u00fcnyas\u0131n\u0131 T\u00fcrkiye\u2019nin d\u00f6rt bir yan\u0131nda bir araya getirmeye haz\u0131rlan\u0131yor. Eyl\u00fcl ay\u0131nda Samsun\u2019da ba\u015flayacak olan T\u00fcyap Kitap Fuarlar\u0131 maratonu, Ekim\u2019de Diyarbak\u0131r ve Aral\u0131k\u2019ta \u0130stanbul ile devam ederek y\u00fcz binlerce kitapseveri, y\u00fczlerce yay\u0131nevi ve yazarla bulu\u015fturacak.<\/strong><\/h3>\n\n\n\n<p>T\u00fcyap Fuarc\u0131l\u0131k Grubu\u2019nun T\u00fcrkiye Yay\u0131nc\u0131lar Birli\u011fi i\u015f birli\u011fiyle d\u00fczenledi\u011fi ve her biri kendi b\u00f6lgesinin en&nbsp;\u00f6nemli k\u00fclt\u00fcrel etkinli\u011fi haline gelen T\u00fcyap Kitap Fuarlar\u0131, ikinci yar\u0131 fuar takvimini a\u00e7\u0131klad\u0131. Karadeniz, G\u00fcneydo\u011fu Anadolu ve Marmara b\u00f6lgelerinin k\u00fclt\u00fcrel ya\u015fam\u0131na b\u00fcy\u00fck katk\u0131 sunacak olan fuarlar, yay\u0131nevlerine okurlar\u0131yla do\u011frudan bulu\u015fma, kitapseverlere ise on binlerce esere ula\u015fma ve sevdikleri yazarlarla tan\u0131\u015fma imk\u00e2n\u0131 sa\u011flayacak.<\/p>\n\n\n\n<p><strong>Karadeniz&#8217;in en b\u00fcy\u00fck kitap bulu\u015f<\/strong><strong>mas<\/strong><strong>\u0131 10. kez kap\u0131lar\u0131n\u0131 a\u00e7\u0131yor<\/strong>&nbsp;<\/p>\n\n\n\n<p>B\u00f6lgenin en kapsaml\u0131 k\u00fclt\u00fcr etkinli\u011fi olan Karadeniz Kitap Fuar\u0131, 27 Eyl\u00fcl &#8211; 5 Ekim 2025 tarihleri aras\u0131nda T\u00fcyap Samsun Fuar ve Kongre Merkezi\u2019nde ger\u00e7ekle\u015fecek. Bu y\u0131l 10. kez d\u00fczenlenecek olan fuar, Karadeniz\u2019in \u00e7e\u015fitli kentlerinden gelecek on binlerce okuru 250\u2019ye yak\u0131n yay\u0131nevi ve y\u00fczlerce yazarla bulu\u015fturacak. Fuar, dokuz g\u00fcn boyunca panel, s\u00f6yle\u015fi, at\u00f6lye ve imza g\u00fcnlerinden olu\u015fan zengin bir etkinlik program\u0131yla b\u00f6lgenin k\u00fclt\u00fcrel nabz\u0131n\u0131 tutacak.<\/p>\n\n\n\n<p><strong>Diyarbak\u0131r&#8217;da k\u00fclt\u00fcr ve edebiyat \u015f\u00f6leni<\/strong>&nbsp;<\/p>\n\n\n\n<p>G\u00fcneydo\u011fu Anadolu&#8217;nun k\u00fclt\u00fcr ve sanat hayat\u0131n\u0131n kalbinin ataca\u011f\u0131 Diyarbak\u0131r Kitap Fuar\u0131, 18 &#8211; 26 Ekim 2025 tarihleri aras\u0131nda Mezopotamya Uluslararas\u0131 Fuar ve Kongre Merkezi\u2019nde kitapseverlere ev sahipli\u011fi yapacak. \u015eehrin modern kimli\u011finin ve k\u00fclt\u00fcrel zenginli\u011finin&nbsp;\u00f6nemli bir par\u00e7as\u0131 olan fuar, sekt\u00f6r\u00fcn&nbsp;\u00f6nde gelen yay\u0131nevlerini ve yazarlar\u0131n\u0131 b\u00f6lge okurlar\u0131yla bir araya getirecek. Fuar, ziyaret\u00e7ilerine yeni eserler ke\u015ffetme ve yazarlarla do\u011frudan etkile\u015fim kurma f\u0131rsat\u0131 sunarak unutulmaz bir deneyim ya\u015fatacak.<\/p>\n\n\n\n<p><strong>T\u00fcrkiye&#8217;nin en k<\/strong><strong>\u00f6<\/strong><strong>kl\u00fc edebiyat bulu\u015f<\/strong><strong>mas<\/strong><strong>\u0131: \u0130stanbul Kitap Fuar\u0131<\/strong>&nbsp;<\/p>\n\n\n\n<p>T\u00fcrkiye&#8217;nin en b\u00fcy\u00fck ve en prestijli kitap fuar\u0131 olan Uluslararas\u0131 \u0130stanbul Kitap Fuar\u0131, 42. kez 13 &#8211; 21 Aral\u0131k 2025 tarihleri aras\u0131nda T\u00fcyap&nbsp;Fuar ve Kongre Merkezi\u2019nde kap\u0131lar\u0131n\u0131 a\u00e7acak. Bu y\u0131lki fuar\u0131n Onur Yazar\u0131 Murathan Mungan ve temas\u0131 ise \u201cEdebiyat\u0131n Her Hali\u201d. Her y\u0131l yar\u0131m milyona yak\u0131n ziyaret\u00e7iyi a\u011f\u0131rlayan ve Avrupa\u2019n\u0131n en b\u00fcy\u00fck kitap fuarlar\u0131ndan biri olan etkinlik, yerli ve yabanc\u0131 y\u00fczlerce yay\u0131nevini, sivil toplum kurulu\u015funu ve yazar\u0131 okurlarla bulu\u015fturacak. Fuar, sadece bir kitap al\u0131\u015fveri\u015fi platformu olman\u0131n&nbsp;\u00f6tesinde, d\u00fczenlenecek s\u00f6yle\u015filer, paneller ve imza g\u00fcnleriyle benzersiz bir edebi \u015f\u00f6len vadediyor.<\/p>\n\n\n\n<p><strong>Her ya\u015ftan okur i\u00e7in zengin bir deneyim<\/strong>&nbsp;<\/p>\n\n\n\n<p>T\u00fcyap Kitap Fuarlar\u0131; kurgu ve kurgu d\u0131\u015f\u0131 eserlerden \u00e7ocuk kitaplar\u0131na, e\u011fitim yay\u0131nlar\u0131ndan \u00e7izgi romanlara kadar on binlerce kitab\u0131 tek \u00e7at\u0131 alt\u0131nda sunacak. Her ya\u015ftan kitapseverin arad\u0131\u011f\u0131n\u0131 bulaca\u011f\u0131 fuarlar, yay\u0131nevleri i\u00e7in g\u00fc\u00e7l\u00fc i\u015f birli\u011fi f\u0131rsatlar\u0131 yarat\u0131rken, okurlar i\u00e7in de sevdikleri yazarlarla tan\u0131\u015fabilecekleri, yeni ilham kaynaklar\u0131 bulabilecekleri ve edebiyat d\u00fcnyas\u0131nda keyifli bir yolculu\u011fa \u00e7\u0131kabilecekleri zengin i\u00e7erikli bir deneyim sunmay\u0131 hedefliyor.<\/p>\n","protected":false},"excerpt":{"rendered":"<p>T\u00fcrkiye fuarc\u0131l\u0131k sekt\u00f6r\u00fcn\u00fcn lider kurulu\u015fu T\u00fcyap Fuarc\u0131l\u0131k Grubu, 2025 y\u0131l\u0131n\u0131n ikinci yar\u0131s\u0131nda da edebiyat ve k\u00fclt\u00fcr d\u00fcnyas\u0131n\u0131 T\u00fcrkiye\u2019nin d\u00f6rt bir yan\u0131nda bir araya getirmeye haz\u0131rlan\u0131yor.&hellip;<\/p>\n","protected":false},"author":6,"featured_media":4373,"comment_status":"open","ping_status":"open","sticky":false,"template":"","format":"standard","meta":{"footnotes":""},"categories":[22],"tags":[],"class_list":["post-4372","post","type-post","status-publish","format-standard","has-post-thumbnail","hentry","category-kultursanat"],"_links":{"self":[{"href":"https:\/\/www.mallandmotto.com\/index.php\/wp-json\/wp\/v2\/posts\/4372","targetHints":{"allow":["GET"]}}],"collection":[{"href":"https:\/\/www.mallandmotto.com\/index.php\/wp-json\/wp\/v2\/posts"}],"about":[{"href":"https:\/\/www.mallandmotto.com\/index.php\/wp-json\/wp\/v2\/types\/post"}],"author":[{"embeddable":true,"href":"https:\/\/www.mallandmotto.com\/index.php\/wp-json\/wp\/v2\/users\/6"}],"replies":[{"embeddable":true,"href":"https:\/\/www.mallandmotto.com\/index.php\/wp-json\/wp\/v2\/comments?post=4372"}],"version-history":[{"count":1,"href":"https:\/\/www.mallandmotto.com\/index.php\/wp-json\/wp\/v2\/posts\/4372\/revisions"}],"predecessor-version":[{"id":4374,"href":"https:\/\/www.mallandmotto.com\/index.php\/wp-json\/wp\/v2\/posts\/4372\/revisions\/4374"}],"wp:featuredmedia":[{"embeddable":true,"href":"https:\/\/www.mallandmotto.com\/index.php\/wp-json\/wp\/v2\/media\/4373"}],"wp:attachment":[{"href":"https:\/\/www.mallandmotto.com\/index.php\/wp-json\/wp\/v2\/media?parent=4372"}],"wp:term":[{"taxonomy":"category","embeddable":true,"href":"https:\/\/www.mallandmotto.com\/index.php\/wp-json\/wp\/v2\/categories?post=4372"},{"taxonomy":"post_tag","embeddable":true,"href":"https:\/\/www.mallandmotto.com\/index.php\/wp-json\/wp\/v2\/tags?post=4372"}],"curies":[{"name":"wp","href":"https:\/\/api.w.org\/{rel}","templated":true}]}}