{"id":4393,"date":"2025-09-04T08:43:15","date_gmt":"2025-09-04T08:43:15","guid":{"rendered":"https:\/\/www.mallandmotto.com\/?p=4393"},"modified":"2025-09-04T08:43:16","modified_gmt":"2025-09-04T08:43:16","slug":"istanbul-modern-ve-turk-tuborg-10-yillik-is-birligi","status":"publish","type":"post","link":"https:\/\/www.mallandmotto.com\/index.php\/2025\/09\/04\/istanbul-modern-ve-turk-tuborg-10-yillik-is-birligi\/","title":{"rendered":"\u0130stanbul Modern ve T\u00fcrk Tuborg: 10 Y\u0131ll\u0131k \u0130\u015f Birli\u011fi"},"content":{"rendered":"\n<h3 class=\"wp-block-heading\"><strong>\u0130stanbul Modern Sinema\u2019da \u201cfestival\u201d y\u0131l boyu devam ediyor. 2015 y\u0131l\u0131ndan bu yana \u0130stanbul Modern Sinema\u2019ya destek veren T\u00fcrk Tuborg, katk\u0131s\u0131n\u0131 geni\u015fleterek gen\u00e7lerin sanata eri\u015fimini sa\u011flayan ve \u00fccretsiz m\u00fcze deneyimi sunan Gen\u00e7 Sal\u0131 program\u0131n\u0131n da ana sponsoru oldu. Program kapsam\u0131nda yakla\u015f\u0131k 100 bin gen\u00e7 sanatla bulu\u015ftu.\u00a0<\/strong><\/h3>\n\n\n\n<p>\u0130stanbul Modern Sinema, T\u00fcrk Tuborg\u2019un deste\u011fiyle 2015 y\u0131l\u0131ndan itibaren 2 bine yak\u0131n film g\u00f6sterimi ger\u00e7ekle\u015ftirerek 150 bin izleyiciyi sinemayla bulu\u015fturdu. 10 y\u0131ll\u0131k d\u00f6nemde y\u00fczlerce etkinlik, s\u00f6yle\u015fi ve at\u00f6lye d\u00fczenleyen \u0130stanbul Modern Sinema hem T\u00fcrkiye sinemas\u0131 hem de uluslararas\u0131 yap\u0131mlar i\u00e7in \u00f6nemli bir platforma d\u00f6n\u00fc\u015ft\u00fc. \u0130stanbul Modern Sinema\u2019n\u0131n yeni sezonu ise dopdolu bir programla 25 Eyl\u00fcl\u2019de ba\u015fl\u0131yor.<\/p>\n\n\n\n<p><strong>\u201cSanat\u0131 herkes i\u00e7in eri\u015filebilir k\u0131lma misyonumuz devam ediyor\u201d<\/strong><\/p>\n\n\n\n<p>\u0130stanbul Modern Y\u00f6netim Kurulu Ba\u015fkan\u0131&nbsp;<strong>Oya Eczac\u0131ba\u015f\u0131<\/strong>, m\u00fczeyi ve sanat\u0131 istikrarl\u0131 bir \u015fekilde desteklemenin \u00f6nemine dikkat \u00e7ekti. Eczac\u0131ba\u015f\u0131, \u201cToplumumuza sundu\u011fumuz fayday\u0131 s\u00fcrd\u00fcrebilmek ve projelerimizi hayata ge\u00e7irebilmek, destek\u00e7ilerimizin katk\u0131lar\u0131yla m\u00fcmk\u00fcn oluyor. Ge\u00e7ti\u011fimiz y\u0131l \u0130stanbul Modern\u2019in 20. y\u0131l\u0131n\u0131 kutlad\u0131k ve bu s\u00fcrenin yar\u0131s\u0131nda T\u00fcrk Tuborg\u2019un katk\u0131lar\u0131yla \u00f6nemli ad\u0131mlar att\u0131k. Bu uzun vadeli destek, bizim i\u00e7in b\u00fcy\u00fck anlam ta\u015f\u0131yor. T\u00fcrk Tuborg, ayn\u0131 zamanda deste\u011fini sineman\u0131n \u00f6tesine ta\u015f\u0131yarak Gen\u00e7 Sal\u0131 program\u0131na da sponsor oldu. B\u00f6ylece daha fazla genci sanatla bulu\u015fturma hedefimize \u00f6nemli katk\u0131 sa\u011flad\u0131\u201d dedi.<\/p>\n\n\n\n<p><strong>\u201cGen\u00e7leri sanat ve sinemayla bulu\u015fturmak istiyoruz\u201d<\/strong><\/p>\n\n\n\n<p>Sanat\u0131n, gelece\u011fe \u0131\u015f\u0131k tutan en g\u00fc\u00e7l\u00fc kavramlardan biri oldu\u011funa vurgu yapan T\u00fcrk Tuborg CEO\u2019su&nbsp;<strong>Damla Birol<\/strong>&nbsp;ise&nbsp;<em>\u201c\u0130stanbul Modern ile olan i\u015f birli\u011fimizin 10. y\u0131l\u0131n\u0131 kutlamaktan ve Gen\u00e7 Sal\u0131 program\u0131na deste\u011fimizin ilk senesini doldurmaktan b\u00fcy\u00fck mutluluk duyuyoruz. S\u00fcrd\u00fcr\u00fclebilirlik stratejilerimiz \u00e7er\u00e7evesinde, sanata olan katk\u0131m\u0131z\u0131n \u00f6zellikle gen\u00e7lerin k\u00fclt\u00fcrel geli\u015fimine olanak sa\u011flamas\u0131n\u0131 \u00f6nemsiyoruz. \u0130stanbul Modern\u2019e 10 y\u0131ld\u0131r verdi\u011fimiz destek, markam\u0131z\u0131n sanata olan uzun soluklu ba\u011fl\u0131l\u0131\u011f\u0131n\u0131 peki\u015ftiriyor. Ayr\u0131ca m\u00fczenin y\u00f6netim kurulunda yer almak, gen\u00e7leri sanatla bulu\u015fturan bu programlar\u0131n de\u011ferini daha yak\u0131ndan g\u00f6rmemi sa\u011flad\u0131. Daha fazla genci m\u00fcze \u00e7at\u0131s\u0131 alt\u0131nda sanat ve sinemayla bulu\u015fturuyor olmak bizim i\u00e7in b\u00fcy\u00fck bir mutluluk\u201d dedi.<\/em><\/p>\n\n\n\n<p><strong>Y\u0131lda 100 bin gence \u00fccretsiz m\u00fcze deneyimi<\/strong><\/p>\n\n\n\n<p><em>Eyl\u00fcl 2024\u2019te ba\u015flayan ve T\u00fcrk Tuborg\u2019un ana sponsorlu\u011funda hayata ge\u00e7irilen Gen\u00e7 Sal\u0131 program\u0131 kapsam\u0131nda, 18\u201325 ya\u015f aras\u0131 yakla\u015f\u0131k 100 bin gen\u00e7 her sal\u0131 g\u00fcn\u00fc 10.00\u201314.00 saatleri aras\u0131nda \u0130stanbul Modern\u2019i \u00fccretsiz ziyaret ederek sanat\u00e7\u0131 at\u00f6lyeleri, s\u00f6yle\u015filer ve sinema odakl\u0131 etkinliklere kat\u0131lma f\u0131rsat\u0131 buldu. Ayda bir kez oyuncu ve y\u00f6netmen Okan Urun moderat\u00f6rl\u00fc\u011f\u00fcnde ger\u00e7ekle\u015fen sinema s\u00f6yle\u015filerine Melik\u015fah Altunta\u015f, \u00d6zg\u00fcr Mumcu, Vildan Atasever, Harun Can ve Sude Belk\u0131s gibi isimler konuk oldu.<\/em><\/p>\n\n\n\n<p><strong>\u0130stanbul Modern\u2019de yeni sezon 25 Eyl\u00fcl\u2019de ba\u015fl\u0131yor<\/strong><\/p>\n\n\n\n<p>D\u00fcnya \u00e7ap\u0131nda bir\u00e7ok festival ve kurumla i\u015f birli\u011fi yapan \u0130stanbul Modern Sinema, farkl\u0131 \u00fclke sinemalar\u0131na ve tematik film programlar\u0131na yer vererek sinemaseverlere zengin bir i\u00e7erik sunuyor. \u0130stanbul Modern Film K\u00fcrat\u00f6r\u00fc&nbsp;<strong>M\u00fcge Turan<\/strong>, \u201cM\u00fcze \u00e7at\u0131s\u0131 alt\u0131nda bir \u2018sinematek\u2019<\/p>\n\n\n\n<p>i\u015flevi g\u00f6rerek, T\u00fcrkiye ve d\u00fcnya sinemas\u0131ndan haz\u0131rlad\u0131\u011f\u0131m\u0131z \u00f6zel programlarla \u00f6nemli bir bo\u015flu\u011fu doldurmay\u0131 hedefliyoruz. Y\u0131l boyu s\u00fcren g\u00f6sterimlerle izleyiciye alternatif bir seyir platformu sunuyoruz. D\u00fcnya festivallerinde \u00f6ne \u00e7\u0131kan filmler, m\u00fczenin sergilerinden ilham alan tematik programlar, s\u00f6yle\u015filer ve at\u00f6lyelerle zengin bir i\u00e7erik olu\u015fturuyoruz. \u2018Biz de Var\u0131z!\u2019, \u2018Oscar\u2019\u0131n Yabanc\u0131lar\u0131\u2019 ve \u2018Gelecek K\u0131sa\u2019 gibi markala\u015fm\u0131\u015f programlar\u0131m\u0131zla sinemaseverlere y\u0131l boyunca festival ruhunu ya\u015fat\u0131yoruz\u201d dedi.<\/p>\n\n\n\n<p><strong>Yeni sezonda \u00f6ne \u00e7\u0131kan programlar<\/strong><\/p>\n\n\n\n<p>25\u201328 Eyl\u00fcl: Yeni sezonun ilk program\u0131 \u201cDo\u011fruluk mu Cesaret mi<em>?\u201d<\/em>, sinema ile felsefeyi \u201coyun\u201d kavram\u0131 \u00fczerinden ele al\u0131yor. Film g\u00f6sterimleri, paneller ve at\u00f6lyelerle dolu bu \u00e7ok katmanl\u0131 etkinlik sinemaseverleri bekliyor.<\/p>\n\n\n\n<p>16\u201326 Ekim: Portekiz sinemas\u0131n\u0131n usta y\u00f6netmeni Pedro Costa\u2019n\u0131n filmlerinden olu\u015fan kapsaml\u0131 bir retrospektif sunulacak.<\/p>\n\n\n\n<p>20\u201330 Kas\u0131m: Locarno Film Festivali\u0130stanbul\u2019da program\u0131 kapsam\u0131nda, festivalin \u00f6d\u00fcll\u00fc yap\u0131mlar\u0131 ilk kez T\u00fcrkiye\u2019de izleyiciyle bulu\u015facak.<\/p>\n\n\n\n<p>4\u201311 Aral\u0131k: Y\u0131l\u0131n son program\u0131, \u0130stanbul Modern\u2019deki \u201cAli Kazma: Akl\u0131n Manzaralar\u0131\u201d sergisine paralel olarak haz\u0131rlanacak ve sanat\u00e7\u0131 Ali Kazma ile \u00f6zel bir s\u00f6yle\u015fiyi de i\u00e7erecek.<\/p>\n","protected":false},"excerpt":{"rendered":"<p>\u0130stanbul Modern Sinema\u2019da \u201cfestival\u201d y\u0131l boyu devam ediyor. 2015 y\u0131l\u0131ndan bu yana \u0130stanbul Modern Sinema\u2019ya destek veren T\u00fcrk Tuborg, katk\u0131s\u0131n\u0131 geni\u015fleterek gen\u00e7lerin sanata eri\u015fimini sa\u011flayan&hellip;<\/p>\n","protected":false},"author":6,"featured_media":4394,"comment_status":"open","ping_status":"open","sticky":false,"template":"","format":"standard","meta":{"footnotes":""},"categories":[22],"tags":[],"class_list":["post-4393","post","type-post","status-publish","format-standard","has-post-thumbnail","hentry","category-kultursanat"],"_links":{"self":[{"href":"https:\/\/www.mallandmotto.com\/index.php\/wp-json\/wp\/v2\/posts\/4393","targetHints":{"allow":["GET"]}}],"collection":[{"href":"https:\/\/www.mallandmotto.com\/index.php\/wp-json\/wp\/v2\/posts"}],"about":[{"href":"https:\/\/www.mallandmotto.com\/index.php\/wp-json\/wp\/v2\/types\/post"}],"author":[{"embeddable":true,"href":"https:\/\/www.mallandmotto.com\/index.php\/wp-json\/wp\/v2\/users\/6"}],"replies":[{"embeddable":true,"href":"https:\/\/www.mallandmotto.com\/index.php\/wp-json\/wp\/v2\/comments?post=4393"}],"version-history":[{"count":1,"href":"https:\/\/www.mallandmotto.com\/index.php\/wp-json\/wp\/v2\/posts\/4393\/revisions"}],"predecessor-version":[{"id":4395,"href":"https:\/\/www.mallandmotto.com\/index.php\/wp-json\/wp\/v2\/posts\/4393\/revisions\/4395"}],"wp:featuredmedia":[{"embeddable":true,"href":"https:\/\/www.mallandmotto.com\/index.php\/wp-json\/wp\/v2\/media\/4394"}],"wp:attachment":[{"href":"https:\/\/www.mallandmotto.com\/index.php\/wp-json\/wp\/v2\/media?parent=4393"}],"wp:term":[{"taxonomy":"category","embeddable":true,"href":"https:\/\/www.mallandmotto.com\/index.php\/wp-json\/wp\/v2\/categories?post=4393"},{"taxonomy":"post_tag","embeddable":true,"href":"https:\/\/www.mallandmotto.com\/index.php\/wp-json\/wp\/v2\/tags?post=4393"}],"curies":[{"name":"wp","href":"https:\/\/api.w.org\/{rel}","templated":true}]}}