{"id":4397,"date":"2025-09-04T09:00:02","date_gmt":"2025-09-04T09:00:02","guid":{"rendered":"https:\/\/www.mallandmotto.com\/?p=4397"},"modified":"2025-09-04T09:00:04","modified_gmt":"2025-09-04T09:00:04","slug":"haleon-turkiyenin-yeni-genel-muduru-emin-sirvanli-oldu","status":"publish","type":"post","link":"https:\/\/www.mallandmotto.com\/index.php\/2025\/09\/04\/haleon-turkiyenin-yeni-genel-muduru-emin-sirvanli-oldu\/","title":{"rendered":"Haleon T\u00fcrkiye\u2019nin Yeni Genel M\u00fcd\u00fcr\u00fc Emin \u015eirvanl\u0131 Oldu"},"content":{"rendered":"\n<h3 class=\"wp-block-heading\"><strong>D\u00fcnyan\u0131n lider t\u00fcketici sa\u011fl\u0131\u011f\u0131 \u015firketi Haleon, T\u00fcrkiye operasyonlar\u0131n\u0131n liderli\u011fini Emin \u015eirvanl\u0131\u2019ya emanet etti. Haleon b\u00fcnyesinde t\u00fcketici sa\u011fl\u0131\u011f\u0131 alan\u0131ndaki derin tecr\u00fcbesi ve liderlik yetkinlikleriyle Sat\u0131\u015f Direkt\u00f6r\u00fc olarak ba\u015far\u0131l\u0131 i\u015flere imza atan \u015eirvanl\u0131, yeni g\u00f6revinde Haleon\u2019un T\u00fcrkiye\u2019deki b\u00fcy\u00fcme stratejilerine liderlik edecek.<\/strong><br><br><\/h3>\n\n\n\n<p>D\u00fcnya \u00e7ap\u0131nda t\u00fcketici sa\u011fl\u0131\u011f\u0131 alan\u0131nda \u00f6nc\u00fc konumda bulunan ve Sensodyne, Parodontax, Otrivin, Voltaren ve Centrum gibi g\u00fc\u00e7l\u00fc markalar\u0131 b\u00fcnyesinde bar\u0131nd\u0131ran Haleon, T\u00fcrkiye\u2019deki liderli\u011fini peki\u015ftirmek \u00fczere y\u00f6netim ekibini g\u00fc\u00e7lendirmeye devam ediyor. Bu kapsamda Emin \u015eirvanl\u0131, 1 Eyl\u00fcl itibar\u0131yla vekaleten Haleon T\u00fcrkiye Genel M\u00fcd\u00fcr\u00fc olarak atand\u0131.<\/p>\n\n\n\n<p>T\u00fcketici sa\u011fl\u0131\u011f\u0131 ve h\u0131zl\u0131 t\u00fcketim \u00fcr\u00fcnleri sekt\u00f6rlerinde 15 y\u0131l\u0131 a\u015fk\u0131n deneyime sahip olan \u015eirvanl\u0131, yeni g\u00f6revinde Haleon\u2019un T\u00fcrkiye\u2019deki b\u00fcy\u00fcmesini h\u0131zland\u0131rmaya, operasyonel m\u00fckemmellik hedeflerine ula\u015fmaya ve \u015firketin \u201cHerkes i\u00e7in her g\u00fcn daha sa\u011fl\u0131kl\u0131 bir ya\u015fam m\u00fcmk\u00fcn\u201d vizyonunu ileri ta\u015f\u0131maya odaklanacak.<\/p>\n\n\n\n<p>Orta Do\u011fu Teknik \u00dcniversitesi \u0130\u015fletme B\u00f6l\u00fcm\u00fc\u2019nden mezun olan \u015eirvanl\u0131, i\u015f hayat\u0131na 2008 y\u0131l\u0131nda Reckitt\u2019te sat\u0131\u015f y\u00f6neticisi olarak ba\u015flad\u0131 ve ayn\u0131 \u015firkette 5 y\u0131l boyunca sat\u0131\u015f ve ticari pazarlama alanlar\u0131nda \u00e7e\u015fitli g\u00f6revlerde bulundu. Daha sonra Beiersdorf\u2019ta Modern Kanal, Distrib\u00fct\u00f6r, Eczane ve e-Ticaret kanallar\u0131nda y\u00f6neticilik g\u00f6revlerini \u00fcstlendi. 2019 y\u0131l\u0131nda GlaxoSmithKline T\u00fcrkiye T\u00fcketici Sa\u011fl\u0131\u011f\u0131\u2019na Sat\u0131\u015f Direkt\u00f6r\u00fc olarak kat\u0131ld\u0131. Haleon\u2019un GSK\u2019dan globalde ayr\u0131\u015fmas\u0131n\u0131n ard\u0131ndan kariyerine Haleon T\u00fcrkiye\u2019de devam eden \u015eirvanl\u0131, son olarak Sat\u0131\u015f Direkt\u00f6rl\u00fc\u011f\u00fc g\u00f6revini y\u00fcr\u00fct\u00fcyordu.<\/p>\n\n\n\n<p><\/p>\n\n\n\n<p><\/p>\n","protected":false},"excerpt":{"rendered":"<p>D\u00fcnyan\u0131n lider t\u00fcketici sa\u011fl\u0131\u011f\u0131 \u015firketi Haleon, T\u00fcrkiye operasyonlar\u0131n\u0131n liderli\u011fini Emin \u015eirvanl\u0131\u2019ya emanet etti. Haleon b\u00fcnyesinde t\u00fcketici sa\u011fl\u0131\u011f\u0131 alan\u0131ndaki derin tecr\u00fcbesi ve liderlik yetkinlikleriyle Sat\u0131\u015f Direkt\u00f6r\u00fc&hellip;<\/p>\n","protected":false},"author":6,"featured_media":4398,"comment_status":"open","ping_status":"open","sticky":false,"template":"","format":"standard","meta":{"footnotes":""},"categories":[18],"tags":[],"class_list":["post-4397","post","type-post","status-publish","format-standard","has-post-thumbnail","hentry","category-atamalar"],"_links":{"self":[{"href":"https:\/\/www.mallandmotto.com\/index.php\/wp-json\/wp\/v2\/posts\/4397","targetHints":{"allow":["GET"]}}],"collection":[{"href":"https:\/\/www.mallandmotto.com\/index.php\/wp-json\/wp\/v2\/posts"}],"about":[{"href":"https:\/\/www.mallandmotto.com\/index.php\/wp-json\/wp\/v2\/types\/post"}],"author":[{"embeddable":true,"href":"https:\/\/www.mallandmotto.com\/index.php\/wp-json\/wp\/v2\/users\/6"}],"replies":[{"embeddable":true,"href":"https:\/\/www.mallandmotto.com\/index.php\/wp-json\/wp\/v2\/comments?post=4397"}],"version-history":[{"count":1,"href":"https:\/\/www.mallandmotto.com\/index.php\/wp-json\/wp\/v2\/posts\/4397\/revisions"}],"predecessor-version":[{"id":4399,"href":"https:\/\/www.mallandmotto.com\/index.php\/wp-json\/wp\/v2\/posts\/4397\/revisions\/4399"}],"wp:featuredmedia":[{"embeddable":true,"href":"https:\/\/www.mallandmotto.com\/index.php\/wp-json\/wp\/v2\/media\/4398"}],"wp:attachment":[{"href":"https:\/\/www.mallandmotto.com\/index.php\/wp-json\/wp\/v2\/media?parent=4397"}],"wp:term":[{"taxonomy":"category","embeddable":true,"href":"https:\/\/www.mallandmotto.com\/index.php\/wp-json\/wp\/v2\/categories?post=4397"},{"taxonomy":"post_tag","embeddable":true,"href":"https:\/\/www.mallandmotto.com\/index.php\/wp-json\/wp\/v2\/tags?post=4397"}],"curies":[{"name":"wp","href":"https:\/\/api.w.org\/{rel}","templated":true}]}}