{"id":4479,"date":"2025-09-05T07:28:26","date_gmt":"2025-09-05T07:28:26","guid":{"rendered":"https:\/\/www.mallandmotto.com\/?p=4479"},"modified":"2025-09-05T07:28:27","modified_gmt":"2025-09-05T07:28:27","slug":"kisik-ateste-duduklu-tencere-ikinci-sezonuna-basliyor","status":"publish","type":"post","link":"https:\/\/www.mallandmotto.com\/index.php\/2025\/09\/05\/kisik-ateste-duduklu-tencere-ikinci-sezonuna-basliyor\/","title":{"rendered":"\u201cK\u0131s\u0131k Ate\u015fte D\u00fcd\u00fckl\u00fc Tencere\u201d \u0130kinci Sezonuna Ba\u015fl\u0131yor"},"content":{"rendered":"\n<h3 class=\"wp-block-heading\"><strong>\u0130lk sezonunda tiyatroseverler taraf\u0131ndan yo\u011fun ilgi g\u00f6ren K\u0131s\u0131k Ate\u015fte D\u00fcd\u00fckl\u00fc Tencere ikinci sezonuna ba\u015fl\u0131yor.Zorlu PSM yap\u0131m\u0131 olarak sahnelenen mutfaktaki kaosun i\u00e7inde Bekir\u2019in giderek karma\u015f\u0131kla\u015fan i\u00e7 d\u00fcnyas\u0131nda cevab\u0131n\u0131 arad\u0131\u011f\u0131 sorularla s\u0131k\u0131\u015f\u0131p kalmas\u0131n\u0131 abs\u00fcrt bir dille anlatan oyun, 5 Ekim\u2019de perdelerini a\u00e7arak yeni sezon temsillerine ba\u015fl\u0131yor.\u00a0<\/strong><\/h3>\n\n\n\n<p>Zorlu PSM\u2019nin&nbsp;tiyatro d\u00fcnyas\u0131na yeni yetenekler kazand\u0131rmak ve \u00f6zg\u00fcn eserler yaratmak amac\u0131yla s\u00fcrd\u00fcrd\u00fc\u011f\u00fc&nbsp;PSM At\u00f6lye e\u011fitimlerinde k\u0131sa oyun olarak sergilenen ve ge\u00e7ti\u011fimiz sezon profesyonel yolculu\u011funa \u00e7\u0131kan K\u0131s\u0131k Ate\u015fte D\u00fcd\u00fckl\u00fc Tencere, yeni sezonuna ba\u015fl\u0131yor. \u0130lk sezonunda kapal\u0131 gi\u015fe temsilleriyle tiyatroseverleri Zorlu PSM\u2019de bulu\u015fturan K\u0131s\u0131k Ate\u015fte D\u00fcd\u00fckl\u00fc Tencere, 5 Ekim\u2019de ger\u00e7ekle\u015ftirece\u011fi temsiliyle ikinci sezonuna ba\u015fl\u0131yor.<\/p>\n\n\n\n<p>Emir Taha Sar\u0131\u2019n\u0131n kaleme ald\u0131\u011f\u0131, \u0130rem Kalayc\u0131o\u011flu\u2019nun y\u00f6netti\u011fi, Aylin Al\u0131veren\u2019in dramaturjisini \u00fcstlendi\u011fi K\u0131s\u0131k Ate\u015fte D\u00fcd\u00fckl\u00fc Tencere\u2019nin oyuncu kadrosunda Emre Y\u0131ld\u0131zlar, \u0130lyas \u00d6z\u00e7ak\u0131r, G\u00fcl Do\u011fa Selvi, Ferhat Teymur, Onur Akbay ve Yusuf Sar\u0131aslan yer al\u0131yor.&nbsp;<\/p>\n\n\n\n<p>Mutfaktaki kaos b\u00fcy\u00fcd\u00fck\u00e7e Bekir\u2019in i\u00e7 d\u00fcnyas\u0131n\u0131n giderek daha karma\u015f\u0131kla\u015ft\u0131\u011f\u0131, kader aileden gelen bir miras m\u0131d\u0131r? Sonsuz bir uyku insan\u0131 dinlendirir mi? \u0130nsan hi\u00e7 tan\u0131mad\u0131\u011f\u0131 bir ki\u015fiye benzer mi? sorular\u0131na cevap arayan oyun sezon boyunca Zorlu PSM\u2019de sahnelenecek.<\/p>\n","protected":false},"excerpt":{"rendered":"<p>\u0130lk sezonunda tiyatroseverler taraf\u0131ndan yo\u011fun ilgi g\u00f6ren K\u0131s\u0131k Ate\u015fte D\u00fcd\u00fckl\u00fc Tencere ikinci sezonuna ba\u015fl\u0131yor.Zorlu PSM yap\u0131m\u0131 olarak sahnelenen mutfaktaki kaosun i\u00e7inde Bekir\u2019in giderek karma\u015f\u0131kla\u015fan i\u00e7&hellip;<\/p>\n","protected":false},"author":6,"featured_media":4480,"comment_status":"open","ping_status":"open","sticky":false,"template":"","format":"standard","meta":{"footnotes":""},"categories":[22],"tags":[],"class_list":["post-4479","post","type-post","status-publish","format-standard","has-post-thumbnail","hentry","category-kultursanat"],"_links":{"self":[{"href":"https:\/\/www.mallandmotto.com\/index.php\/wp-json\/wp\/v2\/posts\/4479","targetHints":{"allow":["GET"]}}],"collection":[{"href":"https:\/\/www.mallandmotto.com\/index.php\/wp-json\/wp\/v2\/posts"}],"about":[{"href":"https:\/\/www.mallandmotto.com\/index.php\/wp-json\/wp\/v2\/types\/post"}],"author":[{"embeddable":true,"href":"https:\/\/www.mallandmotto.com\/index.php\/wp-json\/wp\/v2\/users\/6"}],"replies":[{"embeddable":true,"href":"https:\/\/www.mallandmotto.com\/index.php\/wp-json\/wp\/v2\/comments?post=4479"}],"version-history":[{"count":1,"href":"https:\/\/www.mallandmotto.com\/index.php\/wp-json\/wp\/v2\/posts\/4479\/revisions"}],"predecessor-version":[{"id":4481,"href":"https:\/\/www.mallandmotto.com\/index.php\/wp-json\/wp\/v2\/posts\/4479\/revisions\/4481"}],"wp:featuredmedia":[{"embeddable":true,"href":"https:\/\/www.mallandmotto.com\/index.php\/wp-json\/wp\/v2\/media\/4480"}],"wp:attachment":[{"href":"https:\/\/www.mallandmotto.com\/index.php\/wp-json\/wp\/v2\/media?parent=4479"}],"wp:term":[{"taxonomy":"category","embeddable":true,"href":"https:\/\/www.mallandmotto.com\/index.php\/wp-json\/wp\/v2\/categories?post=4479"},{"taxonomy":"post_tag","embeddable":true,"href":"https:\/\/www.mallandmotto.com\/index.php\/wp-json\/wp\/v2\/tags?post=4479"}],"curies":[{"name":"wp","href":"https:\/\/api.w.org\/{rel}","templated":true}]}}