{"id":4496,"date":"2025-09-05T08:13:15","date_gmt":"2025-09-05T08:13:15","guid":{"rendered":"https:\/\/www.mallandmotto.com\/?p=4496"},"modified":"2025-09-05T08:13:16","modified_gmt":"2025-09-05T08:13:16","slug":"anadolunun-en-buyuk-avmleri","status":"publish","type":"post","link":"https:\/\/www.mallandmotto.com\/index.php\/2025\/09\/05\/anadolunun-en-buyuk-avmleri\/","title":{"rendered":"Anadolu\u2019nun En B\u00fcy\u00fck AVM\u2019leri"},"content":{"rendered":"\n<h3 class=\"wp-block-heading\"><strong>\u0130stanbul d\u0131\u015f\u0131nda da al\u0131\u015fveri\u015fin kalbi Anadolu\u2019da at\u0131yor. \u0130\u00e7 Anadolu ve Do\u011fu Anadolu\u2019da y\u00fckselen dev al\u0131\u015fveri\u015f merkezleri, sadece ticaret de\u011fil; ayn\u0131 zamanda e\u011flence, k\u00fclt\u00fcr ve sosyal ya\u015fam\u0131n da merkezi haline geliyor.<\/strong><\/h3>\n\n\n\n<p>T\u00fcrkiye\u2019de al\u0131\u015fveri\u015f merkezleri denildi\u011finde akla ilk olarak \u0130stanbul gelse de, \u0130\u00e7 Anadolu ve Do\u011fu Anadolu\u2019daki b\u00fcy\u00fck AVM\u2019ler b\u00f6lgenin ekonomik ve sosyal d\u00f6n\u00fc\u015f\u00fcm\u00fcnde \u00f6nemli bir rol oynuyor. Ankara\u2019dan Kayseri\u2019ye, Gaziantep\u2019ten Erzurum\u2019a uzanan geni\u015f co\u011frafyada yer alan bu dev yap\u0131lar, hem b\u00f6lge halk\u0131na modern al\u0131\u015fveri\u015f imk\u00e2n\u0131 sunuyor hem de \u015fehirlere yeni bir sosyo-k\u00fclt\u00fcrel dinamizm kat\u0131yor. \u00d6zellikle gen\u00e7 n\u00fcfusun yo\u011fun oldu\u011fu bu \u015fehirlerde AVM\u2019ler, sadece al\u0131\u015fveri\u015f de\u011fil; sinema, konser, sergi ve aile e\u011flence alanlar\u0131yla birer ya\u015fam merkezi haline gelmi\u015f durumda.<\/p>\n\n\n\n<p><strong>1. ANKAmall (Ankara)<\/strong><br>Ankara&#8217;n\u0131n Yenimahalle il\u00e7esinde bulunan ANKAmall, yakla\u015f\u0131k 120.000\u202fm\u00b2&#8217;lik kiralanabilir alan\u0131yla b\u00f6lgenin en b\u00fcy\u00fck al\u0131\u015fveri\u015f merkezlerinden biridir. IKEA, Decathlon ve H&amp;M gibi b\u00fcy\u00fck markalar\u0131n yan\u0131 s\u0131ra Sea Life Akvaryumu ve Paribu Cineverse sinemalar\u0131yla da dikkat \u00e7eker.\u00a0<\/p>\n\n\n\n<figure class=\"wp-block-image size-large is-resized\"><img fetchpriority=\"high\" decoding=\"async\" width=\"1024\" height=\"670\" src=\"https:\/\/www.mallandmotto.com\/wp-content\/uploads\/2025\/09\/Ankamall-2-1024x670.webp\" alt=\"\" class=\"wp-image-4497\" style=\"width:464px;height:auto\" srcset=\"https:\/\/www.mallandmotto.com\/wp-content\/uploads\/2025\/09\/Ankamall-2-1024x670.webp 1024w, https:\/\/www.mallandmotto.com\/wp-content\/uploads\/2025\/09\/Ankamall-2-300x196.webp 300w, https:\/\/www.mallandmotto.com\/wp-content\/uploads\/2025\/09\/Ankamall-2-768x502.webp 768w, https:\/\/www.mallandmotto.com\/wp-content\/uploads\/2025\/09\/Ankamall-2.webp 1183w\" sizes=\"(max-width: 1024px) 100vw, 1024px\" \/><\/figure>\n\n\n\n<p><strong>2. Armada Al\u0131\u015fveri\u015f ve \u0130\u015f Merkezi (Ankara)<\/strong><br>Yenimahalle il\u00e7esinde yer alan Armada, 125.000\u202fm\u00b2&#8217;lik alan\u0131yla \u0130\u00e7 Anadolu&#8217;nun en b\u00fcy\u00fck al\u0131\u015fveri\u015f merkezlerinden biridir. Zengin ma\u011faza yelpazesi ve \u00e7e\u015fitli restoranlar\u0131yla ziyaret\u00e7ilerine geni\u015f bir al\u0131\u015fveri\u015f deneyimi sunar.\u00a0<\/p>\n\n\n\n<figure class=\"wp-block-image size-large is-resized\"><img decoding=\"async\" width=\"1024\" height=\"576\" src=\"https:\/\/www.mallandmotto.com\/wp-content\/uploads\/2025\/09\/maxresdefault-1-1024x576.jpg\" alt=\"\" class=\"wp-image-4498\" style=\"width:483px;height:auto\" srcset=\"https:\/\/www.mallandmotto.com\/wp-content\/uploads\/2025\/09\/maxresdefault-1-1024x576.jpg 1024w, https:\/\/www.mallandmotto.com\/wp-content\/uploads\/2025\/09\/maxresdefault-1-300x169.jpg 300w, https:\/\/www.mallandmotto.com\/wp-content\/uploads\/2025\/09\/maxresdefault-1-768x432.jpg 768w, https:\/\/www.mallandmotto.com\/wp-content\/uploads\/2025\/09\/maxresdefault-1.jpg 1280w\" sizes=\"(max-width: 1024px) 100vw, 1024px\" \/><\/figure>\n\n\n\n<p><strong>3. Kayseri Park Al\u0131\u015fveri\u015f Merkezi (Kayseri)<\/strong><br>Kayseri&#8217;nin en b\u00fcy\u00fck al\u0131\u015fveri\u015f merkezi olan Kayseri Park, 150.000\u202fm\u00b2&#8217;lik alan\u0131yla b\u00f6lgenin en b\u00fcy\u00fck al\u0131\u015fveri\u015f merkezlerinden biridir. Y\u00fczlerce ma\u011faza, sinema salonlar\u0131 ve e\u011flence alanlar\u0131yla ziyaret\u00e7ilerine geni\u015f bir al\u0131\u015fveri\u015f deneyimi sunar.\u00a0<\/p>\n\n\n\n<figure class=\"wp-block-image size-full is-resized\"><img decoding=\"async\" width=\"640\" height=\"480\" src=\"https:\/\/www.mallandmotto.com\/wp-content\/uploads\/2025\/09\/XXL_height-1.webp\" alt=\"\" class=\"wp-image-4499\" style=\"width:496px;height:auto\" srcset=\"https:\/\/www.mallandmotto.com\/wp-content\/uploads\/2025\/09\/XXL_height-1.webp 640w, https:\/\/www.mallandmotto.com\/wp-content\/uploads\/2025\/09\/XXL_height-1-300x225.webp 300w\" sizes=\"(max-width: 640px) 100vw, 640px\" \/><\/figure>\n\n\n\n<p><strong>4. Forum Kayseri Al\u0131\u015fveri\u015f Merkezi (Kayseri)<\/strong><br>Kayseri&#8217;nin en b\u00fcy\u00fck al\u0131\u015fveri\u015f merkezi olan Forum Kayseri, 200.000\u202fm\u00b2&#8217;lik alan\u0131yla b\u00f6lgenin en b\u00fcy\u00fck al\u0131\u015fveri\u015f merkezlerinden biridir. Y\u00fczlerce ma\u011faza, sinema salonlar\u0131 ve e\u011flence alanlar\u0131yla ziyaret\u00e7ilerine geni\u015f bir al\u0131\u015fveri\u015f deneyimi sunar.\u00a0<\/p>\n\n\n\n<hr class=\"wp-block-separator has-alpha-channel-opacity\"\/>\n\n\n\n<h3 class=\"wp-block-heading\">Do\u011fu Anadolu B\u00f6lgesi<\/h3>\n\n\n\n<p><strong>5. MNG Al\u0131\u015fveri\u015f ve Ya\u015fam Merkezi (Erzurum)<\/strong><br>Erzurum&#8217;da bulunan MNG AVM, yakla\u015f\u0131k 150.000\u202fm\u00b2&#8217;lik alan\u0131yla Do\u011fu Anadolu B\u00f6lgesi&#8217;nin en b\u00fcy\u00fck al\u0131\u015fveri\u015f merkezlerinden biridir. Yerli ve yabanc\u0131 bir\u00e7ok markan\u0131n ma\u011fazalar\u0131n\u0131 b\u00fcnyesinde bar\u0131nd\u0131ran AVM, e\u011flence ve ya\u015fam alanlar\u0131yla da dikkat \u00e7eker.\u00a0<\/p>\n\n\n\n<p><strong>6. Erzurum Forum Al\u0131\u015fveri\u015f Merkezi (Erzurum)<\/strong><br>Erzurum&#8217;un en b\u00fcy\u00fck al\u0131\u015fveri\u015f merkezi olan Erzurum Forum, 120.000\u202fm\u00b2&#8217;lik alan\u0131yla b\u00f6lgenin en b\u00fcy\u00fck al\u0131\u015fveri\u015f merkezlerinden biridir. Y\u00fczlerce ma\u011faza, sinema salonlar\u0131 ve e\u011flence alanlar\u0131yla ziyaret\u00e7ilerine geni\u015f bir al\u0131\u015fveri\u015f deneyimi sunar.\u00a0<\/p>\n\n\n\n<figure class=\"wp-block-image size-large is-resized\"><img loading=\"lazy\" decoding=\"async\" width=\"1024\" height=\"664\" src=\"https:\/\/www.mallandmotto.com\/wp-content\/uploads\/2025\/09\/mng2-1080x700-1-1024x664.webp\" alt=\"\" class=\"wp-image-4500\" style=\"width:565px;height:auto\" srcset=\"https:\/\/www.mallandmotto.com\/wp-content\/uploads\/2025\/09\/mng2-1080x700-1-1024x664.webp 1024w, https:\/\/www.mallandmotto.com\/wp-content\/uploads\/2025\/09\/mng2-1080x700-1-300x194.webp 300w, https:\/\/www.mallandmotto.com\/wp-content\/uploads\/2025\/09\/mng2-1080x700-1-768x498.webp 768w, https:\/\/www.mallandmotto.com\/wp-content\/uploads\/2025\/09\/mng2-1080x700-1.webp 1080w\" sizes=\"(max-width: 1024px) 100vw, 1024px\" \/><\/figure>\n\n\n\n<p><strong>7. Van AVM (Van)<\/strong><br>Van&#8217;da bulunan Van AVM, yakla\u015f\u0131k 100.000\u202fm\u00b2&#8217;lik alan\u0131yla Do\u011fu Anadolu B\u00f6lgesi&#8217;nin en b\u00fcy\u00fck al\u0131\u015fveri\u015f merkezlerinden biridir. Yerli ve yabanc\u0131 bir\u00e7ok markan\u0131n ma\u011fazalar\u0131n\u0131 b\u00fcnyesinde bar\u0131nd\u0131ran AVM, e\u011flence ve ya\u015fam alanlar\u0131yla da dikkat \u00e7eker.\u00a0<\/p>\n\n\n\n<figure class=\"wp-block-image size-large is-resized\"><img loading=\"lazy\" decoding=\"async\" width=\"1024\" height=\"349\" src=\"https:\/\/www.mallandmotto.com\/wp-content\/uploads\/2025\/09\/zy5fdgmj.fig_-scaled-1-1024x349.jpg\" alt=\"\" class=\"wp-image-4501\" style=\"width:585px;height:auto\" srcset=\"https:\/\/www.mallandmotto.com\/wp-content\/uploads\/2025\/09\/zy5fdgmj.fig_-scaled-1-1024x349.jpg 1024w, https:\/\/www.mallandmotto.com\/wp-content\/uploads\/2025\/09\/zy5fdgmj.fig_-scaled-1-300x102.jpg 300w, https:\/\/www.mallandmotto.com\/wp-content\/uploads\/2025\/09\/zy5fdgmj.fig_-scaled-1-768x262.jpg 768w, https:\/\/www.mallandmotto.com\/wp-content\/uploads\/2025\/09\/zy5fdgmj.fig_-scaled-1-1536x524.jpg 1536w, https:\/\/www.mallandmotto.com\/wp-content\/uploads\/2025\/09\/zy5fdgmj.fig_-scaled-1-2048x698.jpg 2048w\" sizes=\"(max-width: 1024px) 100vw, 1024px\" \/><\/figure>\n\n\n\n<p><strong>8. Malatya Park Al\u0131\u015fveri\u015f Merkezi (Malatya)<\/strong><br>Malatya&#8217;n\u0131n en b\u00fcy\u00fck al\u0131\u015fveri\u015f merkezi olan Malatya Park, 110.000\u202fm\u00b2&#8217;lik alan\u0131yla b\u00f6lgenin en b\u00fcy\u00fck al\u0131\u015fveri\u015f merkezlerinden biridir. Y\u00fczlerce ma\u011faza, sinema salonlar\u0131 ve e\u011flence alanlar\u0131yla ziyaret\u00e7ilerine geni\u015f bir al\u0131\u015fveri\u015f deneyimi sunar.\u00a0<\/p>\n\n\n\n<p><\/p>\n","protected":false},"excerpt":{"rendered":"<p>\u0130stanbul d\u0131\u015f\u0131nda da al\u0131\u015fveri\u015fin kalbi Anadolu\u2019da at\u0131yor. \u0130\u00e7 Anadolu ve Do\u011fu Anadolu\u2019da y\u00fckselen dev al\u0131\u015fveri\u015f merkezleri, sadece ticaret de\u011fil; ayn\u0131 zamanda e\u011flence, k\u00fclt\u00fcr ve sosyal&hellip;<\/p>\n","protected":false},"author":6,"featured_media":4502,"comment_status":"open","ping_status":"open","sticky":false,"template":"","format":"standard","meta":{"footnotes":""},"categories":[27],"tags":[],"class_list":["post-4496","post","type-post","status-publish","format-standard","has-post-thumbnail","hentry","category-mottoozel"],"_links":{"self":[{"href":"https:\/\/www.mallandmotto.com\/index.php\/wp-json\/wp\/v2\/posts\/4496","targetHints":{"allow":["GET"]}}],"collection":[{"href":"https:\/\/www.mallandmotto.com\/index.php\/wp-json\/wp\/v2\/posts"}],"about":[{"href":"https:\/\/www.mallandmotto.com\/index.php\/wp-json\/wp\/v2\/types\/post"}],"author":[{"embeddable":true,"href":"https:\/\/www.mallandmotto.com\/index.php\/wp-json\/wp\/v2\/users\/6"}],"replies":[{"embeddable":true,"href":"https:\/\/www.mallandmotto.com\/index.php\/wp-json\/wp\/v2\/comments?post=4496"}],"version-history":[{"count":1,"href":"https:\/\/www.mallandmotto.com\/index.php\/wp-json\/wp\/v2\/posts\/4496\/revisions"}],"predecessor-version":[{"id":4503,"href":"https:\/\/www.mallandmotto.com\/index.php\/wp-json\/wp\/v2\/posts\/4496\/revisions\/4503"}],"wp:featuredmedia":[{"embeddable":true,"href":"https:\/\/www.mallandmotto.com\/index.php\/wp-json\/wp\/v2\/media\/4502"}],"wp:attachment":[{"href":"https:\/\/www.mallandmotto.com\/index.php\/wp-json\/wp\/v2\/media?parent=4496"}],"wp:term":[{"taxonomy":"category","embeddable":true,"href":"https:\/\/www.mallandmotto.com\/index.php\/wp-json\/wp\/v2\/categories?post=4496"},{"taxonomy":"post_tag","embeddable":true,"href":"https:\/\/www.mallandmotto.com\/index.php\/wp-json\/wp\/v2\/tags?post=4496"}],"curies":[{"name":"wp","href":"https:\/\/api.w.org\/{rel}","templated":true}]}}