{"id":4504,"date":"2025-09-05T08:19:06","date_gmt":"2025-09-05T08:19:06","guid":{"rendered":"https:\/\/www.mallandmotto.com\/?p=4504"},"modified":"2025-09-05T08:19:07","modified_gmt":"2025-09-05T08:19:07","slug":"turkiyenin-avm-haritasi-en-cok-avmye-sahip-5-sehir","status":"publish","type":"post","link":"https:\/\/www.mallandmotto.com\/index.php\/2025\/09\/05\/turkiyenin-avm-haritasi-en-cok-avmye-sahip-5-sehir\/","title":{"rendered":"T\u00fcrkiye\u2019nin AVM Haritas\u0131: En \u00c7ok AVM\u2019ye Sahip 5 \u015eehir"},"content":{"rendered":"\n<h3 class=\"wp-block-heading\">T\u00fcrkiye\u2019de al\u0131\u015fveri\u015f merkezleri sadece ticaretin de\u011fil, sosyal ya\u015fam\u0131n da merkezi. \u0130stanbul zirvede yer al\u0131rken, Ankara ve \u0130zmir \u00f6ne \u00e7\u0131k\u0131yor, Anadolu\u2019da ise AVM yat\u0131r\u0131mlar\u0131 h\u0131z kesmeden devam ediyor.<\/h3>\n\n\n\n<h3 class=\"wp-block-heading\">\u0130stanbul Zirvede<\/h3>\n\n\n\n<p>T\u00fcrkiye\u2019nin en fazla AVM\u2019sine ev sahipli\u011fi yapan \u015fehir&nbsp;<strong>\u0130stanbul<\/strong>. Mega kentte toplam&nbsp;<strong>133 AVM<\/strong>&nbsp;bulunuyor. \u015eehrin Avrupa ve Anadolu yakas\u0131na yay\u0131lan bu merkezler, hem yerel halk\u0131n hem de turistlerin yo\u011fun ilgisini \u00e7ekiyor. \u0130stanbul\u2019daki AVM\u2019ler, al\u0131\u015fveri\u015fin yan\u0131 s\u0131ra k\u00fclt\u00fcrel etkinlikler, sinemalar, e\u011flence alanlar\u0131 ve gastronomi noktalar\u0131yla sosyal ya\u015fam\u0131n vazge\u00e7ilmez adresleri aras\u0131nda yer al\u0131yor.<\/p>\n\n\n\n<figure class=\"wp-block-image size-full is-resized\"><img fetchpriority=\"high\" decoding=\"async\" width=\"723\" height=\"410\" src=\"https:\/\/www.mallandmotto.com\/wp-content\/uploads\/2025\/09\/istanbul-avm-listesi.jpeg\" alt=\"\" class=\"wp-image-4506\" style=\"width:453px;height:auto\" srcset=\"https:\/\/www.mallandmotto.com\/wp-content\/uploads\/2025\/09\/istanbul-avm-listesi.jpeg 723w, https:\/\/www.mallandmotto.com\/wp-content\/uploads\/2025\/09\/istanbul-avm-listesi-300x170.jpeg 300w\" sizes=\"(max-width: 723px) 100vw, 723px\" \/><\/figure>\n\n\n\n<hr class=\"wp-block-separator has-alpha-channel-opacity\"\/>\n\n\n\n<h3 class=\"wp-block-heading\">Ankara ve \u0130zmir \u00d6ne \u00c7\u0131k\u0131yor<\/h3>\n\n\n\n<p>Ba\u015fkent&nbsp;<strong>Ankara<\/strong>,&nbsp;<strong>43 AVM<\/strong>&nbsp;ile ikinci s\u0131rada bulunuyor. \u0130zmir ise&nbsp;<strong>28 AVM<\/strong>&nbsp;ile \u00fc\u00e7\u00fcnc\u00fc s\u0131rada yer al\u0131yor. Bu \u015fehirlerdeki al\u0131\u015fveri\u015f merkezleri, sadece ticari alanlar de\u011fil; ayn\u0131 zamanda b\u00f6lgesel sosyal ya\u015fam\u0131n da kalbi konumunda. \u00d6zellikle gen\u00e7 n\u00fcfusun yo\u011fun oldu\u011fu b\u00f6lgelerde AVM\u2019ler, e\u011flence ve k\u00fclt\u00fcrel etkinlikler i\u00e7in tercih edilen mekanlar aras\u0131nda yer al\u0131yor.<\/p>\n\n\n\n<figure class=\"wp-block-image size-large is-resized\"><img decoding=\"async\" width=\"1024\" height=\"560\" src=\"https:\/\/www.mallandmotto.com\/wp-content\/uploads\/2025\/09\/mavibahce-kapakakke-1280x700-1-1024x560.webp\" alt=\"\" class=\"wp-image-4507\" style=\"width:502px;height:auto\" srcset=\"https:\/\/www.mallandmotto.com\/wp-content\/uploads\/2025\/09\/mavibahce-kapakakke-1280x700-1-1024x560.webp 1024w, https:\/\/www.mallandmotto.com\/wp-content\/uploads\/2025\/09\/mavibahce-kapakakke-1280x700-1-300x164.webp 300w, https:\/\/www.mallandmotto.com\/wp-content\/uploads\/2025\/09\/mavibahce-kapakakke-1280x700-1-768x420.webp 768w, https:\/\/www.mallandmotto.com\/wp-content\/uploads\/2025\/09\/mavibahce-kapakakke-1280x700-1.webp 1280w\" sizes=\"(max-width: 1024px) 100vw, 1024px\" \/><\/figure>\n\n\n\n<hr class=\"wp-block-separator has-alpha-channel-opacity\"\/>\n\n\n\n<h3 class=\"wp-block-heading\">Anadolu\u2019da Geli\u015fim Devam Ediyor<\/h3>\n\n\n\n<p><strong>Antalya<\/strong>&nbsp;17,&nbsp;<strong>Bursa<\/strong>&nbsp;ise 15 AVM ile dikkat \u00e7eken di\u011fer \u015fehirler aras\u0131nda bulunuyor. Ayr\u0131ca Gaziantep, Konya, Diyarbak\u0131r ve Erzurum gibi Anadolu \u015fehirlerinde a\u00e7\u0131lan yeni al\u0131\u015fveri\u015f merkezleri, b\u00f6lgenin sosyal ve ticari hayat\u0131na \u00f6nemli katk\u0131 sa\u011fl\u0131yor. Bu AVM\u2019ler, yerel halk\u0131n ya\u015fam kalitesini art\u0131r\u0131rken, turizm ve ticaret a\u00e7\u0131s\u0131ndan da b\u00f6lgeleri hareketlendiriyor.<\/p>\n\n\n\n<hr class=\"wp-block-separator has-alpha-channel-opacity\"\/>\n\n\n\n<h3 class=\"wp-block-heading\">AVM\u2019ler Sosyal Ya\u015fam\u0131n Vazge\u00e7ilmezi<\/h3>\n\n\n\n<p>T\u00fcrkiye\u2019deki AVM\u2019ler yaln\u0131zca al\u0131\u015fveri\u015f yapmak i\u00e7in de\u011fil, ayn\u0131 zamanda k\u00fclt\u00fcrel etkinlikler, konserler, sinemalar ve gastronomi alanlar\u0131yla da ziyaret\u00e7ilere hizmet sunuyor. 2025 y\u0131l\u0131nda a\u00e7\u0131lmas\u0131 planlanan yeni projelerle birlikte AVM say\u0131s\u0131n\u0131n daha da artmas\u0131 bekleniyor ve bu merkezler, \u015fehirlerin sosyal ya\u015fam\u0131ndaki rol\u00fcn\u00fc g\u00fc\u00e7lendirmeye devam edecek.<\/p>\n\n\n\n<hr class=\"wp-block-separator has-alpha-channel-opacity\"\/>\n","protected":false},"excerpt":{"rendered":"<p>T\u00fcrkiye\u2019de al\u0131\u015fveri\u015f merkezleri sadece ticaretin de\u011fil, sosyal ya\u015fam\u0131n da merkezi. \u0130stanbul zirvede yer al\u0131rken, Ankara ve \u0130zmir \u00f6ne \u00e7\u0131k\u0131yor, Anadolu\u2019da ise AVM yat\u0131r\u0131mlar\u0131 h\u0131z kesmeden&hellip;<\/p>\n","protected":false},"author":6,"featured_media":4505,"comment_status":"open","ping_status":"open","sticky":false,"template":"","format":"standard","meta":{"footnotes":""},"categories":[27],"tags":[],"class_list":["post-4504","post","type-post","status-publish","format-standard","has-post-thumbnail","hentry","category-mottoozel"],"_links":{"self":[{"href":"https:\/\/www.mallandmotto.com\/index.php\/wp-json\/wp\/v2\/posts\/4504","targetHints":{"allow":["GET"]}}],"collection":[{"href":"https:\/\/www.mallandmotto.com\/index.php\/wp-json\/wp\/v2\/posts"}],"about":[{"href":"https:\/\/www.mallandmotto.com\/index.php\/wp-json\/wp\/v2\/types\/post"}],"author":[{"embeddable":true,"href":"https:\/\/www.mallandmotto.com\/index.php\/wp-json\/wp\/v2\/users\/6"}],"replies":[{"embeddable":true,"href":"https:\/\/www.mallandmotto.com\/index.php\/wp-json\/wp\/v2\/comments?post=4504"}],"version-history":[{"count":1,"href":"https:\/\/www.mallandmotto.com\/index.php\/wp-json\/wp\/v2\/posts\/4504\/revisions"}],"predecessor-version":[{"id":4508,"href":"https:\/\/www.mallandmotto.com\/index.php\/wp-json\/wp\/v2\/posts\/4504\/revisions\/4508"}],"wp:featuredmedia":[{"embeddable":true,"href":"https:\/\/www.mallandmotto.com\/index.php\/wp-json\/wp\/v2\/media\/4505"}],"wp:attachment":[{"href":"https:\/\/www.mallandmotto.com\/index.php\/wp-json\/wp\/v2\/media?parent=4504"}],"wp:term":[{"taxonomy":"category","embeddable":true,"href":"https:\/\/www.mallandmotto.com\/index.php\/wp-json\/wp\/v2\/categories?post=4504"},{"taxonomy":"post_tag","embeddable":true,"href":"https:\/\/www.mallandmotto.com\/index.php\/wp-json\/wp\/v2\/tags?post=4504"}],"curies":[{"name":"wp","href":"https:\/\/api.w.org\/{rel}","templated":true}]}}