{"id":4613,"date":"2025-09-08T06:15:44","date_gmt":"2025-09-08T06:15:44","guid":{"rendered":"https:\/\/www.mallandmotto.com\/?p=4613"},"modified":"2025-09-08T06:15:44","modified_gmt":"2025-09-08T06:15:44","slug":"ferhangi-bir-yasam-promiyer-yapti","status":"publish","type":"post","link":"https:\/\/www.mallandmotto.com\/index.php\/2025\/09\/08\/ferhangi-bir-yasam-promiyer-yapti\/","title":{"rendered":"\u00a0\u201cFerhangi Bir Ya\u015fam\u201d\u00a0Pr\u00f6miyer Yapt\u0131"},"content":{"rendered":"\n<h3 class=\"wp-block-heading\"><strong>ENKA Sanat\u2019\u0131n yap\u0131m sponsorlu\u011funu \u00fcstlendi\u011fi, Porte Film\u2019in yap\u0131mc\u0131l\u0131\u011f\u0131nda hayata ge\u00e7en, T\u00fcrk tiyatrosunda benzersiz bir yere sahip Ferhan \u015eensoy\u2019un sanat hayat\u0131n\u0131 mercek alt\u0131na alan\u00a0<em>\u201cFerhangi Bir Ya\u015fam\u201d \u00a0<\/em>belgeseli d\u00fcn ak\u015fam ENKA A\u00e7\u0131khava Tiyatrosu\u2019nda ger\u00e7ekle\u015ftirilen pr\u00f6miyerle izleyiciyle bulu\u015ftu. Y\u00f6netmenli\u011fini Sel\u00e7uk Metin\u2019in, senaristli\u011fini Zeynep Mira\u00e7\u2019\u0131n, g\u00f6r\u00fcnt\u00fc y\u00f6netmenli\u011fini Emre Okur\u2019un, m\u00fcziklerini Cem \u00d6get\u2019in, seslendirmesini Nihal Yal\u00e7\u0131n\u2019\u0131n yapt\u0131\u011f\u0131 belgeselin ikinci g\u00f6sterimi, 08 Eyl\u00fcl Pazartesi ak\u015fam\u0131 saat 20.45\u2019te ENKA A\u00e7\u0131khava Tiyatrosu\u2019nda ger\u00e7ekle\u015fecek.<\/strong><\/h3>\n\n\n\n<p>Ferhan \u015eensoy\u2019un tiyatro anlay\u0131\u015f\u0131na oldu\u011fu kadar karakterine, d\u00fcnya g\u00f6r\u00fc\u015f\u00fcne ve yazar kimli\u011fine de odaklanan&nbsp;belgesel, 05 Eyl\u00fcl\u2019de ger\u00e7ekle\u015fen ilk g\u00f6sterimle izleyiciyle bulu\u015ftu.<strong>&nbsp;ENKA Sanat Direkt\u00f6r\u00fc G\u00fcl Mimaro\u011flu&nbsp;<\/strong>ve<strong>&nbsp;ENKA Sanat Koordinat\u00f6r\u00fc Murat Oval\u0131&nbsp;<\/strong>g\u00f6sterimden \u00f6nce k\u0131sa bir konu\u015fma yapt\u0131.&nbsp;<strong>G\u00fcl Mimaro\u011flu<\/strong><strong>,&nbsp;<\/strong>Ferhan \u015eensoy\u2019u&nbsp;<em>\u201ce\u015fi benzeri olmayan bir sanat\u00e7\u0131, usta bir anlat\u0131c\u0131, keskin kalemi ile bir direni\u015fin sesi\u201d&nbsp;<\/em>olarak tan\u0131mlarken<em>, \u201cOnun s\u00f6z\u00fc, saz\u0131 ve mizah\u0131 bize her zaman yeni bir bak\u0131\u015f a\u00e7\u0131s\u0131 sundu. Bu belgesel, onun izini s\u00fcren bir sayg\u0131 duru\u015fu\u201d<\/em>&nbsp;dedi.&nbsp;<strong>Murat Oval\u0131&nbsp;<\/strong>ise yapt\u0131\u011f\u0131 konu\u015fmada&nbsp;<em>\u201c<\/em><em>Bu ak\u015fam burada, yaln\u0131zca bir belgeselin pr\u00f6miyerini izlemek i\u00e7in de\u011fil, ayn\u0131 zamanda b\u00fcy\u00fck bir ustaya, Ferhan \u015eensoy\u2019a duydu\u011fumuz sevgiyi ve sayg\u0131y\u0131 payla\u015fmak i\u00e7in bir araday\u0131z.<\/em><em>\u201d<\/em>&nbsp;dedi.&nbsp;<\/p>\n\n\n\n<p>Tarihi Ses Tiyatrosu\u2019nda \u00e7ekimleri ger\u00e7ekle\u015ftirilen belgeselin pr\u00f6miyeri yo\u011fun ilgi g\u00f6r\u00fcrken, geceye, sanat\u00e7\u0131n\u0131n ba\u015fta ailesi olmak \u00fczere okul arkada\u015flar\u0131, Ortaoyuncular, belgesele katk\u0131 sa\u011flayanlar\u0131n da aralar\u0131nda bulundu\u011fu bir\u00e7ok de\u011ferli isim ve tiyatro sever kat\u0131ld\u0131. G\u00f6sterimin ard\u0131ndan s\u00f6z alan y\u00f6netmen Sel\u00e7uk Metin<em>, \u201cFerhan \u015eensoy\u2019la pandemi \u00f6ncesinde konu\u015fmu\u015f, belgesel yapma niyetimizi iletmi\u015ftim. O da \u00e7ok sevinmi\u015fti. Ke\u015fke hayattayken yapabilseydik ama bug\u00fcne k\u0131smet oldu. Bunun i\u00e7in ENKA Sanat\u2019a \u00e7ok te\u015fekk\u00fcr ediyorum.\u201d<\/em>&nbsp;dedi. Aile ad\u0131na s\u00f6z alan k\u0131z\u0131 Derya \u015eensoy,&nbsp;<em>\u201cBug\u00fcn sizlerle burada belgeseli izleyince \u015funu fark ettim: Biz babam\u0131 ya\u015fatmak i\u00e7in b\u00fcy\u00fck bir \u00e7aba harc\u0131yoruz; sizin varl\u0131\u011f\u0131n\u0131z ve sizlerle bu belgeseli izlemek tam anlam\u0131yla bu demek. O nedenle \u00f6ncelikle sizlere te\u015fekk\u00fcr ediyorum. Sizlerin sevgisi ve ilgisi babam\u0131 daima ya\u015fatacak. ENKA Sanat\u2019a, Porte Film\u2019e ve Sel\u00e7uk Metin\u2019e gece g\u00fcnd\u00fcz \u00e7al\u0131\u015farak bu belgeseli haz\u0131rlad\u0131\u011f\u0131 i\u00e7in te\u015fekk\u00fcr ediyorum. Babam\u0131n dedi\u011fi gibi, \u2018Ortaoyuncular var olacak.\u2019 Ama bu gece sizlerin huzurunda anlad\u0131m ki Ferhan \u015eensoy da her zaman var olacak.\u201d<\/em>&nbsp;dedi.<\/p>\n\n\n\n<p><strong><em>\u201cFerhangi Bir Ya\u015fam\u201d<\/em><\/strong>\u0131n<em>&nbsp;<\/em>ikinci g\u00f6sterimi,<strong>&nbsp;08 Eyl\u00fcl Pazartesi&nbsp;<\/strong>ak\u015fam\u0131 saat<strong>&nbsp;20.45\u2019te ENKA A\u00e7\u0131khava Tiyatrosu<\/strong>\u2019nda ger\u00e7ekle\u015fecek.<\/p>\n","protected":false},"excerpt":{"rendered":"<p>ENKA Sanat\u2019\u0131n yap\u0131m sponsorlu\u011funu \u00fcstlendi\u011fi, Porte Film\u2019in yap\u0131mc\u0131l\u0131\u011f\u0131nda hayata ge\u00e7en, T\u00fcrk tiyatrosunda benzersiz bir yere sahip Ferhan \u015eensoy\u2019un sanat hayat\u0131n\u0131 mercek alt\u0131na alan\u00a0\u201cFerhangi Bir Ya\u015fam\u201d&hellip;<\/p>\n","protected":false},"author":6,"featured_media":4614,"comment_status":"open","ping_status":"open","sticky":false,"template":"","format":"standard","meta":{"footnotes":""},"categories":[22],"tags":[],"class_list":["post-4613","post","type-post","status-publish","format-standard","has-post-thumbnail","hentry","category-kultursanat"],"_links":{"self":[{"href":"https:\/\/www.mallandmotto.com\/index.php\/wp-json\/wp\/v2\/posts\/4613","targetHints":{"allow":["GET"]}}],"collection":[{"href":"https:\/\/www.mallandmotto.com\/index.php\/wp-json\/wp\/v2\/posts"}],"about":[{"href":"https:\/\/www.mallandmotto.com\/index.php\/wp-json\/wp\/v2\/types\/post"}],"author":[{"embeddable":true,"href":"https:\/\/www.mallandmotto.com\/index.php\/wp-json\/wp\/v2\/users\/6"}],"replies":[{"embeddable":true,"href":"https:\/\/www.mallandmotto.com\/index.php\/wp-json\/wp\/v2\/comments?post=4613"}],"version-history":[{"count":1,"href":"https:\/\/www.mallandmotto.com\/index.php\/wp-json\/wp\/v2\/posts\/4613\/revisions"}],"predecessor-version":[{"id":4615,"href":"https:\/\/www.mallandmotto.com\/index.php\/wp-json\/wp\/v2\/posts\/4613\/revisions\/4615"}],"wp:featuredmedia":[{"embeddable":true,"href":"https:\/\/www.mallandmotto.com\/index.php\/wp-json\/wp\/v2\/media\/4614"}],"wp:attachment":[{"href":"https:\/\/www.mallandmotto.com\/index.php\/wp-json\/wp\/v2\/media?parent=4613"}],"wp:term":[{"taxonomy":"category","embeddable":true,"href":"https:\/\/www.mallandmotto.com\/index.php\/wp-json\/wp\/v2\/categories?post=4613"},{"taxonomy":"post_tag","embeddable":true,"href":"https:\/\/www.mallandmotto.com\/index.php\/wp-json\/wp\/v2\/tags?post=4613"}],"curies":[{"name":"wp","href":"https:\/\/api.w.org\/{rel}","templated":true}]}}