{"id":4658,"date":"2025-09-08T09:10:58","date_gmt":"2025-09-08T09:10:58","guid":{"rendered":"https:\/\/www.mallandmotto.com\/?p=4658"},"modified":"2025-09-08T09:10:59","modified_gmt":"2025-09-08T09:10:59","slug":"aydin-dogan-uluslararasi-karikatur-sergisi-bursada","status":"publish","type":"post","link":"https:\/\/www.mallandmotto.com\/index.php\/2025\/09\/08\/aydin-dogan-uluslararasi-karikatur-sergisi-bursada\/","title":{"rendered":"Ayd\u0131n Do\u011fan Uluslararas\u0131 Karikat\u00fcr Sergisi Bursa\u2019da"},"content":{"rendered":"\n<h3 class=\"wp-block-heading\"><strong>40 y\u0131ld\u0131r d\u00fcnyan\u0131n ve \u00fclkemizin \u00f6nemli konular\u0131n\u0131 g\u00fcndeme ta\u015f\u0131yan Ayd\u0131n Do\u011fan Uluslararas\u0131 Karikat\u00fcr Yar\u0131\u015fmas\u0131 kapsam\u0131nda, son d\u00f6nemde ya\u015fanan orman yang\u0131nlar\u0131na dikkat \u00e7ekmek amac\u0131yla do\u011fan\u0131n de\u011ferini ve \u00f6nemini vurgulayan eserlerden olu\u015fan \u201cK\u00fcllerinden Do\u011fan Umut\u201d Sergisi Bursa Nil\u00fcfer Belediyesi deste\u011fiyle sanatseverlerle bulu\u015fuyor. 6 Eyl\u00fcl 2025 tarihinde Nil\u00fcfer Belediyesi N\u00e2z\u0131m Hikmet K\u00fclt\u00fcrevi\u2019nde yer alacak \u201cK\u00fcllerinden Do\u011fan Umut\u201d Sergisi, 28 Eyl\u00fcl 2025 tarihine kadar ziyarete a\u00e7\u0131k olacak.<\/strong><\/h3>\n\n\n\n<p>Karikat\u00fcr d\u00fcnyas\u0131nda \u00f6nemli bir yere sahip olan Ayd\u0131n Do\u011fan Uluslararas\u0131 Karikat\u00fcr Yar\u0131\u015fmas\u0131\u2019n\u0131n eserlerinden olu\u015fan \u00f6zel sergiler, sanatseverlerle bulu\u015fmaya devam ediyor. Yar\u0131\u015fman\u0131n 40 y\u0131ll\u0131k birikimini yans\u0131tan eserlerden olu\u015fan \u201cK\u00fcllerinden Do\u011fan Umut\u201d sergisi, 6-28 Eyl\u00fcl 2025 tarihleri aras\u0131nda Bursa Naz\u0131m Hikmet K\u00fclt\u00fcr Evi Yer Alt\u0131 Galerisi\u2019nde ziyarete a\u00e7\u0131k olacak.<\/p>\n\n\n\n<p>Son d\u00f6nemde ya\u015fanan orman yang\u0131nlar\u0131na dikkat \u00e7ekmeyi ama\u00e7layan sergi, yar\u0131\u015fman\u0131n 40 y\u0131ll\u0131k birikiminden se\u00e7ilen eserlerle do\u011fan\u0131n ya\u015famsal de\u011ferine ve kendini yenileme g\u00fcc\u00fcne i\u015faret ediyor. D\u00fcnyan\u0131n farkl\u0131 co\u011frafyalar\u0131ndan sanat\u00e7\u0131lar\u0131n eserleriyle \u015fekillenen \u201cK\u00fcllerinden Do\u011fan Umut\u201d se\u00e7kisi, sanat\u0131n evrensel diliyle hem d\u00fc\u015f\u00fcnd\u00fcr\u00fcc\u00fc hem de umut a\u015f\u0131layan bir yolculuk sunuyor.&nbsp;<\/p>\n\n\n\n<p>\u201cK\u00fcllerinden Do\u011fan Umut\u201d sergisi, Bursa\u2019da sanatseverleri karikat\u00fcr sanat\u0131n\u0131n evrensel diliyle do\u011faya ve umuda dair bir ke\u015fif yolculu\u011funa davet ediyor.<\/p>\n\n\n\n<p>Ayd\u0131n Do\u011fan Vakf\u0131, ger\u00e7ekle\u015ftirdi\u011fi sergi ile 1990 y\u0131l\u0131ndan bu yana 5 milyona yak\u0131n fidan\u0131 toprakla bulu\u015fturan \u00c7EK\u00dcL Vakf\u0131 (\u00c7evre ve K\u00fclt\u00fcr De\u011ferlerini Koruma ve Tan\u0131tma Vakf\u0131) i\u015f birli\u011fiyle, \u201c7 A\u011fa\u00e7\u201d projesi kapsam\u0131nda 1.166 adet fidan\u0131 toprakla bulu\u015fturuyor. \u00c7EK\u00dcL Vakf\u0131\u2019n\u0131n \u201c7 A\u011fa\u00e7 Ormanlar\u0131\u201d program\u0131 ise her bireyin, her y\u0131l t\u00fcketti\u011fi kadar a\u011fac\u0131 do\u011faya geri kazand\u0131rmas\u0131na olanak sa\u011fl\u0131yor. Ayd\u0131n Do\u011fan Vakf\u0131 da bu anlaml\u0131 projeye katk\u0131 sunarak, gelecek nesillere daha ye\u015fil bir d\u00fcnya b\u0131rakma yolunda \u00f6rnek bir ad\u0131m at\u0131yor.<\/p>\n\n\n\n<p>Ayd\u0131n Do\u011fan Vakf\u0131, y\u0131l boyunca farkl\u0131 \u015fehirlerde ve mekanlarda d\u00fczenleyece\u011fi sergilerle, yar\u0131\u015fman\u0131n zengin miras\u0131n\u0131 ve koleksiyonunu geni\u015f bir izleyici kitlesiyle bulu\u015fturmay\u0131 s\u00fcrd\u00fcrecek. Ayr\u0131ca yar\u0131\u015fman\u0131n zengin ar\u015fivine&nbsp;<a href=\"https:\/\/sanalmuze.aydindoganvakfi.org.tr\/\">https:\/\/sanalmuze.aydindoganvakfi.org.tr\/<\/a>&nbsp;adresinden ula\u015fabilirsiniz.<\/p>\n\n\n\n<p>Ayd\u0131n Do\u011fan Uluslararas\u0131 Karikat\u00fcr Yar\u0131\u015fmas\u0131, 40 y\u0131ll\u0131k k\u00f6kl\u00fc ge\u00e7mi\u015fiyle yaln\u0131zca bir yar\u0131\u015fma de\u011fil, ayn\u0131 zamanda evrensel bir sanat \u015f\u00f6leni olarak dikkat \u00e7ekiyor. Bug\u00fcne kadar 137 \u00fclkeden 9.300 sanat\u00e7\u0131n\u0131n 90.000\u2019den fazla eseriyle kat\u0131ld\u0131\u011f\u0131 bu prestijli platform, karikat\u00fcr sanat\u0131n\u0131n g\u00fcc\u00fcn\u00fc kullanarak toplumsal olaylar\u0131 ve de\u011fi\u015fimleri yans\u0131tan bir zaman kaps\u00fcl\u00fc i\u015flevi g\u00f6r\u00fcyor.&nbsp;<\/p>\n","protected":false},"excerpt":{"rendered":"<p>40 y\u0131ld\u0131r d\u00fcnyan\u0131n ve \u00fclkemizin \u00f6nemli konular\u0131n\u0131 g\u00fcndeme ta\u015f\u0131yan Ayd\u0131n Do\u011fan Uluslararas\u0131 Karikat\u00fcr Yar\u0131\u015fmas\u0131 kapsam\u0131nda, son d\u00f6nemde ya\u015fanan orman yang\u0131nlar\u0131na dikkat \u00e7ekmek amac\u0131yla do\u011fan\u0131n de\u011ferini&hellip;<\/p>\n","protected":false},"author":6,"featured_media":4659,"comment_status":"open","ping_status":"open","sticky":false,"template":"","format":"standard","meta":{"footnotes":""},"categories":[22],"tags":[],"class_list":["post-4658","post","type-post","status-publish","format-standard","has-post-thumbnail","hentry","category-kultursanat"],"_links":{"self":[{"href":"https:\/\/www.mallandmotto.com\/index.php\/wp-json\/wp\/v2\/posts\/4658","targetHints":{"allow":["GET"]}}],"collection":[{"href":"https:\/\/www.mallandmotto.com\/index.php\/wp-json\/wp\/v2\/posts"}],"about":[{"href":"https:\/\/www.mallandmotto.com\/index.php\/wp-json\/wp\/v2\/types\/post"}],"author":[{"embeddable":true,"href":"https:\/\/www.mallandmotto.com\/index.php\/wp-json\/wp\/v2\/users\/6"}],"replies":[{"embeddable":true,"href":"https:\/\/www.mallandmotto.com\/index.php\/wp-json\/wp\/v2\/comments?post=4658"}],"version-history":[{"count":1,"href":"https:\/\/www.mallandmotto.com\/index.php\/wp-json\/wp\/v2\/posts\/4658\/revisions"}],"predecessor-version":[{"id":4660,"href":"https:\/\/www.mallandmotto.com\/index.php\/wp-json\/wp\/v2\/posts\/4658\/revisions\/4660"}],"wp:featuredmedia":[{"embeddable":true,"href":"https:\/\/www.mallandmotto.com\/index.php\/wp-json\/wp\/v2\/media\/4659"}],"wp:attachment":[{"href":"https:\/\/www.mallandmotto.com\/index.php\/wp-json\/wp\/v2\/media?parent=4658"}],"wp:term":[{"taxonomy":"category","embeddable":true,"href":"https:\/\/www.mallandmotto.com\/index.php\/wp-json\/wp\/v2\/categories?post=4658"},{"taxonomy":"post_tag","embeddable":true,"href":"https:\/\/www.mallandmotto.com\/index.php\/wp-json\/wp\/v2\/tags?post=4658"}],"curies":[{"name":"wp","href":"https:\/\/api.w.org\/{rel}","templated":true}]}}