{"id":4787,"date":"2025-09-10T07:34:41","date_gmt":"2025-09-10T07:34:41","guid":{"rendered":"https:\/\/www.mallandmotto.com\/?p=4787"},"modified":"2025-09-10T07:34:42","modified_gmt":"2025-09-10T07:34:42","slug":"sisecamdan-90-yilinda-cagdas-cam-sanatina-destek","status":"publish","type":"post","link":"https:\/\/www.mallandmotto.com\/index.php\/2025\/09\/10\/sisecamdan-90-yilinda-cagdas-cam-sanatina-destek\/","title":{"rendered":"\u015ei\u015fecam\u2019dan 90. Y\u0131l\u0131nda \u00c7a\u011fda\u015f Cam Sanat\u0131na Destek"},"content":{"rendered":"\n<h3 class=\"wp-block-heading\"><strong>Cam ve kimyasallar sekt\u00f6r\u00fcn\u00fcn global oyuncusu \u015ei\u015fecam, 90. kurulu\u015f y\u0131l\u0131nda cam\u0131n k\u00fclt\u00fcrel ve sanatsal de\u011ferine katk\u0131 sunan projelere destek vermeyi s\u00fcrd\u00fcr\u00fcyor. Bu kapsamda \u015ei\u015fecam, \u00e7a\u011fda\u015f sanat\u0131n \u00f6nemli temsilcilerinden \u0130sve\u00e7li sanat\u00e7\u0131 \u00c5sa Jungnelius\u2019un T\u00fcrkiye\u2019deki ilk ki\u015fisel sergisinde yer alan cam eserlerin \u00fcretim s\u00fcrecine, deneyimli cam ustalar\u0131n\u0131n katk\u0131lar\u0131yla destek verdi. \u201cToprak, Ate\u015f, Su ve Havayla Yaz\u0131lm\u0131\u015f Bir Dize\u201d ba\u015fl\u0131kl\u0131 sergi 16 Eyl\u00fcl 2025 \u2013 18 Ocak 2026 tarihleri aras\u0131nda Pera M\u00fczesi\u2019nde sanatseverlerle bulu\u015facak.<\/strong><\/h3>\n\n\n\n<p>\u015ei\u015fecam, 90\u2019\u0131nc\u0131 y\u0131l\u0131nda \u00e7a\u011fda\u015f sanat\u0131n \u00f6nemli temsilcilerinden \u00c5sa Jungnelius\u2019un Pera M\u00fczesi\u2019nde a\u00e7\u0131lacak sergisine, cam eserlerin \u00fcretiminde sa\u011flad\u0131\u011f\u0131 i\u015f birli\u011fiyle katk\u0131 sa\u011flad\u0131. Pera M\u00fczesi\u2019nde 16 Eyl\u00fcl 2025 \u2013 18 Ocak 2026 tarihleri aras\u0131nda sanatseverlerle bulu\u015facak olan \u201cToprak, Ate\u015f, Su ve Havayla Yaz\u0131lm\u0131\u015f Bir Dize\u201d ba\u015fl\u0131kl\u0131 sergi, \u015ei\u015fecam\u2019\u0131n cam ustalar\u0131n\u0131n katk\u0131lar\u0131yla \u00fcretilen cam eserleri i\u00e7eriyor.<\/p>\n\n\n\n<p>\u015ei\u015fecam\u2019\u0131n deneyimli cam ustalar\u0131yla y\u00fcr\u00fct\u00fclen ortak \u00fcretim s\u00fcrecinde, geleneksel kal\u0131plar bir kenara b\u0131rak\u0131larak sanat\u00e7\u0131n\u0131n y\u00f6nlendirmesiyle s\u0131cak cam \u00f6zg\u00fcrce \u015fekillendirildi. Bu kolektif \u00fcretim s\u00fcrecinde serbest \u00fcfleme tekni\u011fiyle do\u011fa\u00e7lama formlar yaratan ustalar, cam\u0131n sadece end\u00fcstriyel bir malzeme de\u011fil, ayn\u0131 zamanda sanat\u0131n g\u00fc\u00e7l\u00fc bir anlat\u0131 arac\u0131 oldu\u011funu bir kez daha ortaya koydu.<\/p>\n\n\n\n<p>Ortaya \u00e7\u0131kan eserler hem tan\u0131d\u0131k hem de yabanc\u0131 g\u00f6r\u00fcn\u00fcmleriyle nefes, emek ve malzemenin d\u00f6n\u00fc\u015f\u00fcm\u00fcn\u00fc yans\u0131tan heykellere d\u00f6n\u00fc\u015ft\u00fc. Cam\u0131n k\u0131r\u0131lganl\u0131\u011f\u0131 ve dayan\u0131kl\u0131l\u0131\u011f\u0131 aras\u0131nda kurulan bu denge, insanla kurdu\u011fu ili\u015fkiye yeni bir yorum getiriyor. \u015ei\u015fecam, ustadan \u00e7\u0131ra\u011fa aktar\u0131lan cam zanaat\u0131n\u0131 ya\u015fat\u0131rken, bu miras\u0131 \u00e7a\u011fda\u015f sanatla bulu\u015fturarak k\u00fclt\u00fcr ve sanat d\u00fcnyas\u0131na kal\u0131c\u0131 de\u011ferler kazand\u0131rmaya devam ediyor.<\/p>\n","protected":false},"excerpt":{"rendered":"<p>Cam ve kimyasallar sekt\u00f6r\u00fcn\u00fcn global oyuncusu \u015ei\u015fecam, 90. kurulu\u015f y\u0131l\u0131nda cam\u0131n k\u00fclt\u00fcrel ve sanatsal de\u011ferine katk\u0131 sunan projelere destek vermeyi s\u00fcrd\u00fcr\u00fcyor. Bu kapsamda \u015ei\u015fecam, \u00e7a\u011fda\u015f&hellip;<\/p>\n","protected":false},"author":6,"featured_media":4788,"comment_status":"open","ping_status":"open","sticky":false,"template":"","format":"standard","meta":{"footnotes":""},"categories":[22],"tags":[],"class_list":["post-4787","post","type-post","status-publish","format-standard","has-post-thumbnail","hentry","category-kultursanat"],"_links":{"self":[{"href":"https:\/\/www.mallandmotto.com\/index.php\/wp-json\/wp\/v2\/posts\/4787","targetHints":{"allow":["GET"]}}],"collection":[{"href":"https:\/\/www.mallandmotto.com\/index.php\/wp-json\/wp\/v2\/posts"}],"about":[{"href":"https:\/\/www.mallandmotto.com\/index.php\/wp-json\/wp\/v2\/types\/post"}],"author":[{"embeddable":true,"href":"https:\/\/www.mallandmotto.com\/index.php\/wp-json\/wp\/v2\/users\/6"}],"replies":[{"embeddable":true,"href":"https:\/\/www.mallandmotto.com\/index.php\/wp-json\/wp\/v2\/comments?post=4787"}],"version-history":[{"count":1,"href":"https:\/\/www.mallandmotto.com\/index.php\/wp-json\/wp\/v2\/posts\/4787\/revisions"}],"predecessor-version":[{"id":4789,"href":"https:\/\/www.mallandmotto.com\/index.php\/wp-json\/wp\/v2\/posts\/4787\/revisions\/4789"}],"wp:featuredmedia":[{"embeddable":true,"href":"https:\/\/www.mallandmotto.com\/index.php\/wp-json\/wp\/v2\/media\/4788"}],"wp:attachment":[{"href":"https:\/\/www.mallandmotto.com\/index.php\/wp-json\/wp\/v2\/media?parent=4787"}],"wp:term":[{"taxonomy":"category","embeddable":true,"href":"https:\/\/www.mallandmotto.com\/index.php\/wp-json\/wp\/v2\/categories?post=4787"},{"taxonomy":"post_tag","embeddable":true,"href":"https:\/\/www.mallandmotto.com\/index.php\/wp-json\/wp\/v2\/tags?post=4787"}],"curies":[{"name":"wp","href":"https:\/\/api.w.org\/{rel}","templated":true}]}}