{"id":5035,"date":"2025-09-15T06:19:39","date_gmt":"2025-09-15T06:19:39","guid":{"rendered":"https:\/\/www.mallandmotto.com\/?p=5035"},"modified":"2025-09-15T06:19:39","modified_gmt":"2025-09-15T06:19:39","slug":"koc-holding-kurumsal-iletisim-direktoru-burcun-imir-oldu","status":"publish","type":"post","link":"https:\/\/www.mallandmotto.com\/index.php\/2025\/09\/15\/koc-holding-kurumsal-iletisim-direktoru-burcun-imir-oldu\/","title":{"rendered":"Ko\u00e7 Holding Kurumsal \u0130leti\u015fim Direkt\u00f6r\u00fc Bur\u00e7un \u0130mir Oldu"},"content":{"rendered":"\n<h3 class=\"wp-block-heading\"><strong>Ko\u00e7 Holding Kurumsal \u0130leti\u015fim Direkt\u00f6r\u00fc pozisyonuna 15 Eyl\u00fcl 2025 tarihinden itibaren ge\u00e7erli olmak \u00fczere Bur\u00e7un \u0130mir atand\u0131.\u00a0<\/strong><\/h3>\n\n\n\n<p>Ko\u00e7 Holding Kurumsal \u0130leti\u015fim Direkt\u00f6r\u00fc pozisyonuna, 15 Eyl\u00fcl 2025 tarihinden itibaren ge\u00e7erli olmak \u00fczere Bur\u00e7un \u0130mir\u2019in atand\u0131\u011f\u0131 duyuruldu.&nbsp;\u0130mir, kurumun ileti\u015fim stratejilerinin geli\u015ftirilmesinin yan\u0131 s\u0131ra itibar, marka ve medya ili\u015fkileri y\u00f6netimi, etkinlikler, s\u00fcrd\u00fcr\u00fclebilirlik ve ESG politikalar\u0131n\u0131n olu\u015fturulmas\u0131na y\u00f6nelik faaliyetlere liderlik edecek.<\/p>\n\n\n\n<p>Ko\u00e7 Holding CEO\u2019su Levent \u00c7ak\u0131ro\u011flu, atamay\u0131 de\u011ferlendirerek, \u201c\u0130leti\u015fimin farkl\u0131 alanlar\u0131nda \u00fcstlendi\u011fi ba\u015far\u0131l\u0131 g\u00f6revlerin ard\u0131ndan Toplulu\u011fumuza Ko\u00e7 Holding Kurumsal \u0130leti\u015fim Direkt\u00f6r\u00fc olarak kat\u0131lan Say\u0131n Bur\u00e7un \u0130mir\u2019e yeni g\u00f6revinde ba\u015far\u0131lar dilerim\u201d dedi.&nbsp;<\/p>\n\n\n\n<p>1976 Ankara do\u011fumlu Bur\u00e7un \u0130mir, 1998\u2019de Bilkent \u00dcniversitesi Uluslararas\u0131 \u0130li\u015fkiler B\u00f6l\u00fcm\u00fc\u2019nden mezun oldu. Kariyerine 1995 y\u0131l\u0131nda Turkish Daily News\u2019te muhabir olarak ba\u015flayan \u0130mir; 2008 y\u0131l\u0131na kadar Alman Haber Ajans\u0131 (DPA), CNN International, CNNT\u00dcRK, Do\u011fan Haber Ajans\u0131 (DHA), BBC T\u00fcrk\u00e7e Servisi, Voice of America, Deutsche Welle, TV24 ve Habert\u00fcrk TV\u2019de muhabirlik, Orta Do\u011fu Temsilcili\u011fi, Genel M\u00fcd\u00fcr Yard\u0131mc\u0131l\u0131\u011f\u0131 ve Genel Yay\u0131n Y\u00f6netmeni Yard\u0131mc\u0131l\u0131\u011f\u0131 g\u00f6revlerinde bulundu.<\/p>\n\n\n\n<p>2008-2019 y\u0131llar\u0131 aras\u0131nda Turkcell\u2019de Kurumsal \u0130leti\u015fim M\u00fcd\u00fcr\u00fc, Aras Kargo\u2019da \u0130leti\u015fim ve Pazarlamadan Sorumlu Genel M\u00fcd\u00fcr Yard\u0131mc\u0131s\u0131, Allianz T\u00fcrkiye\u2019de Kurumsal \u0130leti\u015fim ve S\u00fcrd\u00fcr\u00fclebilirlik Ofisi Direkt\u00f6r\u00fc olarak g\u00f6rev yapan \u0130mir, 2019-2021 y\u0131llar\u0131nda kendi kurdu\u011fu dan\u0131\u015fmanl\u0131k \u015firketiyle s\u00fcrd\u00fcr\u00fclebilirlik, ileti\u015fim, marka, itibar ve y\u00f6netim dan\u0131\u015fmanl\u0131\u011f\u0131 hizmetleri verdi. Ayn\u0131 d\u00f6nemde DasDas\u2019\u0131n Genel Koordinat\u00f6rl\u00fc\u011f\u00fc g\u00f6revini de y\u00fcr\u00fctt\u00fc.&nbsp;2021 y\u0131l\u0131nda Coca-Cola \u0130\u00e7ecek\u2019te (CCI) \u00e7al\u0131\u015fmaya ba\u015flayan Bur\u00e7un \u0130mir, son olarak Kurumsal \u0130li\u015fkiler ve S\u00fcrd\u00fcr\u00fclebilirlik \u0130cra Kurulu \u00dcyesi g\u00f6revini y\u00fcr\u00fct\u00fcyordu.&nbsp;<\/p>\n","protected":false},"excerpt":{"rendered":"<p>Ko\u00e7 Holding Kurumsal \u0130leti\u015fim Direkt\u00f6r\u00fc pozisyonuna 15 Eyl\u00fcl 2025 tarihinden itibaren ge\u00e7erli olmak \u00fczere Bur\u00e7un \u0130mir atand\u0131.\u00a0 Ko\u00e7 Holding Kurumsal \u0130leti\u015fim Direkt\u00f6r\u00fc pozisyonuna, 15 Eyl\u00fcl&hellip;<\/p>\n","protected":false},"author":6,"featured_media":5036,"comment_status":"open","ping_status":"open","sticky":false,"template":"","format":"standard","meta":{"footnotes":""},"categories":[18],"tags":[],"class_list":["post-5035","post","type-post","status-publish","format-standard","has-post-thumbnail","hentry","category-atamalar"],"_links":{"self":[{"href":"https:\/\/www.mallandmotto.com\/index.php\/wp-json\/wp\/v2\/posts\/5035","targetHints":{"allow":["GET"]}}],"collection":[{"href":"https:\/\/www.mallandmotto.com\/index.php\/wp-json\/wp\/v2\/posts"}],"about":[{"href":"https:\/\/www.mallandmotto.com\/index.php\/wp-json\/wp\/v2\/types\/post"}],"author":[{"embeddable":true,"href":"https:\/\/www.mallandmotto.com\/index.php\/wp-json\/wp\/v2\/users\/6"}],"replies":[{"embeddable":true,"href":"https:\/\/www.mallandmotto.com\/index.php\/wp-json\/wp\/v2\/comments?post=5035"}],"version-history":[{"count":1,"href":"https:\/\/www.mallandmotto.com\/index.php\/wp-json\/wp\/v2\/posts\/5035\/revisions"}],"predecessor-version":[{"id":5037,"href":"https:\/\/www.mallandmotto.com\/index.php\/wp-json\/wp\/v2\/posts\/5035\/revisions\/5037"}],"wp:featuredmedia":[{"embeddable":true,"href":"https:\/\/www.mallandmotto.com\/index.php\/wp-json\/wp\/v2\/media\/5036"}],"wp:attachment":[{"href":"https:\/\/www.mallandmotto.com\/index.php\/wp-json\/wp\/v2\/media?parent=5035"}],"wp:term":[{"taxonomy":"category","embeddable":true,"href":"https:\/\/www.mallandmotto.com\/index.php\/wp-json\/wp\/v2\/categories?post=5035"},{"taxonomy":"post_tag","embeddable":true,"href":"https:\/\/www.mallandmotto.com\/index.php\/wp-json\/wp\/v2\/tags?post=5035"}],"curies":[{"name":"wp","href":"https:\/\/api.w.org\/{rel}","templated":true}]}}