{"id":5042,"date":"2025-09-15T06:25:05","date_gmt":"2025-09-15T06:25:05","guid":{"rendered":"https:\/\/www.mallandmotto.com\/?p=5042"},"modified":"2025-09-15T06:25:06","modified_gmt":"2025-09-15T06:25:06","slug":"allianz-turkiyede-biri-uluslararasi-3-ust-duzey-atama","status":"publish","type":"post","link":"https:\/\/www.mallandmotto.com\/index.php\/2025\/09\/15\/allianz-turkiyede-biri-uluslararasi-3-ust-duzey-atama\/","title":{"rendered":"Allianz T\u00fcrkiye\u2019de Biri Uluslararas\u0131\u00a03 \u00dcst D\u00fczey Atama"},"content":{"rendered":"\n<h3 class=\"wp-block-heading\"><strong>Allianz T\u00fcrkiye\u2019de biri uluslararas\u0131 olmak \u00fczere \u00fc\u00e7 \u00fcst d\u00fczey atama yap\u0131ld\u0131. Allianz T\u00fcrkiye Sa\u011fl\u0131k Sigortalar\u0131 Genel M\u00fcd\u00fcr Yard\u0131mc\u0131s\u0131 ve \u0130cra Kurulu \u00dcyesi Okan \u00d6zdemir, Allianz Grubu\u2019nun global \u015firketlerinden Allianz Partners\u2019ta Uluslararas\u0131 Sa\u011fl\u0131k Sigortalar\u0131ndan Sorumlu \u0130cra Kurulu \u00dcyesi g\u00f6revine getirildi. \u015eirkette ayr\u0131ca Elementer Bireysel Sigortalar Genel M\u00fcd\u00fcr Yard\u0131mc\u0131l\u0131\u011f\u0131 ve \u0130cra Kurulu \u00dcyeli\u011fi g\u00f6revine Batu \u00d6nc\u00fcl atan\u0131rken, ocak ay\u0131ndan bu yana her iki fonksiyonun liderli\u011fini \u00fcstlenen Emrah G\u00f6kmen, Sa\u011fl\u0131k Sigortalar\u0131 Genel M\u00fcd\u00fcr Yard\u0131mc\u0131s\u0131 ve \u0130cra Kurulu \u00dcyesi oldu.<\/strong><\/h3>\n\n\n\n<p>T\u00fcrkiye sigorta sekt\u00f6r\u00fcn\u00fcn g\u00fc\u00e7l\u00fc oyuncular\u0131ndan Allianz T\u00fcrkiye\u2019de \u00fc\u00e7 \u00fcst d\u00fczey atama ger\u00e7ekle\u015fti. \u015eirkette Sa\u011fl\u0131k Sigortalar\u0131 Genel M\u00fcd\u00fcr Yard\u0131mc\u0131s\u0131 ve \u0130cra Kurulu \u00dcyesi olarak g\u00f6rev yapan Okan \u00d6zdemir, Allianz Grubu\u2019nun uluslararas\u0131 \u015firketlerinden Allianz Partners\u2019ta Sa\u011fl\u0131k Sigortalar\u0131ndan Sorumlu \u0130cra Kurulu \u00dcyesi oldu. 1 Eyl\u00fcl 2025 itibar\u0131yla yeni g\u00f6revine ba\u015flayan \u00d6zdemir, Allianz Partners CEO\u2019su Tomas Kunzmann\u2019a do\u011frudan ba\u011fl\u0131 \u00e7al\u0131\u015facak.<\/p>\n\n\n\n<p><strong>Allianz Partners\u2019\u0131n k\u00fcresel sa\u011fl\u0131k stratejisine liderlik edecek<\/strong><\/p>\n\n\n\n<p>Okan \u00d6zdemir, Allianz T\u00fcrkiye\u2019deki 24 y\u0131ll\u0131k kariyerinde sa\u011fl\u0131k alan\u0131nda \u00f6nemli ba\u015far\u0131lara imza att\u0131. Geni\u015f ekosistemi ve yenilik\u00e7i \u00e7\u00f6z\u00fcmleriyle yakla\u015f\u0131k 2,5 milyon sa\u011fl\u0131k m\u00fc\u015fterisine hizmet veren Allianz T\u00fcrkiye\u2019nin sekt\u00f6rdeki \u00f6nc\u00fc konumuna \u00f6nemli katk\u0131lar sa\u011flayan \u00d6zdemir, yeni rol\u00fcnde Allianz\u2019\u0131n global \u00e7apta m\u00fc\u015fterilerinin \u201cya\u015fam boyu sa\u011fl\u0131k orta\u011f\u0131\u201d olma ve pazar liderli\u011fini g\u00fc\u00e7lendirme hedeflerini y\u00f6netecek. \u00d6zdemir, 2001 y\u0131l\u0131nda Allianz T\u00fcrkiye ailesine kat\u0131ld\u0131.<\/p>\n\n\n\n<p><strong>Y\u00f6netim kadrosunda iki yeni atama<\/strong><\/p>\n\n\n\n<p>Allianz T\u00fcrkiye y\u00f6netim ekibini iki yeni atama ile g\u00fc\u00e7lendirdi. \u015eirkette Sa\u011fl\u0131k Sigortalar\u0131 Genel M\u00fcd\u00fcr Yard\u0131mc\u0131s\u0131 ve \u0130cra Kurulu \u00dcyesi g\u00f6revine ise Emrah G\u00f6kmen; Elementer Bireysel Sigortalar Genel M\u00fcd\u00fcr Yard\u0131mc\u0131s\u0131 ve \u0130cra Kurulu \u00dcyesi g\u00f6revine Batu \u00d6nc\u00fcl getirildi. Eyl\u00fcl ay\u0131 itibar\u0131yla g\u00f6revlerine ba\u015flayan iki lider de Allianz\u2019\u0131n \u201cBug\u00fcnden Yar\u0131na Allianz Seninle\u201d vizyonu do\u011frultusunda m\u00fc\u015fterilere yenilik\u00e7i hizmetler sunma ve sekt\u00f6re \u00f6nc\u00fcl\u00fck etme hedeflerine katk\u0131da bulunacak.<\/p>\n\n\n\n<p><strong>Sa\u011fl\u0131k alan\u0131nda deneyimli isim<\/strong><\/p>\n\n\n\n<p>Sa\u011fl\u0131k Sigortalar\u0131 Genel M\u00fcd\u00fcr Yard\u0131mc\u0131s\u0131 ve \u0130cra Kurulu \u00dcyesi olarak atanan Emrah G\u00f6kmen, Dokuz Eyl\u00fcl \u00dcniversitesi \u0130ngilizce Matematik B\u00f6l\u00fcm\u00fc\u2019nden mezun oldu ve Bah\u00e7e\u015fehir \u00dcniversitesi\u2019nde Akt\u00fcerya Bilimi \u00fczerine y\u00fcksek lisans yapt\u0131. Kariyerine Reas\u00fcrans Ara\u015ft\u0131rma-Geli\u015ftirme Uzman\u0131 olarak ba\u015flayan G\u00f6kmen, Allianz\u2019da Perakende \u00dcr\u00fcn ve Fiyatland\u0131rma Sorumlusu olarak g\u00f6rev yapt\u0131. Ard\u0131ndan global bir dan\u0131\u015fmanl\u0131k \u015firketinde Hayat D\u0131\u015f\u0131 Sat\u0131\u015f ve Uygulama Lideri olarak g\u00f6rev alan G\u00f6kmen, 2017\u2019den bu yana Allianz T\u00fcrkiye\u2019de Sa\u011fl\u0131k Sigortalar\u0131 \u00dcr\u00fcn ve Akt\u00fcerya B\u00f6l\u00fcm Liderli\u011fi ile Elementer Bireysel Sigortalar Liderli\u011fi g\u00f6revlerini y\u00fcr\u00fctt\u00fc.<\/p>\n\n\n\n<p><strong>Global \u015firketlerde deneyimli lider<\/strong><\/p>\n\n\n\n<p>Allianz T\u00fcrkiye\u2019ye Elementer Bireysel Sigortalar Genel M\u00fcd\u00fcr Yard\u0131mc\u0131s\u0131 ve \u0130cra Kurulu \u00dcyesi olarak kat\u0131lan Batu \u00d6nc\u00fcl, Bo\u011fazi\u00e7i \u00dcniversitesi Bili\u015fim Sistemleri M\u00fchendisli\u011fi b\u00f6l\u00fcm\u00fcnden mezun olduktan sonra MIT Sloan School of Management\u2019ta MBA program\u0131n\u0131 tamamlad\u0131. Procter &amp; Gamble, Bain &amp; Company, McKinsey &amp; Company ve Actera Group gibi global \u015firketlerde farkl\u0131 liderlik pozisyonlar\u0131nda g\u00f6rev alan \u00d6nc\u00fcl, son olarak McKinsey\u2019de T\u00fcrkiye ve Avrupa\u2019daki bir\u00e7ok finans kurulu\u015funun stratejik projelerine liderlik etti.<\/p>\n","protected":false},"excerpt":{"rendered":"<p>Allianz T\u00fcrkiye\u2019de biri uluslararas\u0131 olmak \u00fczere \u00fc\u00e7 \u00fcst d\u00fczey atama yap\u0131ld\u0131. Allianz T\u00fcrkiye Sa\u011fl\u0131k Sigortalar\u0131 Genel M\u00fcd\u00fcr Yard\u0131mc\u0131s\u0131 ve \u0130cra Kurulu \u00dcyesi Okan \u00d6zdemir, Allianz&hellip;<\/p>\n","protected":false},"author":6,"featured_media":5043,"comment_status":"open","ping_status":"open","sticky":false,"template":"","format":"standard","meta":{"footnotes":""},"categories":[18],"tags":[],"class_list":["post-5042","post","type-post","status-publish","format-standard","has-post-thumbnail","hentry","category-atamalar"],"_links":{"self":[{"href":"https:\/\/www.mallandmotto.com\/index.php\/wp-json\/wp\/v2\/posts\/5042","targetHints":{"allow":["GET"]}}],"collection":[{"href":"https:\/\/www.mallandmotto.com\/index.php\/wp-json\/wp\/v2\/posts"}],"about":[{"href":"https:\/\/www.mallandmotto.com\/index.php\/wp-json\/wp\/v2\/types\/post"}],"author":[{"embeddable":true,"href":"https:\/\/www.mallandmotto.com\/index.php\/wp-json\/wp\/v2\/users\/6"}],"replies":[{"embeddable":true,"href":"https:\/\/www.mallandmotto.com\/index.php\/wp-json\/wp\/v2\/comments?post=5042"}],"version-history":[{"count":1,"href":"https:\/\/www.mallandmotto.com\/index.php\/wp-json\/wp\/v2\/posts\/5042\/revisions"}],"predecessor-version":[{"id":5044,"href":"https:\/\/www.mallandmotto.com\/index.php\/wp-json\/wp\/v2\/posts\/5042\/revisions\/5044"}],"wp:featuredmedia":[{"embeddable":true,"href":"https:\/\/www.mallandmotto.com\/index.php\/wp-json\/wp\/v2\/media\/5043"}],"wp:attachment":[{"href":"https:\/\/www.mallandmotto.com\/index.php\/wp-json\/wp\/v2\/media?parent=5042"}],"wp:term":[{"taxonomy":"category","embeddable":true,"href":"https:\/\/www.mallandmotto.com\/index.php\/wp-json\/wp\/v2\/categories?post=5042"},{"taxonomy":"post_tag","embeddable":true,"href":"https:\/\/www.mallandmotto.com\/index.php\/wp-json\/wp\/v2\/tags?post=5042"}],"curies":[{"name":"wp","href":"https:\/\/api.w.org\/{rel}","templated":true}]}}