{"id":5083,"date":"2025-09-15T07:07:03","date_gmt":"2025-09-15T07:07:03","guid":{"rendered":"https:\/\/www.mallandmotto.com\/?p=5083"},"modified":"2025-09-15T07:07:04","modified_gmt":"2025-09-15T07:07:04","slug":"solen-turkiye-satis-direktoru-demircan-ozer-oldu-2","status":"publish","type":"post","link":"https:\/\/www.mallandmotto.com\/index.php\/2025\/09\/15\/solen-turkiye-satis-direktoru-demircan-ozer-oldu-2\/","title":{"rendered":"\u015e\u00f6len T\u00fcrkiye Sat\u0131\u015f Direkt\u00f6r\u00fc Demircan \u00d6zer Oldu\u00a0"},"content":{"rendered":"\n<h3 class=\"wp-block-heading\">At\u0131\u015ft\u0131rmal\u0131k sekt\u00f6r\u00fcn\u00fcn lider markalar\u0131ndan \u015e\u00f6len, T\u00fcrkiye Sat\u0131\u015f Direkt\u00f6rl\u00fc\u011f\u00fc g\u00f6revine deneyimli y\u00f6netici Demircan \u00d6zer\u2019in getirildi\u011fini duyurdu. H\u0131zl\u0131 t\u00fcketim sekt\u00f6r\u00fcndeki derin deneyimi ve uluslararas\u0131 kapsaml\u0131 kariyeriyle dikkat \u00e7eken Demircan \u00d6zer, yeni g\u00f6revinde \u015e\u00f6len\u2019in T\u00fcrkiye sat\u0131\u015f operasyonlar\u0131na liderlik edecek.<\/h3>\n\n\n\n<p>\u0130stanbul Teknik \u00dcniversitesi Elektronik ve Telekom\u00fcnikasyon M\u00fchendisli\u011fi mezunu olan \u00d6zer, Ko\u00e7 \u00dcniversitesi\u2019nde MBA program\u0131n\u0131 tamamlad\u0131. \u0130\u015f Giri\u015fim Sermayesi\u2019nde analist olarak ba\u015flad\u0131\u011f\u0131 kariyerinde 2004\u2019te Turkcell Global Bilgi\u2019de stratejik planlama analisti, 2006\u2019dan itibaren de Philip Morris International \u00e7at\u0131s\u0131 alt\u0131nda T\u00fcrkiye, Romanya, Balkanlar ve \u0130svi\u00e7re\u2019de sat\u0131\u015f ve ticari pazarlama alanlar\u0131nda \u00fcst d\u00fczey g\u00f6revler \u00fcstlendi. 2022\u2019de La Lorraine Bakery Group\u2019ta ticari direkt\u00f6r olarak g\u00f6rev alan \u00d6zer, 2024\u2019ten bu yana Modern Karton\u2019da Sat\u0131\u015f Genel M\u00fcd\u00fcr Yard\u0131mc\u0131s\u0131 pozisyonunu y\u00fcr\u00fctmekteydi.<\/p>\n","protected":false},"excerpt":{"rendered":"<p>At\u0131\u015ft\u0131rmal\u0131k sekt\u00f6r\u00fcn\u00fcn lider markalar\u0131ndan \u015e\u00f6len, T\u00fcrkiye Sat\u0131\u015f Direkt\u00f6rl\u00fc\u011f\u00fc g\u00f6revine deneyimli y\u00f6netici Demircan \u00d6zer\u2019in getirildi\u011fini duyurdu. H\u0131zl\u0131 t\u00fcketim sekt\u00f6r\u00fcndeki derin deneyimi ve uluslararas\u0131 kapsaml\u0131 kariyeriyle dikkat&hellip;<\/p>\n","protected":false},"author":6,"featured_media":5084,"comment_status":"open","ping_status":"open","sticky":false,"template":"","format":"standard","meta":{"footnotes":""},"categories":[18],"tags":[],"class_list":["post-5083","post","type-post","status-publish","format-standard","has-post-thumbnail","hentry","category-atamalar"],"_links":{"self":[{"href":"https:\/\/www.mallandmotto.com\/index.php\/wp-json\/wp\/v2\/posts\/5083","targetHints":{"allow":["GET"]}}],"collection":[{"href":"https:\/\/www.mallandmotto.com\/index.php\/wp-json\/wp\/v2\/posts"}],"about":[{"href":"https:\/\/www.mallandmotto.com\/index.php\/wp-json\/wp\/v2\/types\/post"}],"author":[{"embeddable":true,"href":"https:\/\/www.mallandmotto.com\/index.php\/wp-json\/wp\/v2\/users\/6"}],"replies":[{"embeddable":true,"href":"https:\/\/www.mallandmotto.com\/index.php\/wp-json\/wp\/v2\/comments?post=5083"}],"version-history":[{"count":1,"href":"https:\/\/www.mallandmotto.com\/index.php\/wp-json\/wp\/v2\/posts\/5083\/revisions"}],"predecessor-version":[{"id":5085,"href":"https:\/\/www.mallandmotto.com\/index.php\/wp-json\/wp\/v2\/posts\/5083\/revisions\/5085"}],"wp:featuredmedia":[{"embeddable":true,"href":"https:\/\/www.mallandmotto.com\/index.php\/wp-json\/wp\/v2\/media\/5084"}],"wp:attachment":[{"href":"https:\/\/www.mallandmotto.com\/index.php\/wp-json\/wp\/v2\/media?parent=5083"}],"wp:term":[{"taxonomy":"category","embeddable":true,"href":"https:\/\/www.mallandmotto.com\/index.php\/wp-json\/wp\/v2\/categories?post=5083"},{"taxonomy":"post_tag","embeddable":true,"href":"https:\/\/www.mallandmotto.com\/index.php\/wp-json\/wp\/v2\/tags?post=5083"}],"curies":[{"name":"wp","href":"https:\/\/api.w.org\/{rel}","templated":true}]}}