{"id":5113,"date":"2025-09-15T09:21:44","date_gmt":"2025-09-15T09:21:44","guid":{"rendered":"https:\/\/www.mallandmotto.com\/?p=5113"},"modified":"2025-09-15T09:21:45","modified_gmt":"2025-09-15T09:21:45","slug":"asa-jungnelius-ve-peo-olsson-sanatseverlerle-bulusuyor","status":"publish","type":"post","link":"https:\/\/www.mallandmotto.com\/index.php\/2025\/09\/15\/asa-jungnelius-ve-peo-olsson-sanatseverlerle-bulusuyor\/","title":{"rendered":"\u00c5sa Jungnelius ve Peo Olsson Sanatseverlerle Bulu\u015fuyor"},"content":{"rendered":"\n<h3 class=\"wp-block-heading\"><strong>Suna ve \u0130nan K\u0131ra\u00e7 Vakf\u0131 Pera M\u00fczesi, kurulu\u015funun 20. y\u0131l\u0131 kapsam\u0131nda a\u00e7t\u0131\u011f\u0131 \u0130sve\u00e7li sanat\u00e7\u0131 \u00c5sa Jungnelius\u2019un T\u00fcrkiye\u2019deki ilk ki\u015fisel sergisi\u00a0<em>Toprak, Ate\u015f, Su ve Havayla Yaz\u0131lm\u0131\u015f Bir Dize<\/em>\u00a0\u00e7er\u00e7evesinde bir sanat\u00e7\u0131 konu\u015fmas\u0131 d\u00fczenliyor. 17 Eyl\u00fcl \u00c7ar\u015famba Pera M\u00fczesi\u2019nde ger\u00e7ekle\u015fecek etkinlikte, Jungnelius ve foto\u011fraf\u00e7\u0131 Peo Olsson, serginin hayata ge\u00e7irilme s\u00fcrecine dair deneyimlerini k\u00fcrat\u00f6r Elif Kam\u0131\u015fl\u0131 moderat\u00f6rl\u00fc\u011f\u00fcnde sanatseverlerle payla\u015facak.<\/strong><\/h3>\n\n\n\n<p><strong>Suna ve \u0130nan K\u0131ra\u00e7 Vakf\u0131 Pera M\u00fczesi,&nbsp;<\/strong>kurulu\u015funun 20. y\u0131l\u0131 kapsam\u0131nda a\u00e7\u0131lan&nbsp;<a href=\"https:\/\/www.peramuzesi.org.tr\/sergi\/-asa-jungnelius\/1316\"><strong><em>Toprak, Ate\u015f, Su ve Havayla Yaz\u0131lm\u0131\u015f Bir Dize<\/em><\/strong><\/a>&nbsp;sergisi \u00e7er\u00e7evesinde,&nbsp;<strong><a href=\"https:\/\/www.peramuzesi.org.tr\/etkinlik\/sanatci-konusmasi-asa-jungnelius\/7566\">sanat\u00e7\u0131 konu\u015fmas\u0131<\/a><\/strong>&nbsp;d\u00fczenliyor.&nbsp;<strong>17 Eyl\u00fcl \u00c7ar\u015famba<\/strong>&nbsp;saat&nbsp;<strong>18.30\u2019da<\/strong>&nbsp;<strong>Pera M\u00fczesi\u2019nde<\/strong>&nbsp;ger\u00e7ekle\u015fecek etkinlikte, sanat\u00e7\u0131&nbsp;<strong>\u00c5sa Jungnelius<\/strong>&nbsp;ve foto\u011fraf\u00e7\u0131&nbsp;<strong>Peo Olsson<\/strong>, serginin hayata ge\u00e7irilmesindeki yolculuklar\u0131n\u0131 k\u00fcrat\u00f6r&nbsp;<strong>Elif Kam\u0131\u015fl\u0131<\/strong>moderat\u00f6rl\u00fc\u011f\u00fcnde sanatseverlerle payla\u015facak.<\/p>\n\n\n\n<p><strong>Do\u011fan\u0131n elementlerinden ilham alan bir yolculuk<\/strong><\/p>\n\n\n\n<p>\u0130sve\u00e7li sanat\u00e7\u0131 \u00c5sa Jungnelius\u2019un T\u00fcrkiye\u2019deki ilk ki\u015fisel sergisi olan&nbsp;<em>Toprak, Ate\u015f, Su ve Havayla Yaz\u0131lm\u0131\u015f Bir Dize<\/em>, sanat\u00e7\u0131n\u0131n farkl\u0131 malzemelerle \u00e7\u0131kt\u0131\u011f\u0131 uzun soluklu \u015fiirsel yolculu\u011fu merkeze al\u0131yor. Sergi, d\u00f6rt elementi ba\u015fl\u0131\u011f\u0131na ta\u015f\u0131yarak do\u011fan\u0131n g\u00fcc\u00fcne at\u0131fta bulunurken, her \u015feyin birbirine ba\u011fl\u0131 oldu\u011fu bir evren fikrine yaslan\u0131yor.<\/p>\n\n\n\n<p><strong>Obsidyen yataklar\u0131ndan cam ustal\u0131\u011f\u0131na<\/strong><\/p>\n\n\n\n<p>Serginin \u00e7er\u00e7evesini, Jungnelius\u2019un Nemrut G\u00f6l\u00fc k\u0131y\u0131lar\u0131ndan Kars\u2019taki obsidyen yataklar\u0131na ve Denizli\u2019de \u015ei\u015fecam\u2019\u0131n el yap\u0131m\u0131 cam fabrikas\u0131na uzanan yolculuklar\u0131 olu\u015fturuyor. Peo Olsson\u2019un bu s\u00fcre\u00e7te \u00e7ekti\u011fi foto\u011fraflar hem sanat\u00e7\u0131n\u0131n \u00fcretim s\u00fcrecine hem de malzemenin izini s\u00fcrmeye tan\u0131kl\u0131k ediyor.<\/p>\n\n\n\n<p><strong>Malzemenin haf\u0131zas\u0131 ve yeni \u00fcretimler<\/strong><\/p>\n\n\n\n<p>Bu \u00f6zel konu\u015fma, Jungnelius\u2019un cam ve mermerle \u00fcretti\u011fi heykelleri, \u015ei\u015fecam\u2019\u0131n cam ustalar\u0131yla i\u015f birli\u011fi i\u00e7inde sergiye \u00f6zel \u00fcretilen d\u00f6rt yeni eserini ve sanat\u00e7\u0131n\u0131n malzemeyle kurdu\u011fu ili\u015fkiyi tart\u0131\u015fmaya a\u00e7acak.<\/p>\n\n\n\n<p><strong><em>Pera M\u00fczesi Oditoryumu\u2019nda ger\u00e7ekle\u015fecek etkinlik \u00fccretsizdir ve dili \u0130ngilizcedir. Rezervasyon al\u0131nmamaktad\u0131r.<\/em><\/strong><\/p>\n","protected":false},"excerpt":{"rendered":"<p>Suna ve \u0130nan K\u0131ra\u00e7 Vakf\u0131 Pera M\u00fczesi, kurulu\u015funun 20. y\u0131l\u0131 kapsam\u0131nda a\u00e7t\u0131\u011f\u0131 \u0130sve\u00e7li sanat\u00e7\u0131 \u00c5sa Jungnelius\u2019un T\u00fcrkiye\u2019deki ilk ki\u015fisel sergisi\u00a0Toprak, Ate\u015f, Su ve Havayla Yaz\u0131lm\u0131\u015f&hellip;<\/p>\n","protected":false},"author":6,"featured_media":5114,"comment_status":"open","ping_status":"open","sticky":false,"template":"","format":"standard","meta":{"footnotes":""},"categories":[22],"tags":[],"class_list":["post-5113","post","type-post","status-publish","format-standard","has-post-thumbnail","hentry","category-kultursanat"],"_links":{"self":[{"href":"https:\/\/www.mallandmotto.com\/index.php\/wp-json\/wp\/v2\/posts\/5113","targetHints":{"allow":["GET"]}}],"collection":[{"href":"https:\/\/www.mallandmotto.com\/index.php\/wp-json\/wp\/v2\/posts"}],"about":[{"href":"https:\/\/www.mallandmotto.com\/index.php\/wp-json\/wp\/v2\/types\/post"}],"author":[{"embeddable":true,"href":"https:\/\/www.mallandmotto.com\/index.php\/wp-json\/wp\/v2\/users\/6"}],"replies":[{"embeddable":true,"href":"https:\/\/www.mallandmotto.com\/index.php\/wp-json\/wp\/v2\/comments?post=5113"}],"version-history":[{"count":1,"href":"https:\/\/www.mallandmotto.com\/index.php\/wp-json\/wp\/v2\/posts\/5113\/revisions"}],"predecessor-version":[{"id":5115,"href":"https:\/\/www.mallandmotto.com\/index.php\/wp-json\/wp\/v2\/posts\/5113\/revisions\/5115"}],"wp:featuredmedia":[{"embeddable":true,"href":"https:\/\/www.mallandmotto.com\/index.php\/wp-json\/wp\/v2\/media\/5114"}],"wp:attachment":[{"href":"https:\/\/www.mallandmotto.com\/index.php\/wp-json\/wp\/v2\/media?parent=5113"}],"wp:term":[{"taxonomy":"category","embeddable":true,"href":"https:\/\/www.mallandmotto.com\/index.php\/wp-json\/wp\/v2\/categories?post=5113"},{"taxonomy":"post_tag","embeddable":true,"href":"https:\/\/www.mallandmotto.com\/index.php\/wp-json\/wp\/v2\/tags?post=5113"}],"curies":[{"name":"wp","href":"https:\/\/api.w.org\/{rel}","templated":true}]}}