{"id":5252,"date":"2025-09-17T07:40:02","date_gmt":"2025-09-17T07:40:02","guid":{"rendered":"https:\/\/www.mallandmotto.com\/?p=5252"},"modified":"2025-09-17T07:40:03","modified_gmt":"2025-09-17T07:40:03","slug":"z-kusagi-avmde-neyi-seviyor-neyi-sevmiyor","status":"publish","type":"post","link":"https:\/\/www.mallandmotto.com\/index.php\/2025\/09\/17\/z-kusagi-avmde-neyi-seviyor-neyi-sevmiyor\/","title":{"rendered":"Z Ku\u015fa\u011f\u0131 AVM\u2019de Neyi Seviyor, Neyi Sevmiyor?"},"content":{"rendered":"\n<h3 class=\"wp-block-heading\">Z ku\u015fa\u011f\u0131, al\u0131\u015fveri\u015f deneyimini sadece \u00fcr\u00fcn almakla s\u0131n\u0131rl\u0131 tutmuyor. E\u011flence, sosyal medya payla\u015f\u0131mlar\u0131 ve kahve molalar\u0131, bu neslin AVM tercihlerinde belirleyici oluyor.<\/h3>\n\n\n\n<p>T\u00fcrkiye\u2019de 18-25 ya\u015f aras\u0131ndaki gen\u00e7lerin al\u0131\u015fveri\u015f al\u0131\u015fkanl\u0131klar\u0131, AVM deneyimlerini \u015fekillendiriyor. Yap\u0131lan bir ara\u015ft\u0131rmaya g\u00f6re Z ku\u015fa\u011f\u0131n\u0131n %68\u2019i AVM\u2019ye sadece al\u0131\u015fveri\u015f i\u00e7in gelmiyor; arkada\u015f bulu\u015fmalar\u0131, sosyal deneyimler ve foto\u011fraf alanlar\u0131 da ziyaret sebebi oluyor. Ara\u015ft\u0131rma, gen\u00e7lerin en \u00e7ok tercih etti\u011fi ve ka\u00e7\u0131nd\u0131\u011f\u0131 AVM \u00f6zelliklerini net bir \u015fekilde ortaya koyuyor.<\/p>\n\n\n\n<h3 class=\"wp-block-heading\"><strong>Z Ku\u015fa\u011f\u0131n\u0131n AVM\u2019de Sevdi\u011fi Unsurlar<\/strong><\/h3>\n\n\n\n<ol class=\"wp-block-list\">\n<li><strong>Kahve ve Sosyal Alanlar<\/strong>\n<ul class=\"wp-block-list\">\n<li>Z ku\u015fa\u011f\u0131n\u0131n %72\u2019si, AVM\u2019ye gelmeden \u00f6nce bir kahve i\u00e7me veya arkada\u015flar\u0131yla vakit ge\u00e7irme plan\u0131 yapt\u0131\u011f\u0131n\u0131 belirtiyor.<\/li>\n\n\n\n<li>Starbucks, Kahve D\u00fcnyas\u0131 ve yerel butik kafeler bu ya\u015f grubunun en \u00e7ok tercih etti\u011fi markalar aras\u0131nda.<\/li>\n<\/ul>\n<\/li>\n\n\n\n<li><strong>Instagram ve TikTok Dostu Alanlar<\/strong>\n<ul class=\"wp-block-list\">\n<li>Gen\u00e7lerin %65\u2019i foto\u011fraf \u00e7ekebilece\u011fi dekoratif alanlar veya \u00f6zel etkinlik k\u00f6\u015feleri olan AVM\u2019leri tercih ediyor.<\/li>\n\n\n\n<li>Neon \u0131\u015f\u0131klar, mural duvarlar ve interaktif heykeller pop\u00fclerlik kazan\u0131yor.<\/li>\n<\/ul>\n<\/li>\n\n\n\n<li><strong>Oyun ve E\u011flence Alanlar\u0131<\/strong>\n<ul class=\"wp-block-list\">\n<li>%58\u2019i sinema, VR oyun alanlar\u0131 ve e\u011flence merkezlerinin AVM se\u00e7imini etkiledi\u011fini belirtiyor.<\/li>\n\n\n\n<li>\u00d6zellikle hafta sonlar\u0131, e\u011flence alanlar\u0131 AVM ziyaretlerini %30 art\u0131r\u0131yor.<\/li>\n<\/ul>\n<\/li>\n<\/ol>\n\n\n\n<hr class=\"wp-block-separator has-alpha-channel-opacity\"\/>\n\n\n\n<h3 class=\"wp-block-heading\"><strong>Z Ku\u015fa\u011f\u0131n\u0131n AVM\u2019de Sevmedi\u011fi Unsurlar<\/strong><\/h3>\n\n\n\n<ol class=\"wp-block-list\">\n<li><strong>Kalabal\u0131k ve G\u00fcr\u00fclt\u00fc<\/strong>\n<ul class=\"wp-block-list\">\n<li>Ara\u015ft\u0131rmaya g\u00f6re gen\u00e7lerin %62\u2019si a\u015f\u0131r\u0131 kalabal\u0131k AVM\u2019lerden ka\u00e7\u0131n\u0131yor.<\/li>\n\n\n\n<li>Sessiz, ferah ve sosyal mesafe imk\u00e2n\u0131 sunan alanlar daha \u00e7ok tercih ediliyor.<\/li>\n<\/ul>\n<\/li>\n\n\n\n<li><strong>Uzun Bekleme S\u00fcreleri<\/strong>\n<ul class=\"wp-block-list\">\n<li>%55\u2019i, kasa veya restoranlarda uzun kuyruklarla kar\u015f\u0131la\u015f\u0131nca AVM deneyiminin olumsuz etkilendi\u011fini s\u00f6yl\u00fcyor.<\/li>\n<\/ul>\n<\/li>\n\n\n\n<li><strong>Tekd\u00fcze Ma\u011faza Dizilimi<\/strong>\n<ul class=\"wp-block-list\">\n<li>Z ku\u015fa\u011f\u0131, yaln\u0131zca al\u0131\u015fveri\u015f odakl\u0131 ve monoton ma\u011faza diziliminden s\u0131k\u0131l\u0131yor.<\/li>\n\n\n\n<li>Yeni konsept ma\u011fazalar, pop-up etkinlikler ve deneyim odakl\u0131 alanlar daha fazla ilgi \u00e7ekiyor.<\/li>\n<\/ul>\n<\/li>\n<\/ol>\n","protected":false},"excerpt":{"rendered":"<p>Z ku\u015fa\u011f\u0131, al\u0131\u015fveri\u015f deneyimini sadece \u00fcr\u00fcn almakla s\u0131n\u0131rl\u0131 tutmuyor. E\u011flence, sosyal medya payla\u015f\u0131mlar\u0131 ve kahve molalar\u0131, bu neslin AVM tercihlerinde belirleyici oluyor. T\u00fcrkiye\u2019de 18-25 ya\u015f&hellip;<\/p>\n","protected":false},"author":6,"featured_media":5253,"comment_status":"open","ping_status":"open","sticky":false,"template":"","format":"standard","meta":{"footnotes":""},"categories":[27],"tags":[],"class_list":["post-5252","post","type-post","status-publish","format-standard","has-post-thumbnail","hentry","category-mottoozel"],"_links":{"self":[{"href":"https:\/\/www.mallandmotto.com\/index.php\/wp-json\/wp\/v2\/posts\/5252","targetHints":{"allow":["GET"]}}],"collection":[{"href":"https:\/\/www.mallandmotto.com\/index.php\/wp-json\/wp\/v2\/posts"}],"about":[{"href":"https:\/\/www.mallandmotto.com\/index.php\/wp-json\/wp\/v2\/types\/post"}],"author":[{"embeddable":true,"href":"https:\/\/www.mallandmotto.com\/index.php\/wp-json\/wp\/v2\/users\/6"}],"replies":[{"embeddable":true,"href":"https:\/\/www.mallandmotto.com\/index.php\/wp-json\/wp\/v2\/comments?post=5252"}],"version-history":[{"count":1,"href":"https:\/\/www.mallandmotto.com\/index.php\/wp-json\/wp\/v2\/posts\/5252\/revisions"}],"predecessor-version":[{"id":5254,"href":"https:\/\/www.mallandmotto.com\/index.php\/wp-json\/wp\/v2\/posts\/5252\/revisions\/5254"}],"wp:featuredmedia":[{"embeddable":true,"href":"https:\/\/www.mallandmotto.com\/index.php\/wp-json\/wp\/v2\/media\/5253"}],"wp:attachment":[{"href":"https:\/\/www.mallandmotto.com\/index.php\/wp-json\/wp\/v2\/media?parent=5252"}],"wp:term":[{"taxonomy":"category","embeddable":true,"href":"https:\/\/www.mallandmotto.com\/index.php\/wp-json\/wp\/v2\/categories?post=5252"},{"taxonomy":"post_tag","embeddable":true,"href":"https:\/\/www.mallandmotto.com\/index.php\/wp-json\/wp\/v2\/tags?post=5252"}],"curies":[{"name":"wp","href":"https:\/\/api.w.org\/{rel}","templated":true}]}}