{"id":5281,"date":"2025-09-18T08:08:33","date_gmt":"2025-09-18T08:08:33","guid":{"rendered":"https:\/\/www.mallandmotto.com\/?p=5281"},"modified":"2025-09-18T08:08:34","modified_gmt":"2025-09-18T08:08:34","slug":"tat-ve-sanat-lezzetli-resimler-sergisi-is-sanat-ankara-sanat-galerisinde","status":"publish","type":"post","link":"https:\/\/www.mallandmotto.com\/index.php\/2025\/09\/18\/tat-ve-sanat-lezzetli-resimler-sergisi-is-sanat-ankara-sanat-galerisinde\/","title":{"rendered":"\u201cTat ve Sanat: Lezzetli Resimler\u201d Sergisi\u00a0\u0130\u015f Sanat Ankara Sanat Galerisi\u2019nde"},"content":{"rendered":"\n<h3 class=\"wp-block-heading\"><strong>\u0130\u015f Sanat\u2019\u0131n b\u00fcy\u00fck bir ilgiyle izlenen \u201cTat ve Sanat: Lezzetli Resimler\u201d sergisi, \u0130stanbul\u2019un ard\u0131ndan Ulus\u2019taki Ankara Sanat Galerisi\u2019nde ziyarete a\u00e7\u0131ld\u0131.<\/strong>\u00a0<\/h3>\n\n\n\n<p>\u0130\u015f Sanat, ba\u015fkentteki sanatseverleri tablolar e\u015fli\u011finde bir lezzet yolculu\u011funa \u00e7\u0131kar\u0131yor:&nbsp;<strong>\u201cTat ve Sanat: Lezzetli Resimler\u201d<\/strong>&nbsp;sergisi&nbsp;<strong>16 Eyl\u00fcl<\/strong>\u2019de&nbsp;<strong>Ankara Sanat Galerisi<\/strong>\u2019nde ziyarete a\u00e7\u0131ld\u0131. \u0130stanbul\u2019da 70 bin ziyaret\u00e7iye ula\u015fan sergide verimli topraklardan, bereketli denizlerden, c\u00f6mert do\u011fadan ve payla\u015f\u0131lan sofralardan ilham alan eserler yer al\u0131yor.<\/p>\n\n\n\n<p>Sergi&nbsp;<strong>alt\u0131 tematik b\u00f6l\u00fcm<\/strong>e ayr\u0131l\u0131yor: Tarla, ba\u011f ve bah\u00e7elerdeki reng\u00e2renk ekinlerin e\u015fsiz d\u00fczeninin yans\u0131t\u0131ld\u0131\u011f\u0131&nbsp;<em>\u201cC\u00f6mert Do\u011fa\u201d<\/em>; meyveler, \u00e7i\u00e7ekler ve sebzelerle bezeli nat\u00fcrmortlar\u0131n oldu\u011fu&nbsp;<em>\u201cDo\u011fa Tad\u0131nda Renklerle\u201d<\/em>; c\u0131v\u0131l c\u0131v\u0131l pazar yerlerinin ve sokak sat\u0131c\u0131lar\u0131n\u0131n izlendi\u011fi&nbsp;<em>\u201c\u00dcr\u00fcnler Sunulurken\u201d<\/em>; bal\u0131klar\u0131n ve bal\u0131k\u00e7\u0131lar\u0131n ba\u015frolde oldu\u011fu&nbsp;<em>\u201cDenizden \u00c7\u0131kan Nimet\u201d<\/em>; yemek haz\u0131rl\u0131klar\u0131 ve mutfak temal\u0131 eserlerle&nbsp;<em>\u201cYemek \u0130\u00e7in Emek\u201d<\/em>; kahvehaneler, gazinolar ve lokantalar\u0131 konu edinen eserleriyle&nbsp;<em>\u201cC\u00e2n\u00e2n ki Deg\u00fcstasyon\u2019a Gelmez\u201d<\/em>&#8230;<\/p>\n\n\n\n<p>Sergini k\u00fcrat\u00f6r\u00fc&nbsp;<strong>Prof. Dr. G\u00fcl \u0130repo\u011flu<\/strong>, \u201cTat ve Sanat: Lezzetli Resimler\u201din ortaya \u00e7\u0131k\u0131\u015f\u0131nda T\u00fcrkiye \u0130\u015f Bankas\u0131 Sanat Eserleri Koleksiyonu\u2019nun geni\u015f yelpazesinin belirleyici rol oynad\u0131\u011f\u0131n\u0131 vurgulayarak, serginin Ankara\u2019daki sanatseverler taraf\u0131ndan yo\u011fun ilgisiyle kar\u015f\u0131lanaca\u011f\u0131na inand\u0131klar\u0131n\u0131 ifade ediyor. \u0130repo\u011flu, \u201cBu sergide yeme\u011fin sanat yoluyla g\u00f6rselle\u015fen ve de\u011ferlenen \u00e7ok renkli hik\u00e2yesi yer al\u0131yor; her \u015fey T\u00fcrk Resim Sanat\u0131n\u0131n \u00f6nemli temsilcilerinin hayranl\u0131k uyand\u0131r\u0131c\u0131 eserlerinde canlan\u0131yor,\u201d diye ekliyor.<\/p>\n\n\n\n<p>Ulus\u2019taki \u0130ktisadi Ba\u011f\u0131ms\u0131zl\u0131k M\u00fczesi b\u00fcnyesinde yer alan&nbsp;<strong>\u0130\u015f Sanat<\/strong>&nbsp;<strong>Ankara Sanat Galerisi<\/strong>\u2019ni pazartesi hari\u00e7 her g\u00fcn&nbsp;<strong>10.00-18.00<\/strong>&nbsp;saatleri aras\u0131nda&nbsp;<strong>\u00fccretsiz<\/strong>&nbsp;olarak ziyaret edilebilirsiniz. Sergi kapsam\u0131nda d\u00fczenlenecek&nbsp;<strong>tematik konferanslar&nbsp;<\/strong>ve<strong>&nbsp;\u00e7ocuklara \u00f6zel sanat at\u00f6lyeleri<\/strong>nden haberdar olmak i\u00e7in \u0130\u015f Sanat\u2019\u0131n sosyal medya hesaplar\u0131n\u0131 takip edebilirsiniz.<\/p>\n","protected":false},"excerpt":{"rendered":"<p>\u0130\u015f Sanat\u2019\u0131n b\u00fcy\u00fck bir ilgiyle izlenen \u201cTat ve Sanat: Lezzetli Resimler\u201d sergisi, \u0130stanbul\u2019un ard\u0131ndan Ulus\u2019taki Ankara Sanat Galerisi\u2019nde ziyarete a\u00e7\u0131ld\u0131.\u00a0 \u0130\u015f Sanat, ba\u015fkentteki sanatseverleri tablolar&hellip;<\/p>\n","protected":false},"author":6,"featured_media":5282,"comment_status":"open","ping_status":"open","sticky":false,"template":"","format":"standard","meta":{"footnotes":""},"categories":[22],"tags":[],"class_list":["post-5281","post","type-post","status-publish","format-standard","has-post-thumbnail","hentry","category-kultursanat"],"_links":{"self":[{"href":"https:\/\/www.mallandmotto.com\/index.php\/wp-json\/wp\/v2\/posts\/5281","targetHints":{"allow":["GET"]}}],"collection":[{"href":"https:\/\/www.mallandmotto.com\/index.php\/wp-json\/wp\/v2\/posts"}],"about":[{"href":"https:\/\/www.mallandmotto.com\/index.php\/wp-json\/wp\/v2\/types\/post"}],"author":[{"embeddable":true,"href":"https:\/\/www.mallandmotto.com\/index.php\/wp-json\/wp\/v2\/users\/6"}],"replies":[{"embeddable":true,"href":"https:\/\/www.mallandmotto.com\/index.php\/wp-json\/wp\/v2\/comments?post=5281"}],"version-history":[{"count":1,"href":"https:\/\/www.mallandmotto.com\/index.php\/wp-json\/wp\/v2\/posts\/5281\/revisions"}],"predecessor-version":[{"id":5283,"href":"https:\/\/www.mallandmotto.com\/index.php\/wp-json\/wp\/v2\/posts\/5281\/revisions\/5283"}],"wp:featuredmedia":[{"embeddable":true,"href":"https:\/\/www.mallandmotto.com\/index.php\/wp-json\/wp\/v2\/media\/5282"}],"wp:attachment":[{"href":"https:\/\/www.mallandmotto.com\/index.php\/wp-json\/wp\/v2\/media?parent=5281"}],"wp:term":[{"taxonomy":"category","embeddable":true,"href":"https:\/\/www.mallandmotto.com\/index.php\/wp-json\/wp\/v2\/categories?post=5281"},{"taxonomy":"post_tag","embeddable":true,"href":"https:\/\/www.mallandmotto.com\/index.php\/wp-json\/wp\/v2\/tags?post=5281"}],"curies":[{"name":"wp","href":"https:\/\/api.w.org\/{rel}","templated":true}]}}