{"id":5288,"date":"2025-09-18T08:27:35","date_gmt":"2025-09-18T08:27:35","guid":{"rendered":"https:\/\/www.mallandmotto.com\/?p=5288"},"modified":"2025-09-18T08:27:35","modified_gmt":"2025-09-18T08:27:35","slug":"gizli-bahce-sergisi-the-stay-boulevard-nisantasinda","status":"publish","type":"post","link":"https:\/\/www.mallandmotto.com\/index.php\/2025\/09\/18\/gizli-bahce-sergisi-the-stay-boulevard-nisantasinda\/","title":{"rendered":"\u201cGizli Bah\u00e7e\u201d\u00a0Sergisi\u00a0The Stay Boulevard Ni\u015fanta\u015f\u0131\u2019nda\u00a0"},"content":{"rendered":"\n<h3 class=\"wp-block-heading\"><strong>\u0130stanbul\u2019da sanat\u0131n farkl\u0131 disiplinlerini bir araya getiren\u00a0The Stay Boulevard Ni\u015fanta\u015f\u0131, sonbahar\u0131, Otmar Uras ile hayata ge\u00e7irdi\u011fi yeni sergisi \u201c<em>Gizli Bah\u00e7e\u201d<\/em>\u00a0ile kar\u015f\u0131l\u0131yor. Uluslararas\u0131 sanat\u00e7\u0131lar Esteban Fuentes de Mar\u00eda, Camille Bruat ve Francesco Poiana\u2019n\u0131n eserlerinden olu\u015fan se\u00e7ki, sanatseverleri g\u00f6r\u00fcnmeyenin ard\u0131nda ke\u015fif dolu bir yolculu\u011fa davet ediyor. Sergi, 17 Kas\u0131m tarihine dek ziyaret edilebilecek.\u00a0<\/strong><\/h3>\n\n\n\n<p>\u0130stanbul\u2019da sanat\u0131n farkl\u0131 disiplinlerini bir araya getiren&nbsp;The Stay Boulevard Ni\u015fanta\u015f\u0131,&nbsp;uluslararas\u0131 sergilere ev sahipli\u011fi yaparak k\u00fclt\u00fcr sanat alan\u0131na de\u011fer katmay\u0131 s\u00fcrd\u00fcr\u00fcyor.&nbsp;The Stay Boulevard Ni\u015fanta\u015f\u0131 ve&nbsp;Eda Uras\u2019\u0131n kurucusu oldu\u011fu Otmar Uras ile birlikte hayata ge\u00e7irilen \u201c<em>Gizli Bah\u00e7e\u201d<\/em>&nbsp;sergisi sanatseverlerle bulu\u015ftu.&nbsp;<\/p>\n\n\n\n<p>Uluslararas\u0131 sanat\u00e7\u0131lar\u0131n karma eserlerinden olu\u015fan \u201c<em>Gizli Bah\u00e7e\u201d<\/em>, sanatseverleri kap\u0131s\u0131 aral\u0131k bir bah\u00e7eye davet ediyor ve onlara&nbsp;hayalin ve g\u00f6r\u00fcnmeyenin rit\u00fcelleriyle \u00f6r\u00fclm\u00fc\u015f \u00f6zel bir yolculuk vaad ediyor.&nbsp;<\/p>\n\n\n\n<p>Sergide, farkl\u0131 tekniklerle ve \u00e7ok de\u011fi\u015fken \u00f6l\u00e7\u00fclerde \u00e7al\u0131\u015fan Meksikal\u0131 sanat\u00e7\u0131&nbsp;Esteban Fuentes de Mar\u00eda, \u00e7a\u011fda\u015f \u00e7izim ve metal \u00e7al\u0131\u015fmalar\u0131yla bilinen Frans\u0131z sanat\u00e7\u0131 Camille Bruat ile eserlerinde genellikle peyzaj \u00e7al\u0131\u015fmalar\u0131na yer veren \u0130talyan sanat\u00e7\u0131 Francesco Poiana\u2019n\u0131n eserleri yer al\u0131yor.&nbsp;<\/p>\n\n\n\n<p>\u0130ngiliz yazar Frances Hodgson Burnett\u2019in ayn\u0131 adl\u0131 k\u00fclt kitab\u0131na at\u0131fta bulunan \u201c<em>Gizli Bah\u00e7e\u201d,&nbsp;<\/em>ilk bak\u0131\u015fta bir iyile\u015fme hik\u00e2yesi gibi g\u00f6r\u00fcnse de, asl\u0131nda g\u00f6r\u00fcnmeyenin a\u00e7\u0131l\u0131\u015f rit\u00fceli olarak kurguland\u0131. Sergi, kitapta tasvir edilen bah\u00e7eyi birebir temsil etmek yerine onun titre\u015fimlerini g\u00fcn\u00fcm\u00fcz sanat\u0131n\u0131n malzemelerine, formlar\u0131na d\u00f6n\u00fc\u015ft\u00fcr\u00fcyor. Bah\u00e7e \u00e7izgilerle, dokularla ve y\u00fczeylerle yeniden \u00f6r\u00fclm\u00fc\u015f bir i\u00e7 mek\u00e2na d\u00f6n\u00fc\u015f\u00fcyor, bir sembol,<strong>&nbsp;<\/strong>rit\u00fcel ve i\u00e7sel alan olarak yeniden yorumlan\u0131yor.&nbsp;<\/p>\n\n\n\n<p>Her sanat\u00e7\u0131n\u0131n g\u00f6r\u00fcnmeyenin s\u0131n\u0131rlar\u0131n\u0131 ara\u015ft\u0131rd\u0131\u011f\u0131 \u201c<em>Gizli Bah\u00e7e\u201d<\/em>, botanik bir alan de\u011fil, \u00e7izgiyle, dokuyla, y\u00fczeyle yeniden \u00f6r\u00fclm\u00fc\u015f bir \u201ci\u00e7 mek\u00e2n\u201dd\u0131r. Sergi mek\u00e2n\u0131 ise hem sakl\u0131 hem a\u00e7\u0131k, kap\u0131s\u0131 aral\u0131k, e\u015fi\u011fi belirsiz.<\/p>\n\n\n\n<p>Sergide, farkl\u0131 \u00f6l\u00e7ekteki pent\u00fcr \u00e7al\u0131\u015fmalar\u0131ndan desenlere, seramik vazolardan, mermer \u00e7al\u0131\u015fmalara kadar 30\u2019u a\u015fk\u0131n eser bulunuyor. Sanat\u00e7\u0131lar\u0131n eserleri&nbsp;<em>Gizli Bah\u00e7e<\/em>\u2019de birbirine de\u011fmeden ama ayn\u0131 topraktan beslenerek b\u00fcy\u00fcyor.&nbsp;<\/p>\n\n\n\n<p><em>\u201cGizli Bah\u00e7e\u201d<\/em>&nbsp;sergisi, &nbsp; 17 Kas\u0131m tarihine dek The Stay Boulevard Ni\u015fanta\u015f\u0131\u2019n\u0131n 1. kat\u0131ndaki galeri alan\u0131nda g\u00f6r\u00fclebilir.&nbsp;<\/p>\n","protected":false},"excerpt":{"rendered":"<p>\u0130stanbul\u2019da sanat\u0131n farkl\u0131 disiplinlerini bir araya getiren\u00a0The Stay Boulevard Ni\u015fanta\u015f\u0131, sonbahar\u0131, Otmar Uras ile hayata ge\u00e7irdi\u011fi yeni sergisi \u201cGizli Bah\u00e7e\u201d\u00a0ile kar\u015f\u0131l\u0131yor. Uluslararas\u0131 sanat\u00e7\u0131lar Esteban Fuentes&hellip;<\/p>\n","protected":false},"author":6,"featured_media":5289,"comment_status":"open","ping_status":"open","sticky":false,"template":"","format":"standard","meta":{"footnotes":""},"categories":[22],"tags":[],"class_list":["post-5288","post","type-post","status-publish","format-standard","has-post-thumbnail","hentry","category-kultursanat"],"_links":{"self":[{"href":"https:\/\/www.mallandmotto.com\/index.php\/wp-json\/wp\/v2\/posts\/5288","targetHints":{"allow":["GET"]}}],"collection":[{"href":"https:\/\/www.mallandmotto.com\/index.php\/wp-json\/wp\/v2\/posts"}],"about":[{"href":"https:\/\/www.mallandmotto.com\/index.php\/wp-json\/wp\/v2\/types\/post"}],"author":[{"embeddable":true,"href":"https:\/\/www.mallandmotto.com\/index.php\/wp-json\/wp\/v2\/users\/6"}],"replies":[{"embeddable":true,"href":"https:\/\/www.mallandmotto.com\/index.php\/wp-json\/wp\/v2\/comments?post=5288"}],"version-history":[{"count":1,"href":"https:\/\/www.mallandmotto.com\/index.php\/wp-json\/wp\/v2\/posts\/5288\/revisions"}],"predecessor-version":[{"id":5290,"href":"https:\/\/www.mallandmotto.com\/index.php\/wp-json\/wp\/v2\/posts\/5288\/revisions\/5290"}],"wp:featuredmedia":[{"embeddable":true,"href":"https:\/\/www.mallandmotto.com\/index.php\/wp-json\/wp\/v2\/media\/5289"}],"wp:attachment":[{"href":"https:\/\/www.mallandmotto.com\/index.php\/wp-json\/wp\/v2\/media?parent=5288"}],"wp:term":[{"taxonomy":"category","embeddable":true,"href":"https:\/\/www.mallandmotto.com\/index.php\/wp-json\/wp\/v2\/categories?post=5288"},{"taxonomy":"post_tag","embeddable":true,"href":"https:\/\/www.mallandmotto.com\/index.php\/wp-json\/wp\/v2\/tags?post=5288"}],"curies":[{"name":"wp","href":"https:\/\/api.w.org\/{rel}","templated":true}]}}