{"id":5408,"date":"2025-09-19T07:24:46","date_gmt":"2025-09-19T07:24:46","guid":{"rendered":"https:\/\/www.mallandmotto.com\/?p=5408"},"modified":"2025-09-21T13:05:20","modified_gmt":"2025-09-21T13:05:20","slug":"01-burda-avm-32-altin-koza-film-festivaline-ev-sahipligi-yapiyor","status":"publish","type":"post","link":"https:\/\/www.mallandmotto.com\/index.php\/2025\/09\/19\/01-burda-avm-32-altin-koza-film-festivaline-ev-sahipligi-yapiyor\/","title":{"rendered":"01 Burda AVM, 32. Alt\u0131n Koza Film Festivali\u2019ne Ev Sahipli\u011fi Yap\u0131yor"},"content":{"rendered":"\n<h3 class=\"wp-block-heading\"><strong>01 Burda AVM, sinema tutkunlar\u0131n\u0131 22-28 Eyl\u00fcl 2025 tarihleri aras\u0131nda ger\u00e7ekle\u015ftirilecek 32. Uluslararas\u0131 Adana Alt\u0131n Koza Film Festivali kapsam\u0131nda sanat dolu festival atmosferine davet ediyor.\u00a0<\/strong><\/h3>\n\n\n\n<p>Festivalde g\u00f6sterimde olacak birbirinden de\u011ferli filmler, CinemaPink by Maximum salonlar\u0131nda \u00fccretsiz olarak izlenebilecek. 01 Burda AVM, film g\u00f6sterimlerinin yan\u0131 s\u0131ra festival kapsam\u0131nda planlanan sergi, s\u00f6yle\u015fi gibi her ya\u015ftan ziyaret\u00e7inin ilgisini \u00e7ekecek birbirinden farkl\u0131 organizasyonlara da ev sahipli\u011fi yapacak. Festival filmleri program\u0131na&nbsp;<a href=\"https:\/\/altinkozaff.org.tr\/\">https:\/\/altinkozaff.org.tr\/<\/a>&nbsp;linkinden ula\u015f\u0131labiliyor.<\/p>\n\n\n\n<p>Festivalin heyecanla beklenen Ulusal Uzun Metraj Film Yar\u0131\u015fmas\u0131\u2019n\u0131n j\u00fcrisi; T\u00fcrk sinemas\u0131n\u0131n&nbsp; en \u00f6nemli auteur y\u00f6netmenlerinden&nbsp;\u00dcmit \u00dcnal\u2019\u0131n ba\u015fkanl\u0131\u011f\u0131nda, oyuncu Bel\u00e7im Bilgin, oyuncu ve yazar Berkay Ate\u015f, g\u00f6r\u00fcnt\u00fc y\u00f6netmeni ve yap\u0131mc\u0131 Deniz Ey\u00fcbo\u011flu, m\u00fczisyen Ekin Fil, y\u00f6netmen-yazar-karikat\u00fcrist ve senarist Gani M\u00fcjde&nbsp;ve sinema yazar\u0131-akademisyen Janet Bar\u0131\u015f\u2019tan olu\u015fuyor. Ulusal Uzun Metraj Film Yar\u0131\u015fmas\u0131 kapsam\u0131nda 4 d\u00fcnya pr\u00f6miyeri olmak \u00fczere 10 film j\u00fcri \u00f6n\u00fcne \u00e7\u0131kacak.<\/p>\n\n\n\n<p>Festivalin Ulusal Belgesel Film Yar\u0131\u015fmas\u0131 kategorisinde bu y\u0131l 7\u2019si d\u00fcnya pr\u00f6miyeri olmak \u00fczere toplam 10 film yar\u0131\u015facak. Uluslararas\u0131 K\u0131sa Film Yar\u0131\u015fmas\u0131, Ulusal K\u0131sa Film Yar\u0131\u015fmas\u0131 ve Ulusal \u00d6\u011frenci K\u0131sa Film Yar\u0131\u015fmas\u0131 olmak \u00fczere \u00fc\u00e7 farkl\u0131 yar\u0131\u015fmada toplam 40 k\u0131sa film \u00f6d\u00fcl i\u00e7in rekabet edecek. Edebiyat Uyarlamas\u0131 Uzun Metraj Senaryo Yar\u0131\u015fmas\u0131\u2019nda ise 5 senaryo j\u00fcri kar\u015f\u0131s\u0131na \u00e7\u0131kacak.<\/p>\n\n\n\n<p><strong>Festivalde \u00e7ocuklara \u00f6zel film se\u00e7kisi<\/strong><\/p>\n\n\n\n<p>Festival kapsam\u0131nda minik izleyiciler i\u00e7in \u201cKovboy \u00c7ocuklar\u201d, \u201cOrman\u0131n S\u00fcper Kahraman\u0131\u201d, \u201cElli\u2019nin Canavar Tak\u0131m\u0131\u201d, \u201cN\u0130KO: Kuzey I\u015f\u0131klar\u0131n\u0131n \u00d6tesinde\u201d, \u201cS\u00fcper Ajan Bernard: G\u00f6rev Mars\u201d ve \u201cVol-\u0130\u201d isimli \u00e7ocuk filmleri \u00fccretsiz olarak g\u00f6sterilecek. \u00c7ocuk filmleri ve belgeseller d\u0131\u015f\u0131ndaki t\u00fcm festival filmleri i\u00e7in +18 ya\u015f s\u0131n\u0131r\u0131 uygulanacak.<\/p>\n\n\n\n<p><strong>32. Alt\u0131n Koza\u2019da Onur ve Emek \u00d6d\u00fclleri<\/strong><\/p>\n\n\n\n<p>32. Uluslararas\u0131 Adana Alt\u0131n Koza Film Festivali\u2019nin Onur \u00d6d\u00fclleri, T\u00fcrk sinemas\u0131nda g\u00fc\u00e7l\u00fc kad\u0131n karakterleriyle ak\u0131llarda yer edinen Meral Orhonsay ile beyazperdeden televizyona uzanan kariyerinde sergiledi\u011fi etkileyici oyunculu\u011fu ve duru\u015fuyla geni\u015f bir izleyici kitlesinin takdirini kazanan Mehmet Aslantu\u011f\u2019a verilecek. Festivalin Orhan Kemal\u2019in an\u0131s\u0131n\u0131 ya\u015fatmak ad\u0131na verilen Emek \u00d6d\u00fclleri ise bu y\u0131l; y\u00f6netmen ve yap\u0131mc\u0131 Biket \u0130lhan, oyuncu Mahmut Cevher ve y\u00f6netmen Ya\u015far Seriner\u2019e sunulacak.<\/p>\n\n\n\n<p><strong><u>Ulusal Uzun Metraj Film kategorisinde yar\u0131\u015facak filmler:<\/u><\/strong><\/p>\n\n\n\n<p>\u201cAnnemin Solgun \u00c7i\u00e7ekleri\u201d \u2013 Y\u00f6netmen: Ali Cabbar<\/p>\n\n\n\n<p>\u201cBuraday\u0131m, \u0130yiyim\u201d \u2013 Y\u00f6netmen: Emine Emel Balc\u0131<\/p>\n\n\n\n<p>\u201cG\u00fcnd\u00fcz Apollon Gece Athena\u201d \u2013 Y\u00f6netmen: Emine Y\u0131ld\u0131r\u0131m<\/p>\n\n\n\n<p>\u201cCinema Jazireh\u201d&nbsp;\u2013 Y\u00f6netmen: G\u00f6zde Kural<\/p>\n\n\n\n<p>\u201cAlgoritma&#8217;ya Biat Et\u201d \u2013 Y\u00f6netmen: Hakk\u0131 Kurtulu\u015f&nbsp;ile&nbsp;Melik Sara\u00e7o\u011flu<\/p>\n\n\n\n<p>\u201cO Da Bir \u015eey Mi\u201d \u2013 Y\u00f6netmen: Pelin Esmer<\/p>\n\n\n\n<p>\u201cEv\u201d \u2013 Y\u00f6netmen: Orhan Eskik\u00f6y<\/p>\n\n\n\n<p>\u201cPerde\u201d \u2013 Y\u00f6netmen: \u00d6zkan \u00c7elik<\/p>\n\n\n\n<p>\u201cU\u00e7an K\u00f6fteci\u201d&nbsp;\u2013 Y\u00f6netmen: Rezan Ye\u015filba\u015f&nbsp;<\/p>\n\n\n\n<p>\u201c\u0130dea\u201d&nbsp;\u2013 Y\u00f6netmen: Tayfun Pirselimo\u011flu<\/p>\n\n\n\n<p><strong><u>Ulusal Belgesel Film kategorisinde yar\u0131\u015facak filmler:<\/u><\/strong><\/p>\n\n\n\n<p>\u201cH\u00fcmanist Bir Deha, Gazi Ya\u015fargil\u201d \u2013 Y\u00f6netmen: At\u0131l \u0130na\u00e7<\/p>\n\n\n\n<p>\u201cKarde\u015f T\u00fcrk\u00fcler ile 30 Y\u0131l\u201d &#8211; Y\u00f6netmen: Ay\u015fe \u00c7etinba\u015f ile \u00c7ayan Demirel<\/p>\n\n\n\n<p>\u201cD\u00f6ng\u00fc\u201d \u2013 Y\u00f6netmen: Bulut Renas Ka\u00e7an<\/p>\n\n\n\n<p>\u201cAraf\u201d \u2013 Y\u00f6netmen: Burcu \u00d6zkaya G\u00fcnayd\u0131n<\/p>\n\n\n\n<p>\u201cDedemin Evi\u201d \u2013 Y\u00f6netmen: G\u00fclten Taran\u00e7 ile Rag\u0131p Taran\u00e7<\/p>\n\n\n\n<p>\u201cNikita \u2018Tanr\u0131\u00e7an\u0131n \u00d6l\u00fcm\u00fc\u2019\u201d \u2013 Y\u00f6netmen: \u0130brahim \u0130zol<\/p>\n\n\n\n<p>\u201cManguel\u2019in T\u00fcrkiye Yolculu\u011fu: Tanp\u0131nar\u2019\u0131n \u0130zinde\u201d \u2013 Y\u00f6netmen: Melik K\u00fclekci<\/p>\n\n\n\n<p>\u201cKarne\u201d \u2013 Y\u00f6netmen: Murat Can Bilgincan<\/p>\n\n\n\n<p>\u201cMuzaffer\u201d \u2013 Y\u00f6netmen: \u00d6mer Faruk \u00c7etin<\/p>\n\n\n\n<p>\u201cEskisi Gibi\u201d \u2013 Y\u00f6netmen: Sibel Karakurt<\/p>\n","protected":false},"excerpt":{"rendered":"<p>01 Burda AVM, sinema tutkunlar\u0131n\u0131 22-28 Eyl\u00fcl 2025 tarihleri aras\u0131nda ger\u00e7ekle\u015ftirilecek 32. Uluslararas\u0131 Adana Alt\u0131n Koza Film Festivali kapsam\u0131nda sanat dolu festival atmosferine davet ediyor.\u00a0&hellip;<\/p>\n","protected":false},"author":6,"featured_media":5409,"comment_status":"open","ping_status":"open","sticky":false,"template":"","format":"standard","meta":{"footnotes":""},"categories":[11,15,22],"tags":[],"class_list":["post-5408","post","type-post","status-publish","format-standard","has-post-thumbnail","hentry","category-avm","category-gundem","category-kultursanat"],"_links":{"self":[{"href":"https:\/\/www.mallandmotto.com\/index.php\/wp-json\/wp\/v2\/posts\/5408","targetHints":{"allow":["GET"]}}],"collection":[{"href":"https:\/\/www.mallandmotto.com\/index.php\/wp-json\/wp\/v2\/posts"}],"about":[{"href":"https:\/\/www.mallandmotto.com\/index.php\/wp-json\/wp\/v2\/types\/post"}],"author":[{"embeddable":true,"href":"https:\/\/www.mallandmotto.com\/index.php\/wp-json\/wp\/v2\/users\/6"}],"replies":[{"embeddable":true,"href":"https:\/\/www.mallandmotto.com\/index.php\/wp-json\/wp\/v2\/comments?post=5408"}],"version-history":[{"count":1,"href":"https:\/\/www.mallandmotto.com\/index.php\/wp-json\/wp\/v2\/posts\/5408\/revisions"}],"predecessor-version":[{"id":5410,"href":"https:\/\/www.mallandmotto.com\/index.php\/wp-json\/wp\/v2\/posts\/5408\/revisions\/5410"}],"wp:featuredmedia":[{"embeddable":true,"href":"https:\/\/www.mallandmotto.com\/index.php\/wp-json\/wp\/v2\/media\/5409"}],"wp:attachment":[{"href":"https:\/\/www.mallandmotto.com\/index.php\/wp-json\/wp\/v2\/media?parent=5408"}],"wp:term":[{"taxonomy":"category","embeddable":true,"href":"https:\/\/www.mallandmotto.com\/index.php\/wp-json\/wp\/v2\/categories?post=5408"},{"taxonomy":"post_tag","embeddable":true,"href":"https:\/\/www.mallandmotto.com\/index.php\/wp-json\/wp\/v2\/tags?post=5408"}],"curies":[{"name":"wp","href":"https:\/\/api.w.org\/{rel}","templated":true}]}}