{"id":5415,"date":"2025-09-19T07:33:48","date_gmt":"2025-09-19T07:33:48","guid":{"rendered":"https:\/\/www.mallandmotto.com\/?p=5415"},"modified":"2025-09-19T07:33:49","modified_gmt":"2025-09-19T07:33:49","slug":"is-bankasi-resim-heykel-muzesinde-yan-yana-sergisiyle-bulusuyor","status":"publish","type":"post","link":"https:\/\/www.mallandmotto.com\/index.php\/2025\/09\/19\/is-bankasi-resim-heykel-muzesinde-yan-yana-sergisiyle-bulusuyor\/","title":{"rendered":"\u0130\u015f Bankas\u0131 Resim Heykel M\u00fczesi\u2019nde \u201cYan Yana\u201d Sergisiyle Bulu\u015fuyor"},"content":{"rendered":"\n<h3 class=\"wp-block-heading\"><strong>T\u00fcrkiye \u0130\u015f Bankas\u0131 Resim Heykel M\u00fczesi\u2019nin \u201cYan Yana\u201d ba\u015fl\u0131kl\u0131 yeni s\u00fcreli sergisi sanat d\u00fcnyam\u0131zdan iki \u00f6nemli \u00e7iftin, Melahat ve E\u015fref \u00dcren ile Eren ve Bedri Rahmi Ey\u00fcbo\u011flu\u2019nun eserlerini bir araya getiriyor.<\/strong><\/h3>\n\n\n\n<p>T\u00fcrkiye \u0130\u015f Bankas\u0131 Resim Heykel M\u00fczesi,&nbsp;<strong>\u201cYan Yana\u201d<\/strong>&nbsp;ba\u015fl\u0131kl\u0131 yeni s\u00fcreli sergisinin kap\u0131lar\u0131n\u0131 20 Eyl\u00fcl Cumartesi g\u00fcn\u00fc ziyarete a\u00e7\u0131yor. &nbsp;<\/p>\n\n\n\n<p>M\u00fczenin iki kat\u0131na yay\u0131lan sergide, sanat\u00e7\u0131lar\u0131n<strong>&nbsp;<\/strong>T\u00fcrkiye \u0130\u015f Bankas\u0131 Sanat Eserleri Koleksiyonu\u2019ndaki eserleri ile \u00f6zel koleksiyonlardan derlenen eserleri farkl\u0131 temalar etraf\u0131nda bir araya geliyor. Resimlerin yan\u0131 s\u0131ra, mektuplar, karikat\u00fcrler, \u015fiirler, eskizler ve belgeler de sergiye e\u015flik ederek izleyicilere zengin ve katmanl\u0131 bir anlat\u0131m sunuyor. M\u00fczenin \u00fc\u00e7\u00fcnc\u00fc kat\u0131nda&nbsp;<strong>Melahat ve E\u015fref \u00dcren<\/strong>\u2019in eserleri&nbsp;<strong>Dr. \u00d6\u011fr. \u00dcyesi Ali Kayaalp<\/strong>\u2019in k\u00fcrat\u00f6rl\u00fc\u011f\u00fcnde, ikinci kat\u0131nda ise&nbsp;<strong>Eren ve Bedri Rahmi Ey\u00fcbo\u011flu<\/strong>\u2019nun eserleri&nbsp;<strong>\u00d6mer Faruk \u015eerifo\u011flu<\/strong>\u2019nun k\u00fcrat\u00f6rl\u00fc\u011f\u00fcnde sanatseverlerle bulu\u015fuyor.<\/p>\n\n\n\n<p><strong>\u00c7ok Sesli Bir Tarih Anlat\u0131s\u0131<\/strong><\/p>\n\n\n\n<p>\u201cYan Yana\u201d sergisi yaln\u0131zca iki sanat\u00e7\u0131 \u00e7iftin ya\u015fam\u0131n\u0131 ve \u00fcretimini aktarmakla kalm\u0131yor; ayn\u0131 zamanda her bir sanat\u00e7\u0131n\u0131n birbirinden farkl\u0131, ancak kesi\u015fen sanat yolculuklar\u0131n\u0131 da izleyiciye ta\u015f\u0131yor. Eren Ey\u00fcbo\u011flu ile Melahat \u00dcren\u2019in kendilerine \u00f6zg\u00fc duyarl\u0131l\u0131klar\u0131, Bedri Rahmi Ey\u00fcbo\u011flu ile E\u015fref \u00dcren\u2019in anlat\u0131mlar\u0131yla bir araya geldi\u011finde, ortaya yaln\u0131zca bir \u00e7iftler hik\u00e2yesi de\u011fil, \u00e7ok sesli bir sanat tarihi anlat\u0131s\u0131 \u00e7\u0131k\u0131yor. \u0130zleyiciyi hem sanat\u00e7\u0131 \u00e7iftlerin ortak ya\u015fam\u0131na hem de d\u00f6rt ayr\u0131 sanat\u00e7\u0131n\u0131n i\u00e7 d\u00fcnyas\u0131na davet eden sergi,<strong>&nbsp;<\/strong>\u201cyan yana\u201d olman\u0131n; birlikte \u00fcretmek, birbirinden beslenmek ve bazen de \u00e7e\u015fitli nedenlerle g\u00f6r\u00fcnmez olan eme\u011fi yeniden hat\u0131rlamak gibi farkl\u0131 anlamlar\u0131 \u00fczerine d\u00fc\u015f\u00fcnd\u00fcr\u00fcyor.<\/p>\n\n\n\n<p><strong>\u201cYan Yana sizi bekliyor\u201d<\/strong><\/p>\n\n\n\n<p><strong>\u0130\u015f Sanat Genel M\u00fcd\u00fcr\u00fc Zuhal \u00dcreten<\/strong>, T\u00fcrkiye \u0130\u015f Bankas\u0131 Resim Heykel M\u00fczesi\u2019nin 3. ya\u015f\u0131n\u0131 yeni s\u00fcreli sergisi ile kutlayaca\u011f\u0131n\u0131 belirterek, s\u00fcreli sergilerin koleksiyonu farkl\u0131 bak\u0131\u015f a\u00e7\u0131lar\u0131 ve temalar ile yeniden ele alma ve ba\u015fka koleksiyonlarla i\u015fbirli\u011fi imk\u00e2n\u0131 sa\u011flad\u0131\u011f\u0131n\u0131 dile getirdi ve s\u00f6zlerini \u015f\u00f6yle s\u00fcrd\u00fcrd\u00fc: \u201cM\u00fczemizin ilk s\u00fcreli sergisi \u2018\u0130stanbul\u2019un Resmi\u2019 Antalya\u2019da, ge\u00e7en y\u0131l\u0131n sergisi \u2018Tat ve Sanat\u2019 Ankara\u2019da sanatseverlerle bulu\u015furken, \u2018Yan Yana\u2019 ba\u015fl\u0131kl\u0131 yeni sergimiz de \u0130stanbul\u2019da ziyarete a\u00e7\u0131l\u0131yor. \u0130\u015f Bankas\u0131 Sanat Eserleri Koleksiyonu\u2019ndan se\u00e7ilen eserlerin yan\u0131 s\u0131ra Ey\u00fcbo\u011flu Ailesi ile \u0130mren Er\u015fen koleksiyonlar\u0131n\u0131n c\u00f6mert i\u015fbirli\u011fiyle sergi se\u00e7kilerini haz\u0131rlayan&nbsp;<strong>Dr. \u00d6\u011fr. \u00dcyesi Ali Kayaalp&nbsp;<\/strong>ile<strong>&nbsp;\u00d6mer Faruk \u015eerifo\u011flu,&nbsp;<\/strong>serginin ve \u00f6n\u00fcm\u00fczdeki aylarda yay\u0131nlanacak sergi kitab\u0131n\u0131n tasar\u0131m\u0131nda<strong>&nbsp;Timu\u00e7in Unan&nbsp;<\/strong>ile birlikte \u00e7al\u0131\u015ft\u0131. Ba\u015fta Resim Heykel M\u00fczemizin \u00e7al\u0131\u015fkan ekibi olmak \u00fczere, sergimize eme\u011fi ge\u00e7en herkese te\u015fekk\u00fcrlerimi sunuyorum.&nbsp;<\/p>\n\n\n\n<p>\u201cMelahat ve E\u015fref \u00dcren ile Eren ve Bedri Rahmi Ey\u00fcbo\u011flu\u2019nun eserlerini \u2018g\u00fczellikleri ve zorluklar\u0131yla sanat\u0131 ve hayat\u0131 payla\u015fmak\u2019 parantezinde izleme imk\u00e2n\u0131 sunan bu iki paralel sergide, kad\u0131n sanat\u00e7\u0131lar\u0131n \u00fcretimine daha g\u00fc\u00e7l\u00fc bir odaklanma kendini hissettiriyor. Bu odaklanman\u0131n, sanatta ve hayatta kad\u0131n eme\u011finin yoluna \u0131\u015f\u0131k vermesini diliyorum.<\/p>\n\n\n\n<p>\u201cT\u00fcrkiye \u0130\u015f Bankas\u0131 Sanat Eserleri Koleksiyonu, F\u00fcreya Koral, Mihri Han\u0131m, Aliye Berger, Azade K\u00f6ker ve Semiha Berksoy gibi T\u00fcrk sanat\u0131n\u0131n \u00f6nemli kad\u0131n temsilcilerinin yak\u0131n zamanda eklenen eserleriyle zenginle\u015fmeye devam ediyor. Bu yap\u0131tlar da m\u00fczemizin kal\u0131c\u0131 sergisinde izlenebilir. T\u00fcm sanatseverleri bu de\u011ferli koleksiyonu ve sergilerimizi g\u00f6rmek, \u00f6\u011frenme programlar\u0131m\u0131za kat\u0131lmak \u00fczere Beyo\u011flu\u2019ndaki m\u00fczemize bekliyoruz.\u201d<\/p>\n\n\n\n<p><strong>Beraber ve Tek Ba\u015f\u0131na<\/strong><\/p>\n\n\n\n<p><strong>\u00dcren<\/strong>&nbsp;\u00e7iftinin m\u00fczenin \u00fc\u00e7\u00fcnc\u00fc kat\u0131ndaki sergisini haz\u0131rlayan&nbsp;<strong>Dr. \u00d6\u011fr. \u00dcyesi Ali Kayaalp<\/strong>, \u201cMelahat ve E\u015fref \u00dcren \u00e7iftinde yan yana olmak ama ayn\u0131 zamanda yaln\u0131z olmak aras\u0131ndaki ince dengeyi vurgulamaya \u00e7al\u0131\u015ft\u0131k,\u201d diyerek, s\u00f6zlerini \u015f\u00f6yle s\u00fcrd\u00fcrd\u00fc: \u201cE\u015fref \u00dcren\u2019in varl\u0131\u011f\u0131n\u0131 geri plana atmadan ancak Melahat \u00dcren\u2019e de e\u015fit alan a\u00e7maya gayret ederek, sanat\u00e7\u0131 bir \u00e7iftin ili\u015fkisindeki dinamikleri, gerilimleri, ahengi, ne\u015feyi ve k\u0131rg\u0131nl\u0131klar\u0131 sanatseverlere yans\u0131tmak istedik.\u201d<\/p>\n\n\n\n<p>M\u00fczenin ikinci kat\u0131ndaki&nbsp;<strong>Ey\u00fcbo\u011flu<\/strong>&nbsp;sergisini haz\u0131rlayan&nbsp;<strong>\u00d6mer Faruk \u015eerifo\u011flu<\/strong>&nbsp;da \u201cBedri Rahmi Ey\u00fcbo\u011flu, hayat\u0131 ve eserleriyle T\u00fcrk sanat\u0131n\u0131 evrensel boyuta ta\u015f\u0131m\u0131\u015f bir mite d\u00f6n\u00fc\u015ft\u00fc. Eren Ey\u00fcbo\u011flu ise evrensel d\u00fczeydeki sanat\u00e7\u0131 ki\u015fili\u011fi ve birikimiyle T\u00fcrk sanat ortam\u0131nda hakl\u0131 bir yer edindi. Sergide, yar\u0131m asr\u0131 a\u015fan sanat yolculuklar\u0131nda, folkloru, co\u011frafyas\u0131, k\u00fclt\u00fcrel zenginlikleri ile Anadolu p\u0131nar\u0131ndan beslenen sanat\u00e7\u0131 \u00e7iftin miras\u0131n\u0131 yan yana g\u00fc\u00e7l\u00fc bir bi\u00e7imde g\u00f6stermeye \u00e7al\u0131\u015ft\u0131k,\u201d dedi.<\/p>\n\n\n\n<p>10 Temmuz 2026 tarihine dek sanatseverleri a\u011f\u0131rlayacak olan \u201cYan Yana\u201d sergisi,&nbsp;<strong>\u0130stanbul K\u00fclt\u00fcr Yolu Festivali s\u00fcresince \u00fccretsiz<\/strong>&nbsp;ziyaret edilebilir. M\u00fcze, sal\u0131dan cumaya 10.00-19.00, cumartesi ve pazar g\u00fcnleri 12.00-19.00 saatleri aras\u0131nda a\u00e7\u0131kt\u0131r.<\/p>\n","protected":false},"excerpt":{"rendered":"<p>T\u00fcrkiye \u0130\u015f Bankas\u0131 Resim Heykel M\u00fczesi\u2019nin \u201cYan Yana\u201d ba\u015fl\u0131kl\u0131 yeni s\u00fcreli sergisi sanat d\u00fcnyam\u0131zdan iki \u00f6nemli \u00e7iftin, Melahat ve E\u015fref \u00dcren ile Eren ve Bedri&hellip;<\/p>\n","protected":false},"author":6,"featured_media":5416,"comment_status":"open","ping_status":"open","sticky":false,"template":"","format":"standard","meta":{"footnotes":""},"categories":[22],"tags":[],"class_list":["post-5415","post","type-post","status-publish","format-standard","has-post-thumbnail","hentry","category-kultursanat"],"_links":{"self":[{"href":"https:\/\/www.mallandmotto.com\/index.php\/wp-json\/wp\/v2\/posts\/5415","targetHints":{"allow":["GET"]}}],"collection":[{"href":"https:\/\/www.mallandmotto.com\/index.php\/wp-json\/wp\/v2\/posts"}],"about":[{"href":"https:\/\/www.mallandmotto.com\/index.php\/wp-json\/wp\/v2\/types\/post"}],"author":[{"embeddable":true,"href":"https:\/\/www.mallandmotto.com\/index.php\/wp-json\/wp\/v2\/users\/6"}],"replies":[{"embeddable":true,"href":"https:\/\/www.mallandmotto.com\/index.php\/wp-json\/wp\/v2\/comments?post=5415"}],"version-history":[{"count":1,"href":"https:\/\/www.mallandmotto.com\/index.php\/wp-json\/wp\/v2\/posts\/5415\/revisions"}],"predecessor-version":[{"id":5417,"href":"https:\/\/www.mallandmotto.com\/index.php\/wp-json\/wp\/v2\/posts\/5415\/revisions\/5417"}],"wp:featuredmedia":[{"embeddable":true,"href":"https:\/\/www.mallandmotto.com\/index.php\/wp-json\/wp\/v2\/media\/5416"}],"wp:attachment":[{"href":"https:\/\/www.mallandmotto.com\/index.php\/wp-json\/wp\/v2\/media?parent=5415"}],"wp:term":[{"taxonomy":"category","embeddable":true,"href":"https:\/\/www.mallandmotto.com\/index.php\/wp-json\/wp\/v2\/categories?post=5415"},{"taxonomy":"post_tag","embeddable":true,"href":"https:\/\/www.mallandmotto.com\/index.php\/wp-json\/wp\/v2\/tags?post=5415"}],"curies":[{"name":"wp","href":"https:\/\/api.w.org\/{rel}","templated":true}]}}