{"id":5518,"date":"2025-09-22T09:02:45","date_gmt":"2025-09-22T09:02:45","guid":{"rendered":"https:\/\/www.mallandmotto.com\/?p=5518"},"modified":"2025-09-22T09:02:46","modified_gmt":"2025-09-22T09:02:46","slug":"avmlerde-yeme-icme-mi-moda-mi-daha-cok-kazandiriyor","status":"publish","type":"post","link":"https:\/\/www.mallandmotto.com\/index.php\/2025\/09\/22\/avmlerde-yeme-icme-mi-moda-mi-daha-cok-kazandiriyor\/","title":{"rendered":"AVM\u2019lerde Yeme-\u0130\u00e7me mi, Moda m\u0131 Daha \u00c7ok Kazand\u0131r\u0131yor?"},"content":{"rendered":"\n<h3 class=\"wp-block-heading\">2024 verilerine g\u00f6re AVM ziyaret\u00e7ilerinin harcamalar\u0131nda yeme-i\u00e7me ve teknoloji \u00f6ne \u00e7\u0131karken, moda sekt\u00f6r\u00fc gerileme ya\u015f\u0131yor.<\/h3>\n\n\n\n<p>T\u00fcrkiye\u2019de al\u0131\u015fveri\u015f merkezleri (AVM), sadece al\u0131\u015fveri\u015f yap\u0131lan alanlar olmaktan \u00e7\u0131k\u0131p sosyal ya\u015fam\u0131n \u00f6nemli bir par\u00e7as\u0131na d\u00f6n\u00fc\u015f\u00fcyor. Son d\u00f6nemde yap\u0131lan sekt\u00f6r analizleri, ziyaret\u00e7ilerin harcama tercihlerinde belirgin bir kayma ya\u015fand\u0131\u011f\u0131n\u0131 g\u00f6steriyor. Geleneksel olarak en b\u00fcy\u00fck pay\u0131 alan giyim sekt\u00f6r\u00fc, yerini yeme-i\u00e7me ve teknoloji kategorilerine b\u0131rakmaya ba\u015flad\u0131.<\/p>\n\n\n\n<hr class=\"wp-block-separator has-alpha-channel-opacity\"\/>\n\n\n\n<h3 class=\"wp-block-heading\">Yeme-\u0130\u00e7me Sekt\u00f6r\u00fcn\u00fcn G\u00fc\u00e7l\u00fc Y\u00fckseli\u015fi<\/h3>\n\n\n\n<p>T\u00fcrkiye Al\u0131\u015fveri\u015f Merkezleri ve Perakendeciler Federasyonu (TAMPF) taraf\u0131ndan yay\u0131mlanan raporlara g\u00f6re, 2024 y\u0131l\u0131nda&nbsp;<strong>yeme-i\u00e7me sekt\u00f6r\u00fc, reel bazda en h\u0131zl\u0131 b\u00fcy\u00fcyen kategori<\/strong>&nbsp;oldu.<\/p>\n\n\n\n<p>Uzmanlara g\u00f6re bu y\u00fckseli\u015fin ba\u015fl\u0131ca nedenleri:<\/p>\n\n\n\n<ul class=\"wp-block-list\">\n<li><strong>AVM\u2019lerin sosyal merkezlere d\u00f6n\u00fc\u015fmesi:<\/strong>\u00a0T\u00fcketiciler al\u0131\u015fveri\u015ften \u00e7ok kafe, restoran ve sinemada vakit ge\u00e7iriyor.<\/li>\n\n\n\n<li><strong>S\u0131k ziyaret edilme:<\/strong>\u00a0Giyim al\u0131\u015fveri\u015fi belli d\u00f6nemlere yay\u0131l\u0131rken, yeme-i\u00e7me g\u00fcnl\u00fck ve haftal\u0131k harcama kategorisi.<\/li>\n<\/ul>\n\n\n\n<hr class=\"wp-block-separator has-alpha-channel-opacity\"\/>\n\n\n\n<h4 class=\"wp-block-heading\">Teknoloji Harcamalar\u0131nda Patlama<\/h4>\n\n\n\n<p>Y\u00fcksek enflasyon ve d\u00f6viz hareketleri, teknoloji \u00fcr\u00fcnlerinin fiyatlar\u0131n\u0131 art\u0131rsa da t\u00fcketici ilgisini azaltmad\u0131.<\/p>\n\n\n\n<p>NielsenIQ\u2019nun&nbsp;<em>T\u00fcketici E\u011filimleri Raporu<\/em>\u2019na g\u00f6re,&nbsp;<strong>teknoloji perakendecilerinin metrekare ba\u015f\u0131na verimlili\u011fi, genel perakende ortalamas\u0131n\u0131n \u00fczerinde<\/strong>. Ak\u0131ll\u0131 telefon, bilgisayar, tablet ve ak\u0131ll\u0131 ev cihazlar\u0131 en \u00e7ok tercih edilen \u00fcr\u00fcn gruplar\u0131 aras\u0131nda \u00f6ne \u00e7\u0131k\u0131yor.<\/p>\n\n\n\n<p><\/p>\n","protected":false},"excerpt":{"rendered":"<p>2024 verilerine g\u00f6re AVM ziyaret\u00e7ilerinin harcamalar\u0131nda yeme-i\u00e7me ve teknoloji \u00f6ne \u00e7\u0131karken, moda sekt\u00f6r\u00fc gerileme ya\u015f\u0131yor. T\u00fcrkiye\u2019de al\u0131\u015fveri\u015f merkezleri (AVM), sadece al\u0131\u015fveri\u015f yap\u0131lan alanlar olmaktan \u00e7\u0131k\u0131p&hellip;<\/p>\n","protected":false},"author":6,"featured_media":5519,"comment_status":"open","ping_status":"open","sticky":false,"template":"","format":"standard","meta":{"footnotes":""},"categories":[27],"tags":[],"class_list":["post-5518","post","type-post","status-publish","format-standard","has-post-thumbnail","hentry","category-mottoozel"],"_links":{"self":[{"href":"https:\/\/www.mallandmotto.com\/index.php\/wp-json\/wp\/v2\/posts\/5518","targetHints":{"allow":["GET"]}}],"collection":[{"href":"https:\/\/www.mallandmotto.com\/index.php\/wp-json\/wp\/v2\/posts"}],"about":[{"href":"https:\/\/www.mallandmotto.com\/index.php\/wp-json\/wp\/v2\/types\/post"}],"author":[{"embeddable":true,"href":"https:\/\/www.mallandmotto.com\/index.php\/wp-json\/wp\/v2\/users\/6"}],"replies":[{"embeddable":true,"href":"https:\/\/www.mallandmotto.com\/index.php\/wp-json\/wp\/v2\/comments?post=5518"}],"version-history":[{"count":1,"href":"https:\/\/www.mallandmotto.com\/index.php\/wp-json\/wp\/v2\/posts\/5518\/revisions"}],"predecessor-version":[{"id":5520,"href":"https:\/\/www.mallandmotto.com\/index.php\/wp-json\/wp\/v2\/posts\/5518\/revisions\/5520"}],"wp:featuredmedia":[{"embeddable":true,"href":"https:\/\/www.mallandmotto.com\/index.php\/wp-json\/wp\/v2\/media\/5519"}],"wp:attachment":[{"href":"https:\/\/www.mallandmotto.com\/index.php\/wp-json\/wp\/v2\/media?parent=5518"}],"wp:term":[{"taxonomy":"category","embeddable":true,"href":"https:\/\/www.mallandmotto.com\/index.php\/wp-json\/wp\/v2\/categories?post=5518"},{"taxonomy":"post_tag","embeddable":true,"href":"https:\/\/www.mallandmotto.com\/index.php\/wp-json\/wp\/v2\/tags?post=5518"}],"curies":[{"name":"wp","href":"https:\/\/api.w.org\/{rel}","templated":true}]}}